{"id":38280,"date":"2018-03-09T09:37:46","date_gmt":"2018-03-09T09:37:46","guid":{"rendered":"https:\/\/www.deberes.net\/tesis\/sin-categoria\/entre-el-modernismo-y-la-vanguardia-la-revista-cervantes-1916-1920\/"},"modified":"2018-03-09T09:37:46","modified_gmt":"2018-03-09T09:37:46","slug":"entre-el-modernismo-y-la-vanguardia-la-revista-cervantes-1916-1920","status":"publish","type":"post","link":"https:\/\/www.deberes.net\/tesis\/linguistica\/entre-el-modernismo-y-la-vanguardia-la-revista-cervantes-1916-1920\/","title":{"rendered":"Entre el modernismo y la vanguardia: la revista cervantes (1916-1920)."},"content":{"rendered":"<h2>Tesis doctoral de <strong> Emilio Quintana Pareja <\/strong><\/h2>\n<p>La revista \u00abhispanoamericana\u00bb cervantes (Madrid, 1916-1920) ocupa un lugar de privilegio en la encrucijada del modernismo y la vanguardia ya que acoge entre sus p\u00e1ginas las \u00faltimas manifestaciones de un modernismo epigonal al tiempo que se abre a los primeros balbuceos de la vanguardia. El trabajo consiste en el vaciado y an\u00e1lisis completo de la revista (47 n\u00fameros entre agosto de 1916 y diciembre de 1920). Consta de una introducci\u00f3n, un \u00edndice por n\u00fameros y un \u00edndice por autores. En la introducci\u00f3n se perfila su historia exterior (etapas, cambios de direcci\u00f3n, colecciones paralelas de libros&#8230;). En el \u00edndice por n\u00fameros se recogen exhaustivamente todas las colaboraciones de la revista.  finalmente, en el \u00edndice por autores se identifica a cada colaborador y se comenta su aportaci\u00f3n, incidiendo en la dimensi\u00f3n interpretativa de los textos. Se pretende un acercamiento global a cervantes, no reducido a su faceta \u00abultraista\u00bb. De modo que se estudian con especial cuidado las orientaciones tem\u00e1ticas m\u00e1s importantes:  hispanoamericanismo, sionismo, cervantismo, cr\u00edtica de arte, pol\u00edtica, gran guerra, m\u00fasica, teatro y literaturas extranjeras (francesa, inglesa, italiana, alemana y portuguesa).<\/p>\n<p>&nbsp;<\/p>\n<h3>Datos acad\u00e9micos de la tesis doctoral \u00ab<strong>Entre el modernismo y la vanguardia: la revista cervantes (1916-1920).<\/strong>\u00ab<\/h3>\n<ul>\n<li><strong>T\u00edtulo de la tesis:<\/strong>\u00a0 Entre el modernismo y la vanguardia: la revista cervantes (1916-1920). <\/li>\n<li><strong>Autor:<\/strong>\u00a0 Emilio Quintana Pareja <\/li>\n<li><strong>Universidad:<\/strong>\u00a0 Granada<\/li>\n<li><strong>Fecha de lectura de la tesis:<\/strong>\u00a0 18\/06\/1998<\/li>\n<\/ul>\n<p>&nbsp;<\/p>\n<h3>Direcci\u00f3n y tribunal<\/h3>\n<ul>\n<li><strong>Director de la tesis<\/strong>\n<ul>\n<li>Andres Soria Olmedo<\/li>\n<\/ul>\n<\/li>\n<li><strong>Tribunal<\/strong>\n<ul>\n<li>Presidente del tribunal: jos\u00e9-carlos Mainer baqu\u00e9 <\/li>\n<li>Jos\u00e9 Luis Bernal salgado (vocal)<\/li>\n<li>vicente Sabido rivero (vocal)<\/li>\n<li>sultana Wahn\u00f3n bensusan (vocal)<\/li>\n<\/ul>\n<\/li>\n<\/ul>\n<p>&nbsp;<\/p>\n","protected":false},"excerpt":{"rendered":"<p>Tesis doctoral de Emilio Quintana Pareja La revista \u00abhispanoamericana\u00bb cervantes (Madrid, 1916-1920) ocupa un lugar de privilegio en la encrucijada [&hellip;]<\/p>\n","protected":false},"author":1,"featured_media":0,"comment_status":"open","ping_status":"open","sticky":false,"template":"","format":"standard","meta":{"site-sidebar-layout":"default","site-content-layout":"","ast-site-content-layout":"","site-content-style":"default","site-sidebar-style":"default","ast-global-header-display":"","ast-banner-title-visibility":"","ast-main-header-display":"","ast-hfb-above-header-display":"","ast-hfb-below-header-display":"","ast-hfb-mobile-header-display":"","site-post-title":"","ast-breadcrumbs-content":"","ast-featured-img":"","footer-sml-layout":"","theme-transparent-header-meta":"","adv-header-id-meta":"","stick-header-meta":"","header-above-stick-meta":"","header-main-stick-meta":"","header-below-stick-meta":"","astra-migrate-meta-layouts":"default","ast-page-background-enabled":"default","ast-page-background-meta":{"desktop":{"background-color":"var(--ast-global-color-4)","background-image":"","background-repeat":"repeat","background-position":"center center","background-size":"auto","background-attachment":"scroll","background-type":"","background-media":"","overlay-type":"","overlay-color":"","overlay-gradient":""},"tablet":{"background-color":"","background-image":"","background-repeat":"repeat","background-position":"center center","background-size":"auto","background-attachment":"scroll","background-type":"","background-media":"","overlay-type":"","overlay-color":"","overlay-gradient":""},"mobile":{"background-color":"","background-image":"","background-repeat":"repeat","background-position":"center center","background-size":"auto","background-attachment":"scroll","background-type":"","background-media":"","overlay-type":"","overlay-color":"","overlay-gradient":""}},"ast-content-background-meta":{"desktop":{"background-color":"var(--ast-global-color-5)","background-image":"","background-repeat":"repeat","background-position":"center center","background-size":"auto","background-attachment":"scroll","background-type":"","background-media":"","overlay-type":"","overlay-color":"","overlay-gradient":""},"tablet":{"background-color":"var(--ast-global-color-5)","background-image":"","background-repeat":"repeat","background-position":"center center","background-size":"auto","background-attachment":"scroll","background-type":"","background-media":"","overlay-type":"","overlay-color":"","overlay-gradient":""},"mobile":{"background-color":"var(--ast-global-color-5)","background-image":"","background-repeat":"repeat","background-position":"center center","background-size":"auto","background-attachment":"scroll","background-type":"","background-media":"","overlay-type":"","overlay-color":"","overlay-gradient":""}},"footnotes":""},"categories":[59,423],"tags":[3571,99571,33437,5033,22295,99572],"class_list":["post-38280","post","type-post","status-publish","format-standard","hentry","category-linguistica","category-linguistica-diacronica","tag-andres-soria-olmedo","tag-emilio-quintana-pareja","tag-jose-luis-bernal-salgado","tag-jose-carlos-mainer-baque","tag-sultana-wahnon-bensusan","tag-vicente-sabido-rivero"],"_links":{"self":[{"href":"https:\/\/www.deberes.net\/tesis\/wp-json\/wp\/v2\/posts\/38280","targetHints":{"allow":["GET"]}}],"collection":[{"href":"https:\/\/www.deberes.net\/tesis\/wp-json\/wp\/v2\/posts"}],"about":[{"href":"https:\/\/www.deberes.net\/tesis\/wp-json\/wp\/v2\/types\/post"}],"author":[{"embeddable":true,"href":"https:\/\/www.deberes.net\/tesis\/wp-json\/wp\/v2\/users\/1"}],"replies":[{"embeddable":true,"href":"https:\/\/www.deberes.net\/tesis\/wp-json\/wp\/v2\/comments?post=38280"}],"version-history":[{"count":0,"href":"https:\/\/www.deberes.net\/tesis\/wp-json\/wp\/v2\/posts\/38280\/revisions"}],"wp:attachment":[{"href":"https:\/\/www.deberes.net\/tesis\/wp-json\/wp\/v2\/media?parent=38280"}],"wp:term":[{"taxonomy":"category","embeddable":true,"href":"https:\/\/www.deberes.net\/tesis\/wp-json\/wp\/v2\/categories?post=38280"},{"taxonomy":"post_tag","embeddable":true,"href":"https:\/\/www.deberes.net\/tesis\/wp-json\/wp\/v2\/tags?post=38280"}],"curies":[{"name":"wp","href":"https:\/\/api.w.org\/{rel}","templated":true}]}}