{"id":38307,"date":"2018-03-09T09:37:49","date_gmt":"2018-03-09T09:37:49","guid":{"rendered":"https:\/\/www.deberes.net\/tesis\/sin-categoria\/el-ministerio-fiscal-en-espana\/"},"modified":"2018-03-09T09:37:49","modified_gmt":"2018-03-09T09:37:49","slug":"el-ministerio-fiscal-en-espana","status":"publish","type":"post","link":"https:\/\/www.deberes.net\/tesis\/ciencias-juridicas-y-derecho\/el-ministerio-fiscal-en-espana\/","title":{"rendered":"El ministerio fiscal en espa\u00f1a"},"content":{"rendered":"<h2>Tesis doctoral de <strong> Ignacio Flores Prada <\/strong><\/h2>\n<p>Se realiza un estudio en profundiad del ministerio fiscal de espa\u00f1a. para ello se estructura en tres grandes partes.  se estudio el ministerio fiscal y defensa p\u00fablica de la legalidad en el derecho historico espa\u00f1ol, adem\u00e1s del estado de derecho.  m\u00e1s tarde se aborda la posici\u00f3n constitucional del ministerio fiscal. para ello se hace incapie en la elaboraci\u00f3n del art\u00edculo 124 de la constituci\u00f3n y los trabajo parlamentarios adem\u00e1s del desarrollo legislativo de dicho art\u00edculo, las principales posiciones doctrinales y una aproximaci\u00f3n a la naturaleza jur\u00eddica del ministerio fiscal a partir de la corstituci\u00f3n de 1978.  finalmente, se estudian tres aspectos fundamentales para un an\u00e1lisis completo del moderno ministerio fiscal espa\u00f1ol: su estructura org\u00e1nica, sus funciones y los principales de organizaci\u00f3n y actuaci\u00f3n.  como conclusi\u00f3n principal podemos destacar la relaci\u00f3n de subordinaci\u00f3n del ministerio fiscal respecto del poder ejecutivo mientras que desde el plano interno tampoco suponen una ovediencia ciega e incondicionada a las \u00f3rdenes del superior jer\u00e1rquico. Por \u00faltimo, y a\u00fan no siendo \u00f3rganos del ministerio fiscal, las juntas de fiscal\u00eda constituyen instancias de colaboraci\u00f3n y reflexi\u00f3n en cada uno de los \u00f3rganos del ministerio fiscal.  contiene una extensa bibliograf\u00eda.<\/p>\n<p>&nbsp;<\/p>\n<h3>Datos acad\u00e9micos de la tesis doctoral \u00ab<strong>El ministerio fiscal en espa\u00f1a<\/strong>\u00ab<\/h3>\n<ul>\n<li><strong>T\u00edtulo de la tesis:<\/strong>\u00a0 El ministerio fiscal en espa\u00f1a <\/li>\n<li><strong>Autor:<\/strong>\u00a0 Ignacio Flores Prada <\/li>\n<li><strong>Universidad:<\/strong>\u00a0 Carlos III de Madrid<\/li>\n<li><strong>Fecha de lectura de la tesis:<\/strong>\u00a0 22\/06\/1998<\/li>\n<\/ul>\n<p>&nbsp;<\/p>\n<h3>Direcci\u00f3n y tribunal<\/h3>\n<ul>\n<li><strong>Director de la tesis<\/strong>\n<ul>\n<li>Victor Moreno Catena<\/li>\n<\/ul>\n<\/li>\n<li><strong>Tribunal<\/strong>\n<ul>\n<li>Presidente del tribunal: gregorio Peces barba mart\u00ednez <\/li>\n<li>vicente Gimeno sendra (vocal)<\/li>\n<li> Gonz\u00e1lez montes Jos\u00e9 Luis (vocal)<\/li>\n<li>valentin Cortes dominguez (vocal)<\/li>\n<\/ul>\n<\/li>\n<\/ul>\n<p>&nbsp;<\/p>\n","protected":false},"excerpt":{"rendered":"<p>Tesis doctoral de Ignacio Flores Prada Se realiza un estudio en profundiad del ministerio fiscal de espa\u00f1a. para ello se [&hellip;]<\/p>\n","protected":false},"author":1,"featured_media":0,"comment_status":"open","ping_status":"open","sticky":false,"template":"","format":"standard","meta":{"site-sidebar-layout":"default","site-content-layout":"","ast-site-content-layout":"","site-content-style":"default","site-sidebar-style":"default","ast-global-header-display":"","ast-banner-title-visibility":"","ast-main-header-display":"","ast-hfb-above-header-display":"","ast-hfb-below-header-display":"","ast-hfb-mobile-header-display":"","site-post-title":"","ast-breadcrumbs-content":"","ast-featured-img":"","footer-sml-layout":"","theme-transparent-header-meta":"","adv-header-id-meta":"","stick-header-meta":"","header-above-stick-meta":"","header-main-stick-meta":"","header-below-stick-meta":"","astra-migrate-meta-layouts":"default","ast-page-background-enabled":"default","ast-page-background-meta":{"desktop":{"background-color":"var(--ast-global-color-4)","background-image":"","background-repeat":"repeat","background-position":"center center","background-size":"auto","background-attachment":"scroll","background-type":"","background-media":"","overlay-type":"","overlay-color":"","overlay-gradient":""},"tablet":{"background-color":"","background-image":"","background-repeat":"repeat","background-position":"center center","background-size":"auto","background-attachment":"scroll","background-type":"","background-media":"","overlay-type":"","overlay-color":"","overlay-gradient":""},"mobile":{"background-color":"","background-image":"","background-repeat":"repeat","background-position":"center center","background-size":"auto","background-attachment":"scroll","background-type":"","background-media":"","overlay-type":"","overlay-color":"","overlay-gradient":""}},"ast-content-background-meta":{"desktop":{"background-color":"var(--ast-global-color-5)","background-image":"","background-repeat":"repeat","background-position":"center center","background-size":"auto","background-attachment":"scroll","background-type":"","background-media":"","overlay-type":"","overlay-color":"","overlay-gradient":""},"tablet":{"background-color":"var(--ast-global-color-5)","background-image":"","background-repeat":"repeat","background-position":"center center","background-size":"auto","background-attachment":"scroll","background-type":"","background-media":"","overlay-type":"","overlay-color":"","overlay-gradient":""},"mobile":{"background-color":"var(--ast-global-color-5)","background-image":"","background-repeat":"repeat","background-position":"center center","background-size":"auto","background-attachment":"scroll","background-type":"","background-media":"","overlay-type":"","overlay-color":"","overlay-gradient":""}},"footnotes":""},"categories":[18550,612,3620,3621],"tags":[3623,3196,99611,9850,9702,11249],"class_list":["post-38307","post","type-post","status-publish","format-standard","hentry","category-carlos-iii-de-madrid","category-ciencias-juridicas-y-derecho","category-derecho-procesal","category-organizacion-juridica","tag-gonzalez-montes-jose-luis","tag-gregorio-peces-barba-Martinez","tag-ignacio-flores-prada","tag-valentin-cortes-dominguez","tag-vicente-gimeno-sendra","tag-victor-moreno-catena"],"_links":{"self":[{"href":"https:\/\/www.deberes.net\/tesis\/wp-json\/wp\/v2\/posts\/38307","targetHints":{"allow":["GET"]}}],"collection":[{"href":"https:\/\/www.deberes.net\/tesis\/wp-json\/wp\/v2\/posts"}],"about":[{"href":"https:\/\/www.deberes.net\/tesis\/wp-json\/wp\/v2\/types\/post"}],"author":[{"embeddable":true,"href":"https:\/\/www.deberes.net\/tesis\/wp-json\/wp\/v2\/users\/1"}],"replies":[{"embeddable":true,"href":"https:\/\/www.deberes.net\/tesis\/wp-json\/wp\/v2\/comments?post=38307"}],"version-history":[{"count":0,"href":"https:\/\/www.deberes.net\/tesis\/wp-json\/wp\/v2\/posts\/38307\/revisions"}],"wp:attachment":[{"href":"https:\/\/www.deberes.net\/tesis\/wp-json\/wp\/v2\/media?parent=38307"}],"wp:term":[{"taxonomy":"category","embeddable":true,"href":"https:\/\/www.deberes.net\/tesis\/wp-json\/wp\/v2\/categories?post=38307"},{"taxonomy":"post_tag","embeddable":true,"href":"https:\/\/www.deberes.net\/tesis\/wp-json\/wp\/v2\/tags?post=38307"}],"curies":[{"name":"wp","href":"https:\/\/api.w.org\/{rel}","templated":true}]}}