{"id":38340,"date":"2018-03-09T09:37:51","date_gmt":"2018-03-09T09:37:51","guid":{"rendered":"https:\/\/www.deberes.net\/tesis\/sin-categoria\/la-ilustracion-catolica-1877-1883-estudio-e-indices\/"},"modified":"2018-03-09T09:37:51","modified_gmt":"2018-03-09T09:37:51","slug":"la-ilustracion-catolica-1877-1883-estudio-e-indices","status":"publish","type":"post","link":"https:\/\/www.deberes.net\/tesis\/linguistica\/la-ilustracion-catolica-1877-1883-estudio-e-indices\/","title":{"rendered":"La ilustracion catolica (1877-1883). estudio e indices."},"content":{"rendered":"<h2>Tesis doctoral de <strong> Carmen Canet Ramos <\/strong><\/h2>\n<p>La ilustraci\u00f3n cat\u00f3lica fue una revista que se public\u00f3 en Madrid durante siete a\u00f1os ininterrumpidos (del 5 de agosto de 1877 al 25 de diciembre de 1883). tiene tres \u00e9pocas, contenidas en seis tomos. el primer director de la revista fue jos\u00e9 amalio mu\u00f1oz, pero pronto asume la direcci\u00f3n hasta el final de la publicaci\u00f3n manuel p\u00e9rez villamil.  fue una revista que informaba puntualmente de cualquier hecho, tanto social como cultural, resultando ser un documento importante del panorama de finales del xix. Reflejo del esp\u00edritu conservador de la iglesia y de la base cultural de la intelectualidad de la \u00e9poca. Se han confeccionado unos \u00edndices de autores, de ilustraciones y de primeros versos, interesantes como base para la investigaci\u00f3n del periodo hist\u00f3rico.<\/p>\n<p>&nbsp;<\/p>\n<h3>Datos acad\u00e9micos de la tesis doctoral \u00ab<strong>La ilustracion catolica (1877-1883). estudio e indices.<\/strong>\u00ab<\/h3>\n<ul>\n<li><strong>T\u00edtulo de la tesis:<\/strong>\u00a0 La ilustracion catolica (1877-1883). estudio e indices. <\/li>\n<li><strong>Autor:<\/strong>\u00a0 Carmen Canet Ramos <\/li>\n<li><strong>Universidad:<\/strong>\u00a0 Granada<\/li>\n<li><strong>Fecha de lectura de la tesis:<\/strong>\u00a0 26\/06\/1998<\/li>\n<\/ul>\n<p>&nbsp;<\/p>\n<h3>Direcci\u00f3n y tribunal<\/h3>\n<ul>\n<li><strong>Director de la tesis<\/strong>\n<ul>\n<li>Antonio S\u00e1nchez Trigueros<\/li>\n<\/ul>\n<\/li>\n<li><strong>Tribunal<\/strong>\n<ul>\n<li>Presidente del tribunal: Antonio Gallego morell <\/li>\n<li>Jos\u00e9 Luis Santos diez (vocal)<\/li>\n<li>Antonio Moreno garrido (vocal)<\/li>\n<li>Jos\u00e9 Valles calatrava (vocal)<\/li>\n<\/ul>\n<\/li>\n<\/ul>\n<p>&nbsp;<\/p>\n","protected":false},"excerpt":{"rendered":"<p>Tesis doctoral de Carmen Canet Ramos La ilustraci\u00f3n cat\u00f3lica fue una revista que se public\u00f3 en Madrid durante siete a\u00f1os [&hellip;]<\/p>\n","protected":false},"author":1,"featured_media":0,"comment_status":"open","ping_status":"open","sticky":false,"template":"","format":"standard","meta":{"site-sidebar-layout":"default","site-content-layout":"","ast-site-content-layout":"","site-content-style":"default","site-sidebar-style":"default","ast-global-header-display":"","ast-banner-title-visibility":"","ast-main-header-display":"","ast-hfb-above-header-display":"","ast-hfb-below-header-display":"","ast-hfb-mobile-header-display":"","site-post-title":"","ast-breadcrumbs-content":"","ast-featured-img":"","footer-sml-layout":"","theme-transparent-header-meta":"","adv-header-id-meta":"","stick-header-meta":"","header-above-stick-meta":"","header-main-stick-meta":"","header-below-stick-meta":"","astra-migrate-meta-layouts":"default","ast-page-background-enabled":"default","ast-page-background-meta":{"desktop":{"background-color":"var(--ast-global-color-4)","background-image":"","background-repeat":"repeat","background-position":"center center","background-size":"auto","background-attachment":"scroll","background-type":"","background-media":"","overlay-type":"","overlay-color":"","overlay-gradient":""},"tablet":{"background-color":"","background-image":"","background-repeat":"repeat","background-position":"center center","background-size":"auto","background-attachment":"scroll","background-type":"","background-media":"","overlay-type":"","overlay-color":"","overlay-gradient":""},"mobile":{"background-color":"","background-image":"","background-repeat":"repeat","background-position":"center center","background-size":"auto","background-attachment":"scroll","background-type":"","background-media":"","overlay-type":"","overlay-color":"","overlay-gradient":""}},"ast-content-background-meta":{"desktop":{"background-color":"var(--ast-global-color-5)","background-image":"","background-repeat":"repeat","background-position":"center center","background-size":"auto","background-attachment":"scroll","background-type":"","background-media":"","overlay-type":"","overlay-color":"","overlay-gradient":""},"tablet":{"background-color":"var(--ast-global-color-5)","background-image":"","background-repeat":"repeat","background-position":"center center","background-size":"auto","background-attachment":"scroll","background-type":"","background-media":"","overlay-type":"","overlay-color":"","overlay-gradient":""},"mobile":{"background-color":"var(--ast-global-color-5)","background-image":"","background-repeat":"repeat","background-position":"center center","background-size":"auto","background-attachment":"scroll","background-type":"","background-media":"","overlay-type":"","overlay-color":"","overlay-gradient":""}},"footnotes":""},"categories":[33050,59,60],"tags":[35459,35648,3573,99666,27965,4217],"class_list":["post-38340","post","type-post","status-publish","format-standard","hentry","category-bibliometria","category-linguistica","category-linguistica-aplicada","tag-antonio-gallego-morell","tag-antonio-moreno-garrido","tag-antonio-sanchez-trigueros","tag-carmen-canet-ramos","tag-jose-luis-santos-diez","tag-jose-valles-calatrava"],"_links":{"self":[{"href":"https:\/\/www.deberes.net\/tesis\/wp-json\/wp\/v2\/posts\/38340","targetHints":{"allow":["GET"]}}],"collection":[{"href":"https:\/\/www.deberes.net\/tesis\/wp-json\/wp\/v2\/posts"}],"about":[{"href":"https:\/\/www.deberes.net\/tesis\/wp-json\/wp\/v2\/types\/post"}],"author":[{"embeddable":true,"href":"https:\/\/www.deberes.net\/tesis\/wp-json\/wp\/v2\/users\/1"}],"replies":[{"embeddable":true,"href":"https:\/\/www.deberes.net\/tesis\/wp-json\/wp\/v2\/comments?post=38340"}],"version-history":[{"count":0,"href":"https:\/\/www.deberes.net\/tesis\/wp-json\/wp\/v2\/posts\/38340\/revisions"}],"wp:attachment":[{"href":"https:\/\/www.deberes.net\/tesis\/wp-json\/wp\/v2\/media?parent=38340"}],"wp:term":[{"taxonomy":"category","embeddable":true,"href":"https:\/\/www.deberes.net\/tesis\/wp-json\/wp\/v2\/categories?post=38340"},{"taxonomy":"post_tag","embeddable":true,"href":"https:\/\/www.deberes.net\/tesis\/wp-json\/wp\/v2\/tags?post=38340"}],"curies":[{"name":"wp","href":"https:\/\/api.w.org\/{rel}","templated":true}]}}