{"id":38357,"date":"2018-03-09T09:37:53","date_gmt":"2018-03-09T09:37:53","guid":{"rendered":"https:\/\/www.deberes.net\/tesis\/sin-categoria\/interaccion-de-lenguajes-en-el-area-visual-y-plastica-propuestas-curriculares\/"},"modified":"2018-03-09T09:37:53","modified_gmt":"2018-03-09T09:37:53","slug":"interaccion-de-lenguajes-en-el-area-visual-y-plastica-propuestas-curriculares","status":"publish","type":"post","link":"https:\/\/www.deberes.net\/tesis\/barcelona\/interaccion-de-lenguajes-en-el-area-visual-y-plastica-propuestas-curriculares\/","title":{"rendered":"Interacci\u00f3n de lenguajes en el area visual y pl\u00e1stica: propuestas curriculares"},"content":{"rendered":"<h2>Tesis doctoral de <strong> Gloria Mill\u00e1n Navarro <\/strong><\/h2>\n<p>Esta tesis aporta nuevos m\u00e9todos para la ense\u00f1anza del curriculo art\u00edstico, experimentados ya en las ense\u00f1anzas medias. Consisten b\u00e1sicamente, en utilizar t\u00e9cnicas de implicaci\u00f3n del grupo-clase, mediante las cuales se trabajan desbloqueos, est\u00edmulos, respuestas y lecturas en diferentes lenguajes expresivos. se demuestra que es una manera apropiada para implicar a los estudiantes\/as y lograr mayores niveles en las producciones art\u00edsticas.  partiendo de las actividades del grupo bup disseny, con sus referentes los poetas visuales joan brossa y jordi valles, la autora amplia estas t\u00e9cnicas, especialmente bajo la influencia de g.Barret, creadora de la pedagog\u00eda de la situaci\u00f3n. Otros referentes son e. Eisner autoridad indiscutible y el fil\u00f3sofo m. Lipman.  se incluye un an\u00e1lisis cr\u00edtico del \u00e1rea visual y pl\u00e1stica en todas las etapas del actual sistema educativo. Concluye con aportaciones para la formaci\u00f3n del profesorado. Se confirma la escasez de tiempo en el dise\u00f1o del curr\u00edculo que imposibilita la eduaci\u00f3n art\u00edstica e integral del adolescente, y no da respuesta a la necesidad social ante la creciente cultura de la imagen, principios sobre los que profundiza.<\/p>\n<p>&nbsp;<\/p>\n<h3>Datos acad\u00e9micos de la tesis doctoral \u00ab<strong>Interacci\u00f3n de lenguajes en el area visual y pl\u00e1stica: propuestas curriculares<\/strong>\u00ab<\/h3>\n<ul>\n<li><strong>T\u00edtulo de la tesis:<\/strong>\u00a0 Interacci\u00f3n de lenguajes en el area visual y pl\u00e1stica: propuestas curriculares <\/li>\n<li><strong>Autor:<\/strong>\u00a0 Gloria Mill\u00e1n Navarro <\/li>\n<li><strong>Universidad:<\/strong>\u00a0 Barcelona<\/li>\n<li><strong>Fecha de lectura de la tesis:<\/strong>\u00a0 30\/06\/1998<\/li>\n<\/ul>\n<p>&nbsp;<\/p>\n<h3>Direcci\u00f3n y tribunal<\/h3>\n<ul>\n<li><strong>Director de la tesis<\/strong>\n<ul>\n<li>Mar\u00eda Borja Sol\u00e9<\/li>\n<\/ul>\n<\/li>\n<li><strong>Tribunal<\/strong>\n<ul>\n<li>Presidente del tribunal: lino manuel Cabezas gelabert <\/li>\n<li>gisele Barret (vocal)<\/li>\n<li>Manuel Sanchez mendez (vocal)<\/li>\n<li>Carlos Bayod serafini (vocal)<\/li>\n<\/ul>\n<\/li>\n<\/ul>\n<p>&nbsp;<\/p>\n","protected":false},"excerpt":{"rendered":"<p>Tesis doctoral de Gloria Mill\u00e1n Navarro Esta tesis aporta nuevos m\u00e9todos para la ense\u00f1anza del curriculo art\u00edstico, experimentados ya en [&hellip;]<\/p>\n","protected":false},"author":1,"featured_media":0,"comment_status":"open","ping_status":"open","sticky":false,"template":"","format":"standard","meta":{"site-sidebar-layout":"default","site-content-layout":"","ast-site-content-layout":"","site-content-style":"default","site-sidebar-style":"default","ast-global-header-display":"","ast-banner-title-visibility":"","ast-main-header-display":"","ast-hfb-above-header-display":"","ast-hfb-below-header-display":"","ast-hfb-mobile-header-display":"","site-post-title":"","ast-breadcrumbs-content":"","ast-featured-img":"","footer-sml-layout":"","theme-transparent-header-meta":"","adv-header-id-meta":"","stick-header-meta":"","header-above-stick-meta":"","header-main-stick-meta":"","header-below-stick-meta":"","astra-migrate-meta-layouts":"default","ast-page-background-enabled":"default","ast-page-background-meta":{"desktop":{"background-color":"var(--ast-global-color-4)","background-image":"","background-repeat":"repeat","background-position":"center center","background-size":"auto","background-attachment":"scroll","background-type":"","background-media":"","overlay-type":"","overlay-color":"","overlay-gradient":""},"tablet":{"background-color":"","background-image":"","background-repeat":"repeat","background-position":"center center","background-size":"auto","background-attachment":"scroll","background-type":"","background-media":"","overlay-type":"","overlay-color":"","overlay-gradient":""},"mobile":{"background-color":"","background-image":"","background-repeat":"repeat","background-position":"center center","background-size":"auto","background-attachment":"scroll","background-type":"","background-media":"","overlay-type":"","overlay-color":"","overlay-gradient":""}},"ast-content-background-meta":{"desktop":{"background-color":"var(--ast-global-color-5)","background-image":"","background-repeat":"repeat","background-position":"center center","background-size":"auto","background-attachment":"scroll","background-type":"","background-media":"","overlay-type":"","overlay-color":"","overlay-gradient":""},"tablet":{"background-color":"var(--ast-global-color-5)","background-image":"","background-repeat":"repeat","background-position":"center center","background-size":"auto","background-attachment":"scroll","background-type":"","background-media":"","overlay-type":"","overlay-color":"","overlay-gradient":""},"mobile":{"background-color":"var(--ast-global-color-5)","background-image":"","background-repeat":"repeat","background-position":"center center","background-size":"auto","background-attachment":"scroll","background-type":"","background-media":"","overlay-type":"","overlay-color":"","overlay-gradient":""}},"footnotes":""},"categories":[951,4510,1141,1340,1341],"tags":[74626,99698,99697,28195,4968,18430],"class_list":["post-38357","post","type-post","status-publish","format-standard","hentry","category-barcelona","category-estetica-de-las-bellas-artes","category-pedagogia","category-planes-de-estudios","category-teoria-y-metodos-educativos","tag-carlos-bayod-serafini","tag-gisele-barret","tag-gloria-millan-navarro","tag-lino-manuel-cabezas-gelabert","tag-manuel-sanchez-mendez","tag-maria-borja-sole"],"_links":{"self":[{"href":"https:\/\/www.deberes.net\/tesis\/wp-json\/wp\/v2\/posts\/38357","targetHints":{"allow":["GET"]}}],"collection":[{"href":"https:\/\/www.deberes.net\/tesis\/wp-json\/wp\/v2\/posts"}],"about":[{"href":"https:\/\/www.deberes.net\/tesis\/wp-json\/wp\/v2\/types\/post"}],"author":[{"embeddable":true,"href":"https:\/\/www.deberes.net\/tesis\/wp-json\/wp\/v2\/users\/1"}],"replies":[{"embeddable":true,"href":"https:\/\/www.deberes.net\/tesis\/wp-json\/wp\/v2\/comments?post=38357"}],"version-history":[{"count":0,"href":"https:\/\/www.deberes.net\/tesis\/wp-json\/wp\/v2\/posts\/38357\/revisions"}],"wp:attachment":[{"href":"https:\/\/www.deberes.net\/tesis\/wp-json\/wp\/v2\/media?parent=38357"}],"wp:term":[{"taxonomy":"category","embeddable":true,"href":"https:\/\/www.deberes.net\/tesis\/wp-json\/wp\/v2\/categories?post=38357"},{"taxonomy":"post_tag","embeddable":true,"href":"https:\/\/www.deberes.net\/tesis\/wp-json\/wp\/v2\/tags?post=38357"}],"curies":[{"name":"wp","href":"https:\/\/api.w.org\/{rel}","templated":true}]}}