{"id":38368,"date":"1998-02-07T00:00:00","date_gmt":"1998-02-07T00:00:00","guid":{"rendered":"https:\/\/www.deberes.net\/tesis\/sin-categoria\/el-debate-historiografico-sobre-las-causas-de-la-i-guerra-mundial\/"},"modified":"1998-02-07T00:00:00","modified_gmt":"1998-02-07T00:00:00","slug":"el-debate-historiografico-sobre-las-causas-de-la-i-guerra-mundial","status":"publish","type":"post","link":"https:\/\/www.deberes.net\/tesis\/historia\/el-debate-historiografico-sobre-las-causas-de-la-i-guerra-mundial\/","title":{"rendered":"El debate historiografico sobre las causas de la i guerra mundial."},"content":{"rendered":"<h2>Tesis doctoral de <strong> Jos\u00e9 Miguel Villarroya Corbalan <\/strong><\/h2>\n<p>El presente trabajo aporta una visi\u00f3n a uno de los debates hist\u00f3ricos m\u00e1s importantes de las \u00faltimas d\u00e9cadas. Los or\u00edgenes y la culpabilidad en el estallido de la primera guerra mundial.  en primer lugar ofrecemos una explicaci\u00f3n de las relaciones internacionales antes del conflicto, centr\u00e1ndonos en las crisis que estuvieron a punto de desencadenar el conflicto. De este modo podemos entender mejor los trabajos hist\u00f3ricos que presentamos.  seguidamente presentamos el debate desde el periodo de entreguerras hasta la d\u00e9cada de los noventa, prestando especial atenci\u00f3n a la llamada fisherkontroverse, ya que el historiador alem\u00e1n fritz fisher, ser\u00e1 el primer historiador alem\u00e1n que considerada que alemania fue la principal responsable en el estallido del conflicto. Esta teor\u00eda provoc\u00f3 una fuerte pol\u00e9mica hist\u00f3rica, especialmente en alemania, que servir\u00e1 de base para las aportaciones posteriores hasta la actualidad en que el debate sigue manteniendo una vigencia importante.<\/p>\n<p>&nbsp;<\/p>\n<h3>Datos acad\u00e9micos de la tesis doctoral \u00ab<strong>El debate historiografico sobre las causas de la i guerra mundial.<\/strong>\u00ab<\/h3>\n<ul>\n<li><strong>T\u00edtulo de la tesis:<\/strong>\u00a0 El debate historiografico sobre las causas de la i guerra mundial. <\/li>\n<li><strong>Autor:<\/strong>\u00a0 Jos\u00e9 Miguel Villarroya Corbalan <\/li>\n<li><strong>Universidad:<\/strong>\u00a0 Barcelona<\/li>\n<li><strong>Fecha de lectura de la tesis:<\/strong>\u00a0 02\/07\/1998<\/li>\n<\/ul>\n<p>&nbsp;<\/p>\n<h3>Direcci\u00f3n y tribunal<\/h3>\n<ul>\n<li><strong>Director de la tesis<\/strong>\n<ul>\n<li>Juan Jacob Calvo<\/li>\n<\/ul>\n<\/li>\n<li><strong>Tribunal<\/strong>\n<ul>\n<li>Presidente del tribunal: jos\u00e9 Florit capella <\/li>\n<li>gabriel Cardona escanero (vocal)<\/li>\n<li>julio Busquets bragulat (vocal)<\/li>\n<li>pere Molas ribalta (vocal)<\/li>\n<\/ul>\n<\/li>\n<\/ul>\n<p>&nbsp;<\/p>\n","protected":false},"excerpt":{"rendered":"<p>Tesis doctoral de Jos\u00e9 Miguel Villarroya Corbalan El presente trabajo aporta una visi\u00f3n a uno de los debates hist\u00f3ricos m\u00e1s [&hellip;]<\/p>\n","protected":false},"author":1,"featured_media":0,"comment_status":"open","ping_status":"open","sticky":false,"template":"","format":"standard","meta":{"site-sidebar-layout":"default","site-content-layout":"","ast-site-content-layout":"","site-content-style":"default","site-sidebar-style":"default","ast-global-header-display":"","ast-banner-title-visibility":"","ast-main-header-display":"","ast-hfb-above-header-display":"","ast-hfb-below-header-display":"","ast-hfb-mobile-header-display":"","site-post-title":"","ast-breadcrumbs-content":"","ast-featured-img":"","footer-sml-layout":"","theme-transparent-header-meta":"","adv-header-id-meta":"","stick-header-meta":"","header-above-stick-meta":"","header-main-stick-meta":"","header-below-stick-meta":"","astra-migrate-meta-layouts":"default","ast-page-background-enabled":"default","ast-page-background-meta":{"desktop":{"background-color":"var(--ast-global-color-4)","background-image":"","background-repeat":"repeat","background-position":"center center","background-size":"auto","background-attachment":"scroll","background-type":"","background-media":"","overlay-type":"","overlay-color":"","overlay-gradient":""},"tablet":{"background-color":"","background-image":"","background-repeat":"repeat","background-position":"center center","background-size":"auto","background-attachment":"scroll","background-type":"","background-media":"","overlay-type":"","overlay-color":"","overlay-gradient":""},"mobile":{"background-color":"","background-image":"","background-repeat":"repeat","background-position":"center center","background-size":"auto","background-attachment":"scroll","background-type":"","background-media":"","overlay-type":"","overlay-color":"","overlay-gradient":""}},"ast-content-background-meta":{"desktop":{"background-color":"var(--ast-global-color-5)","background-image":"","background-repeat":"repeat","background-position":"center center","background-size":"auto","background-attachment":"scroll","background-type":"","background-media":"","overlay-type":"","overlay-color":"","overlay-gradient":""},"tablet":{"background-color":"var(--ast-global-color-5)","background-image":"","background-repeat":"repeat","background-position":"center center","background-size":"auto","background-attachment":"scroll","background-type":"","background-media":"","overlay-type":"","overlay-color":"","overlay-gradient":""},"mobile":{"background-color":"var(--ast-global-color-5)","background-image":"","background-repeat":"repeat","background-position":"center center","background-size":"auto","background-attachment":"scroll","background-type":"","background-media":"","overlay-type":"","overlay-color":"","overlay-gradient":""}},"footnotes":""},"categories":[951,104,413,220,222],"tags":[1299,31636,99713,99714,7344,314],"class_list":["post-38368","post","type-post","status-publish","format-standard","hentry","category-barcelona","category-historia","category-historia-de-la-guerra","category-historia-por-epocas","category-historias-especializadas","tag-gabriel-cardona-escanero","tag-jose-florit-capella","tag-jose-miguel-villarroya-corbalan","tag-juan-jacob-calvo","tag-julio-busquets-bragulat","tag-pere-molas-ribalta"],"_links":{"self":[{"href":"https:\/\/www.deberes.net\/tesis\/wp-json\/wp\/v2\/posts\/38368","targetHints":{"allow":["GET"]}}],"collection":[{"href":"https:\/\/www.deberes.net\/tesis\/wp-json\/wp\/v2\/posts"}],"about":[{"href":"https:\/\/www.deberes.net\/tesis\/wp-json\/wp\/v2\/types\/post"}],"author":[{"embeddable":true,"href":"https:\/\/www.deberes.net\/tesis\/wp-json\/wp\/v2\/users\/1"}],"replies":[{"embeddable":true,"href":"https:\/\/www.deberes.net\/tesis\/wp-json\/wp\/v2\/comments?post=38368"}],"version-history":[{"count":0,"href":"https:\/\/www.deberes.net\/tesis\/wp-json\/wp\/v2\/posts\/38368\/revisions"}],"wp:attachment":[{"href":"https:\/\/www.deberes.net\/tesis\/wp-json\/wp\/v2\/media?parent=38368"}],"wp:term":[{"taxonomy":"category","embeddable":true,"href":"https:\/\/www.deberes.net\/tesis\/wp-json\/wp\/v2\/categories?post=38368"},{"taxonomy":"post_tag","embeddable":true,"href":"https:\/\/www.deberes.net\/tesis\/wp-json\/wp\/v2\/tags?post=38368"}],"curies":[{"name":"wp","href":"https:\/\/api.w.org\/{rel}","templated":true}]}}