{"id":38392,"date":"1998-07-07T00:00:00","date_gmt":"1998-07-07T00:00:00","guid":{"rendered":"https:\/\/www.deberes.net\/tesis\/sin-categoria\/discursos-sobre-la-paz-en-una-sociedad-plural-gestion-de-conflictos-y-su-tratamiento-pedagogico\/"},"modified":"1998-07-07T00:00:00","modified_gmt":"1998-07-07T00:00:00","slug":"discursos-sobre-la-paz-en-una-sociedad-plural-gestion-de-conflictos-y-su-tratamiento-pedagogico","status":"publish","type":"post","link":"https:\/\/www.deberes.net\/tesis\/psicologia\/discursos-sobre-la-paz-en-una-sociedad-plural-gestion-de-conflictos-y-su-tratamiento-pedagogico\/","title":{"rendered":"Discursos sobre la paz en una sociedad plural. gestion de conflictos y su tratamiento pedagogico."},"content":{"rendered":"<h2>Tesis doctoral de <strong> Marta Burguet Arfelis <\/strong><\/h2>\n<p>Esta tesis pretende se\u00f1alar cu\u00e1l es la funci\u00f3n pedag\u00f3gica de la mediaci\u00f3n. Defendemos la necesidad de un proceso educativo que habilite la persona procedimentalmente para desarrollar diertas capacidades que predisponen al acuerdo y al tratamiento cooperativo de las situaciones de conflicto. Consideramos previa a construcci\u00f3n de unos conocimientos basados en el desarrollo de procedimientos que favorezcan el aprendizaje de estrategias.  consideramos que el profesional de la educaci\u00f3n con un bagaje en los procedimientos que le habiliten para garantizar una \u00f3ptima eduaci\u00f3n en gesti\u00f3n de conflictos podr\u00e1 realizar el papel de actor en aquellos casos en los que sus valores no coincidan con los valores sociales, siempre y cuando su actitud beligerante no vaya en detrimento del desarrollo de sus educandos, para garantizar con ello la interculturalidad. Para todo ello se ha procedido a sistematizar y analizar el concepto de paz, conflicto, y las diversar formas de gesti\u00f3n de conflictos desde el punto de vista pedag\u00f3gico.<\/p>\n<p>&nbsp;<\/p>\n<h3>Datos acad\u00e9micos de la tesis doctoral \u00ab<strong>Discursos sobre la paz en una sociedad plural. gestion de conflictos y su tratamiento pedagogico.<\/strong>\u00ab<\/h3>\n<ul>\n<li><strong>T\u00edtulo de la tesis:<\/strong>\u00a0 Discursos sobre la paz en una sociedad plural. gestion de conflictos y su tratamiento pedagogico. <\/li>\n<li><strong>Autor:<\/strong>\u00a0 Marta Burguet Arfelis <\/li>\n<li><strong>Universidad:<\/strong>\u00a0 Barcelona<\/li>\n<li><strong>Fecha de lectura de la tesis:<\/strong>\u00a0 07\/07\/1998<\/li>\n<\/ul>\n<p>&nbsp;<\/p>\n<h3>Direcci\u00f3n y tribunal<\/h3>\n<ul>\n<li><strong>Director de la tesis<\/strong>\n<ul>\n<li>Miquel Mart\u00ednez Mart\u00edn<\/li>\n<\/ul>\n<\/li>\n<li><strong>Tribunal<\/strong>\n<ul>\n<li>Presidente del tribunal: Jaime Trilla bernet <\/li>\n<li>eduard Vinyamata camp. (vocal)<\/li>\n<li>jordi Gir\u00f3 par\u00eds (vocal)<\/li>\n<li>vicenc Fisas armengol (vocal)<\/li>\n<\/ul>\n<\/li>\n<\/ul>\n<p>&nbsp;<\/p>\n","protected":false},"excerpt":{"rendered":"<p>Tesis doctoral de Marta Burguet Arfelis Esta tesis pretende se\u00f1alar cu\u00e1l es la funci\u00f3n pedag\u00f3gica de la mediaci\u00f3n. Defendemos la [&hellip;]<\/p>\n","protected":false},"author":1,"featured_media":0,"comment_status":"open","ping_status":"open","sticky":false,"template":"","format":"standard","meta":{"site-sidebar-layout":"default","site-content-layout":"","ast-site-content-layout":"","site-content-style":"default","site-sidebar-style":"default","ast-global-header-display":"","ast-banner-title-visibility":"","ast-main-header-display":"","ast-hfb-above-header-display":"","ast-hfb-below-header-display":"","ast-hfb-mobile-header-display":"","site-post-title":"","ast-breadcrumbs-content":"","ast-featured-img":"","footer-sml-layout":"","theme-transparent-header-meta":"","adv-header-id-meta":"","stick-header-meta":"","header-above-stick-meta":"","header-main-stick-meta":"","header-below-stick-meta":"","astra-migrate-meta-layouts":"default","ast-page-background-enabled":"default","ast-page-background-meta":{"desktop":{"background-color":"var(--ast-global-color-4)","background-image":"","background-repeat":"repeat","background-position":"center center","background-size":"auto","background-attachment":"scroll","background-type":"","background-media":"","overlay-type":"","overlay-color":"","overlay-gradient":""},"tablet":{"background-color":"","background-image":"","background-repeat":"repeat","background-position":"center center","background-size":"auto","background-attachment":"scroll","background-type":"","background-media":"","overlay-type":"","overlay-color":"","overlay-gradient":""},"mobile":{"background-color":"","background-image":"","background-repeat":"repeat","background-position":"center center","background-size":"auto","background-attachment":"scroll","background-type":"","background-media":"","overlay-type":"","overlay-color":"","overlay-gradient":""}},"ast-content-background-meta":{"desktop":{"background-color":"var(--ast-global-color-5)","background-image":"","background-repeat":"repeat","background-position":"center center","background-size":"auto","background-attachment":"scroll","background-type":"","background-media":"","overlay-type":"","overlay-color":"","overlay-gradient":""},"tablet":{"background-color":"var(--ast-global-color-5)","background-image":"","background-repeat":"repeat","background-position":"center center","background-size":"auto","background-attachment":"scroll","background-type":"","background-media":"","overlay-type":"","overlay-color":"","overlay-gradient":""},"mobile":{"background-color":"var(--ast-global-color-5)","background-image":"","background-repeat":"repeat","background-position":"center center","background-size":"auto","background-attachment":"scroll","background-type":"","background-media":"","overlay-type":"","overlay-color":"","overlay-gradient":""}},"footnotes":""},"categories":[951,1184,1141,324,21119],"tags":[81079,99751,98816,99750,9443,99752],"class_list":["post-38392","post","type-post","status-publish","format-standard","hentry","category-barcelona","category-organizacion-y-planificacion-de-la-educacion","category-pedagogia","category-psicologia","category-resolucion-de-conflictos","tag-eduard-vinyamata-camp","tag-jaime-trilla-bernet","tag-jordi-giro-paris","tag-marta-burguet-arfelis","tag-miquel-Martinez-martin","tag-vicenc-fisas-armengol"],"_links":{"self":[{"href":"https:\/\/www.deberes.net\/tesis\/wp-json\/wp\/v2\/posts\/38392","targetHints":{"allow":["GET"]}}],"collection":[{"href":"https:\/\/www.deberes.net\/tesis\/wp-json\/wp\/v2\/posts"}],"about":[{"href":"https:\/\/www.deberes.net\/tesis\/wp-json\/wp\/v2\/types\/post"}],"author":[{"embeddable":true,"href":"https:\/\/www.deberes.net\/tesis\/wp-json\/wp\/v2\/users\/1"}],"replies":[{"embeddable":true,"href":"https:\/\/www.deberes.net\/tesis\/wp-json\/wp\/v2\/comments?post=38392"}],"version-history":[{"count":0,"href":"https:\/\/www.deberes.net\/tesis\/wp-json\/wp\/v2\/posts\/38392\/revisions"}],"wp:attachment":[{"href":"https:\/\/www.deberes.net\/tesis\/wp-json\/wp\/v2\/media?parent=38392"}],"wp:term":[{"taxonomy":"category","embeddable":true,"href":"https:\/\/www.deberes.net\/tesis\/wp-json\/wp\/v2\/categories?post=38392"},{"taxonomy":"post_tag","embeddable":true,"href":"https:\/\/www.deberes.net\/tesis\/wp-json\/wp\/v2\/tags?post=38392"}],"curies":[{"name":"wp","href":"https:\/\/api.w.org\/{rel}","templated":true}]}}