{"id":38396,"date":"1998-07-07T00:00:00","date_gmt":"1998-07-07T00:00:00","guid":{"rendered":"https:\/\/www.deberes.net\/tesis\/sin-categoria\/quimica-estructural-y-reactividad-de-complejos-de-polifosfinas-terciarias-con-metales-nobles\/"},"modified":"1998-07-07T00:00:00","modified_gmt":"1998-07-07T00:00:00","slug":"quimica-estructural-y-reactividad-de-complejos-de-polifosfinas-terciarias-con-metales-nobles","status":"publish","type":"post","link":"https:\/\/www.deberes.net\/tesis\/quimica\/quimica-estructural-y-reactividad-de-complejos-de-polifosfinas-terciarias-con-metales-nobles\/","title":{"rendered":"Quimica estructural y reactividad de complejos de polifosfinas terciarias con metales nobles."},"content":{"rendered":"<h2>Tesis doctoral de <strong> Paloma Sevillano Rodriguez <\/strong><\/h2>\n<p>El trabajo realizado consiste en la s\u00edntesis y caracterizaci\u00f3n de 54 nuevos complejos de dos trifosfinas, una lineal: la bis-(2-difenilfosfinoetil) fenilfosfina, y otra tr\u00edpode: la 1,1,1- tris(difenilfosfinometil)etano con algunos de los metales nobles: cu(i), ag(i), au(i), pd(ii) y pt(ii). Se sintetizaron complejos homo y heteronucleares en distintas relaciones metal ligando, siendo todos ellos completamente caracterizados por microan\u00e1lisis, puntos de fusi\u00f3n, espectroscop\u00eda infrarroja, espectrometr\u00eda de masas (fab), difracci\u00f3n de rayos-x, solubilidades, medidas de conductividad, espectroscop\u00eda de resonancia magn\u00e9tica nuclear de 31p y 195pt y espectrometr\u00eda de masas (electrospray), siendo especialmente \u00fatiles los espectros de rmn. Se resolvieron las estructuras cristalinas para 18 de los compuestos preparados. La reactividad de los compuestos fue estudiada a trav\u00e9s de valoraciones seguidas por rmn de 31p.<\/p>\n<p>&nbsp;<\/p>\n<h3>Datos acad\u00e9micos de la tesis doctoral \u00ab<strong>Quimica estructural y reactividad de complejos de polifosfinas terciarias con metales nobles.<\/strong>\u00ab<\/h3>\n<ul>\n<li><strong>T\u00edtulo de la tesis:<\/strong>\u00a0 Quimica estructural y reactividad de complejos de polifosfinas terciarias con metales nobles. <\/li>\n<li><strong>Autor:<\/strong>\u00a0 Paloma Sevillano Rodriguez <\/li>\n<li><strong>Universidad:<\/strong>\u00a0 Santiago de compostela<\/li>\n<li><strong>Fecha de lectura de la tesis:<\/strong>\u00a0 07\/07\/1998<\/li>\n<\/ul>\n<p>&nbsp;<\/p>\n<h3>Direcci\u00f3n y tribunal<\/h3>\n<ul>\n<li><strong>Director de la tesis<\/strong>\n<ul>\n<li>Esther Fern\u00e1ndez Garc\u00eda<\/li>\n<\/ul>\n<\/li>\n<li><strong>Tribunal<\/strong>\n<ul>\n<li>Presidente del tribunal: Antonio Sousa alonso <\/li>\n<li>virtudes Moreno Martinez (vocal)<\/li>\n<li>giovanni Natile (vocal)<\/li>\n<li>peter j. Sadler (vocal)<\/li>\n<\/ul>\n<\/li>\n<\/ul>\n<p>&nbsp;<\/p>\n","protected":false},"excerpt":{"rendered":"<p>Tesis doctoral de Paloma Sevillano Rodriguez El trabajo realizado consiste en la s\u00edntesis y caracterizaci\u00f3n de 54 nuevos complejos de [&hellip;]<\/p>\n","protected":false},"author":1,"featured_media":0,"comment_status":"open","ping_status":"open","sticky":false,"template":"","format":"standard","meta":{"site-sidebar-layout":"default","site-content-layout":"","ast-site-content-layout":"","site-content-style":"default","site-sidebar-style":"default","ast-global-header-display":"","ast-banner-title-visibility":"","ast-main-header-display":"","ast-hfb-above-header-display":"","ast-hfb-below-header-display":"","ast-hfb-mobile-header-display":"","site-post-title":"","ast-breadcrumbs-content":"","ast-featured-img":"","footer-sml-layout":"","theme-transparent-header-meta":"","adv-header-id-meta":"","stick-header-meta":"","header-above-stick-meta":"","header-main-stick-meta":"","header-below-stick-meta":"","astra-migrate-meta-layouts":"default","ast-page-background-enabled":"default","ast-page-background-meta":{"desktop":{"background-color":"var(--ast-global-color-4)","background-image":"","background-repeat":"repeat","background-position":"center center","background-size":"auto","background-attachment":"scroll","background-type":"","background-media":"","overlay-type":"","overlay-color":"","overlay-gradient":""},"tablet":{"background-color":"","background-image":"","background-repeat":"repeat","background-position":"center center","background-size":"auto","background-attachment":"scroll","background-type":"","background-media":"","overlay-type":"","overlay-color":"","overlay-gradient":""},"mobile":{"background-color":"","background-image":"","background-repeat":"repeat","background-position":"center center","background-size":"auto","background-attachment":"scroll","background-type":"","background-media":"","overlay-type":"","overlay-color":"","overlay-gradient":""}},"ast-content-background-meta":{"desktop":{"background-color":"var(--ast-global-color-5)","background-image":"","background-repeat":"repeat","background-position":"center center","background-size":"auto","background-attachment":"scroll","background-type":"","background-media":"","overlay-type":"","overlay-color":"","overlay-gradient":""},"tablet":{"background-color":"var(--ast-global-color-5)","background-image":"","background-repeat":"repeat","background-position":"center center","background-size":"auto","background-attachment":"scroll","background-type":"","background-media":"","overlay-type":"","overlay-color":"","overlay-gradient":""},"mobile":{"background-color":"var(--ast-global-color-5)","background-image":"","background-repeat":"repeat","background-position":"center center","background-size":"auto","background-attachment":"scroll","background-type":"","background-media":"","overlay-type":"","overlay-color":"","overlay-gradient":""}},"footnotes":""},"categories":[19,263,17,20,977],"tags":[34911,99760,99761,99759,99762,3037],"class_list":["post-38396","post","type-post","status-publish","format-standard","hentry","category-compuestos-coordinados","category-compuestos-de-fosforo","category-quimica","category-quimica-inorganica","category-santiago-de-compostela","tag-antonio-sousa-alonso","tag-esther-fernandez-garcia","tag-giovanni-natile","tag-paloma-sevillano-rodriguez","tag-peter-j-sadler","tag-virtudes-moreno-Martinez"],"_links":{"self":[{"href":"https:\/\/www.deberes.net\/tesis\/wp-json\/wp\/v2\/posts\/38396","targetHints":{"allow":["GET"]}}],"collection":[{"href":"https:\/\/www.deberes.net\/tesis\/wp-json\/wp\/v2\/posts"}],"about":[{"href":"https:\/\/www.deberes.net\/tesis\/wp-json\/wp\/v2\/types\/post"}],"author":[{"embeddable":true,"href":"https:\/\/www.deberes.net\/tesis\/wp-json\/wp\/v2\/users\/1"}],"replies":[{"embeddable":true,"href":"https:\/\/www.deberes.net\/tesis\/wp-json\/wp\/v2\/comments?post=38396"}],"version-history":[{"count":0,"href":"https:\/\/www.deberes.net\/tesis\/wp-json\/wp\/v2\/posts\/38396\/revisions"}],"wp:attachment":[{"href":"https:\/\/www.deberes.net\/tesis\/wp-json\/wp\/v2\/media?parent=38396"}],"wp:term":[{"taxonomy":"category","embeddable":true,"href":"https:\/\/www.deberes.net\/tesis\/wp-json\/wp\/v2\/categories?post=38396"},{"taxonomy":"post_tag","embeddable":true,"href":"https:\/\/www.deberes.net\/tesis\/wp-json\/wp\/v2\/tags?post=38396"}],"curies":[{"name":"wp","href":"https:\/\/api.w.org\/{rel}","templated":true}]}}