{"id":38397,"date":"1998-07-07T00:00:00","date_gmt":"1998-07-07T00:00:00","guid":{"rendered":"https:\/\/www.deberes.net\/tesis\/sin-categoria\/la-prevencion-ambiental-del-delito-estudio-sobre-el-espacio-defendible\/"},"modified":"1998-07-07T00:00:00","modified_gmt":"1998-07-07T00:00:00","slug":"la-prevencion-ambiental-del-delito-estudio-sobre-el-espacio-defendible","status":"publish","type":"post","link":"https:\/\/www.deberes.net\/tesis\/sociologia\/la-prevencion-ambiental-del-delito-estudio-sobre-el-espacio-defendible\/","title":{"rendered":"La prevencion ambiental del delito: estudio sobre el espacio defendible."},"content":{"rendered":"<h2>Tesis doctoral de <strong> Alvaro Marquez Cervilla <\/strong><\/h2>\n<p>Desde una perspectiva ecol\u00f3gica ambiental hemos estudiado en el espacio urbano de granada la estrategia del espacio defendible (ed). Concretamente en once barrios medimos seis variables f\u00edsicas y seis variables sociales. Los resultados, en un plano correlacional, constatan que el control f\u00edsico contiene mejor la delincuencia que el control social. Asimismo, al haber estudiado la defendibilidad ambiental en un marco molar y natural, hemos medido la efectividad del ed en relaci\u00f3n con el n\u00famero y con el tipo de actividades espec\u00edficas que posee cada espacio. Constatamos que el control defendible de un espacio queda afectado por el n\u00famero de actividades que se desarrolla en \u00e9l: cuantas m\u00e1s actividades, menor control surte el ed. Advertimos tambi\u00e9n que determinadas actividades son capaces de generar en su entorno delitos espec\u00edficos. Esta interacci\u00f3n, entre zonas de bajo ed y criminalidad espec\u00edfica es advertida por los delincuentes que seleccionan los espacios por su rentabilidad y su impunidad, lo que confirma la hip\u00f3tesis de la selectividad espacial del crimen.<\/p>\n<p>&nbsp;<\/p>\n<h3>Datos acad\u00e9micos de la tesis doctoral \u00ab<strong>La prevencion ambiental del delito: estudio sobre el espacio defendible.<\/strong>\u00ab<\/h3>\n<ul>\n<li><strong>T\u00edtulo de la tesis:<\/strong>\u00a0 La prevencion ambiental del delito: estudio sobre el espacio defendible. <\/li>\n<li><strong>Autor:<\/strong>\u00a0 Alvaro Marquez Cervilla <\/li>\n<li><strong>Universidad:<\/strong>\u00a0 Granada<\/li>\n<li><strong>Fecha de lectura de la tesis:<\/strong>\u00a0 07\/07\/1998<\/li>\n<\/ul>\n<p>&nbsp;<\/p>\n<h3>Direcci\u00f3n y tribunal<\/h3>\n<ul>\n<li><strong>Director de la tesis<\/strong>\n<ul>\n<li>Miguel Moya Morales<\/li>\n<\/ul>\n<\/li>\n<li><strong>Tribunal<\/strong>\n<ul>\n<li>Presidente del tribunal: bernardo Hernandez ruiz <\/li>\n<li>ricardo Garc\u00eda  mira (vocal)<\/li>\n<li>enric Pol urrutia (vocal)<\/li>\n<li>Mar\u00eda  dolores Calero garcia (vocal)<\/li>\n<\/ul>\n<\/li>\n<\/ul>\n<p>&nbsp;<\/p>\n","protected":false},"excerpt":{"rendered":"<p>Tesis doctoral de Alvaro Marquez Cervilla Desde una perspectiva ecol\u00f3gica ambiental hemos estudiado en el espacio urbano de granada la [&hellip;]<\/p>\n","protected":false},"author":1,"featured_media":0,"comment_status":"open","ping_status":"open","sticky":false,"template":"","format":"standard","meta":{"site-sidebar-layout":"default","site-content-layout":"","ast-site-content-layout":"","site-content-style":"default","site-sidebar-style":"default","ast-global-header-display":"","ast-banner-title-visibility":"","ast-main-header-display":"","ast-hfb-above-header-display":"","ast-hfb-below-header-display":"","ast-hfb-mobile-header-display":"","site-post-title":"","ast-breadcrumbs-content":"","ast-featured-img":"","footer-sml-layout":"","theme-transparent-header-meta":"","adv-header-id-meta":"","stick-header-meta":"","header-above-stick-meta":"","header-main-stick-meta":"","header-below-stick-meta":"","astra-migrate-meta-layouts":"default","ast-page-background-enabled":"default","ast-page-background-meta":{"desktop":{"background-color":"var(--ast-global-color-4)","background-image":"","background-repeat":"repeat","background-position":"center center","background-size":"auto","background-attachment":"scroll","background-type":"","background-media":"","overlay-type":"","overlay-color":"","overlay-gradient":""},"tablet":{"background-color":"","background-image":"","background-repeat":"repeat","background-position":"center center","background-size":"auto","background-attachment":"scroll","background-type":"","background-media":"","overlay-type":"","overlay-color":"","overlay-gradient":""},"mobile":{"background-color":"","background-image":"","background-repeat":"repeat","background-position":"center center","background-size":"auto","background-attachment":"scroll","background-type":"","background-media":"","overlay-type":"","overlay-color":"","overlay-gradient":""}},"ast-content-background-meta":{"desktop":{"background-color":"var(--ast-global-color-5)","background-image":"","background-repeat":"repeat","background-position":"center center","background-size":"auto","background-attachment":"scroll","background-type":"","background-media":"","overlay-type":"","overlay-color":"","overlay-gradient":""},"tablet":{"background-color":"var(--ast-global-color-5)","background-image":"","background-repeat":"repeat","background-position":"center center","background-size":"auto","background-attachment":"scroll","background-type":"","background-media":"","overlay-type":"","overlay-color":"","overlay-gradient":""},"mobile":{"background-color":"var(--ast-global-color-5)","background-image":"","background-repeat":"repeat","background-position":"center center","background-size":"auto","background-attachment":"scroll","background-type":"","background-media":"","overlay-type":"","overlay-color":"","overlay-gradient":""}},"footnotes":""},"categories":[1294,1295,269],"tags":[99763,24663,26238,21947,17252,21293],"class_list":["post-38397","post","type-post","status-publish","format-standard","hentry","category-delincuencia","category-problemas-y-conflictos-sociales","category-sociologia","tag-alvaro-marquez-cervilla","tag-bernardo-hernandez-ruiz","tag-enric-pol-urrutia","tag-maria-dolores-calero-garcia","tag-miguel-moya-morales","tag-ricardo-garcia-mira"],"_links":{"self":[{"href":"https:\/\/www.deberes.net\/tesis\/wp-json\/wp\/v2\/posts\/38397","targetHints":{"allow":["GET"]}}],"collection":[{"href":"https:\/\/www.deberes.net\/tesis\/wp-json\/wp\/v2\/posts"}],"about":[{"href":"https:\/\/www.deberes.net\/tesis\/wp-json\/wp\/v2\/types\/post"}],"author":[{"embeddable":true,"href":"https:\/\/www.deberes.net\/tesis\/wp-json\/wp\/v2\/users\/1"}],"replies":[{"embeddable":true,"href":"https:\/\/www.deberes.net\/tesis\/wp-json\/wp\/v2\/comments?post=38397"}],"version-history":[{"count":0,"href":"https:\/\/www.deberes.net\/tesis\/wp-json\/wp\/v2\/posts\/38397\/revisions"}],"wp:attachment":[{"href":"https:\/\/www.deberes.net\/tesis\/wp-json\/wp\/v2\/media?parent=38397"}],"wp:term":[{"taxonomy":"category","embeddable":true,"href":"https:\/\/www.deberes.net\/tesis\/wp-json\/wp\/v2\/categories?post=38397"},{"taxonomy":"post_tag","embeddable":true,"href":"https:\/\/www.deberes.net\/tesis\/wp-json\/wp\/v2\/tags?post=38397"}],"curies":[{"name":"wp","href":"https:\/\/api.w.org\/{rel}","templated":true}]}}