{"id":38401,"date":"1998-08-07T00:00:00","date_gmt":"1998-08-07T00:00:00","guid":{"rendered":"https:\/\/www.deberes.net\/tesis\/sin-categoria\/institucionalizacion-y-desarrollo-conceptual-en-las-ciencias-sociales-la-antropologia-en-la-cataluna-del-siglo-xix\/"},"modified":"1998-08-07T00:00:00","modified_gmt":"1998-08-07T00:00:00","slug":"institucionalizacion-y-desarrollo-conceptual-en-las-ciencias-sociales-la-antropologia-en-la-cataluna-del-siglo-xix","status":"publish","type":"post","link":"https:\/\/www.deberes.net\/tesis\/historia\/institucionalizacion-y-desarrollo-conceptual-en-las-ciencias-sociales-la-antropologia-en-la-cataluna-del-siglo-xix\/","title":{"rendered":"Institucionalizacion y desarrollo conceptual en las ciencias sociales. la antropolog\u00eda en la catalu\u00f1a del siglo xix."},"content":{"rendered":"<h2>Tesis doctoral de <strong> Jeronimo Bouza Vila <\/strong><\/h2>\n<p>Esta tesis se expone en dos partes diferenciales y un cap\u00edtulo de introducci\u00f3n te\u00f3rica y metodol\u00f3gica en el que se fijan las coordenadas dentro de las cuales se desarrolla la investigaci\u00f3n, prestando atenci\u00f3n preferente a los dos conceptos b\u00e1sicos de todo el trabajo: ciencia e institucionalizaci\u00f3n.  en la primera parte, partiendo del estudio del proceso de institucionalizaci\u00f3n de la antropolog\u00eda desarrollado en francia en las d\u00e9cadas centrales del siglo xix, que se considera relevante por su influencia en una gran parte de los pa\u00edses europeos, se elabora y define un modelo de institucionalizaci\u00f3n que pueda facilitar la comprensi\u00f3n de otros procesos nacionales cuyos elementos se nos aparecen como menos explicitos.  la segunda parte, centrada en la catalu\u00f1a decimon\u00f3nica, es una b\u00fasqueda de todos aquellos elementos que, en diferentes \u00e1mbitos cient\u00edficos, pol\u00edticos, econ\u00f3micos o religiosos, partiendo de una preocupaci\u00f3n por el estudio del hombre, y tras los intensos debates cuyo an\u00e1lisis constituye la parte central de la tesis, condujeron a la institucionalizaci\u00f3n de la antropolog\u00eda como disciplina cient\u00edfica.<\/p>\n<p>&nbsp;<\/p>\n<h3>Datos acad\u00e9micos de la tesis doctoral \u00ab<strong>Institucionalizacion y desarrollo conceptual en las ciencias sociales. la antropolog\u00eda en la catalu\u00f1a del siglo xix.<\/strong>\u00ab<\/h3>\n<ul>\n<li><strong>T\u00edtulo de la tesis:<\/strong>\u00a0 Institucionalizacion y desarrollo conceptual en las ciencias sociales. la antropolog\u00eda en la catalu\u00f1a del siglo xix. <\/li>\n<li><strong>Autor:<\/strong>\u00a0 Jeronimo Bouza Vila <\/li>\n<li><strong>Universidad:<\/strong>\u00a0 Barcelona<\/li>\n<li><strong>Fecha de lectura de la tesis:<\/strong>\u00a0 08\/07\/1998<\/li>\n<\/ul>\n<p>&nbsp;<\/p>\n<h3>Direcci\u00f3n y tribunal<\/h3>\n<ul>\n<li><strong>Director de la tesis<\/strong>\n<ul>\n<li>Horacio Capel Saez<\/li>\n<\/ul>\n<\/li>\n<li><strong>Tribunal<\/strong>\n<ul>\n<li>Presidente del tribunal: claudio Esteva fabregat <\/li>\n<li>Jaime Josa llorca (vocal)<\/li>\n<li>jaume Bertranpetit busquets (vocal)<\/li>\n<li>francesc Bujosa homar (vocal)<\/li>\n<\/ul>\n<\/li>\n<\/ul>\n<p>&nbsp;<\/p>\n","protected":false},"excerpt":{"rendered":"<p>Tesis doctoral de Jeronimo Bouza Vila Esta tesis se expone en dos partes diferenciales y un cap\u00edtulo de introducci\u00f3n te\u00f3rica [&hellip;]<\/p>\n","protected":false},"author":1,"featured_media":0,"comment_status":"open","ping_status":"open","sticky":false,"template":"","format":"standard","meta":{"site-sidebar-layout":"default","site-content-layout":"","ast-site-content-layout":"","site-content-style":"default","site-sidebar-style":"default","ast-global-header-display":"","ast-banner-title-visibility":"","ast-main-header-display":"","ast-hfb-above-header-display":"","ast-hfb-below-header-display":"","ast-hfb-mobile-header-display":"","site-post-title":"","ast-breadcrumbs-content":"","ast-featured-img":"","footer-sml-layout":"","theme-transparent-header-meta":"","adv-header-id-meta":"","stick-header-meta":"","header-above-stick-meta":"","header-main-stick-meta":"","header-below-stick-meta":"","astra-migrate-meta-layouts":"default","ast-page-background-enabled":"default","ast-page-background-meta":{"desktop":{"background-color":"var(--ast-global-color-4)","background-image":"","background-repeat":"repeat","background-position":"center center","background-size":"auto","background-attachment":"scroll","background-type":"","background-media":"","overlay-type":"","overlay-color":"","overlay-gradient":""},"tablet":{"background-color":"","background-image":"","background-repeat":"repeat","background-position":"center center","background-size":"auto","background-attachment":"scroll","background-type":"","background-media":"","overlay-type":"","overlay-color":"","overlay-gradient":""},"mobile":{"background-color":"","background-image":"","background-repeat":"repeat","background-position":"center center","background-size":"auto","background-attachment":"scroll","background-type":"","background-media":"","overlay-type":"","overlay-color":"","overlay-gradient":""}},"ast-content-background-meta":{"desktop":{"background-color":"var(--ast-global-color-5)","background-image":"","background-repeat":"repeat","background-position":"center center","background-size":"auto","background-attachment":"scroll","background-type":"","background-media":"","overlay-type":"","overlay-color":"","overlay-gradient":""},"tablet":{"background-color":"var(--ast-global-color-5)","background-image":"","background-repeat":"repeat","background-position":"center center","background-size":"auto","background-attachment":"scroll","background-type":"","background-media":"","overlay-type":"","overlay-color":"","overlay-gradient":""},"mobile":{"background-color":"var(--ast-global-color-5)","background-image":"","background-repeat":"repeat","background-position":"center center","background-size":"auto","background-attachment":"scroll","background-type":"","background-media":"","overlay-type":"","overlay-color":"","overlay-gradient":""}},"footnotes":""},"categories":[951,104,87603,222],"tags":[686,7979,1404,19831,19789,99766],"class_list":["post-38401","post","type-post","status-publish","format-standard","hentry","category-barcelona","category-historia","category-historia-de-la-antropologia","category-historias-especializadas","tag-claudio-esteva-fabregat","tag-francesc-bujosa-homar","tag-horacio-capel-saez","tag-jaime-josa-llorca","tag-jaume-bertranpetit-busquets","tag-jeronimo-bouza-vila"],"_links":{"self":[{"href":"https:\/\/www.deberes.net\/tesis\/wp-json\/wp\/v2\/posts\/38401","targetHints":{"allow":["GET"]}}],"collection":[{"href":"https:\/\/www.deberes.net\/tesis\/wp-json\/wp\/v2\/posts"}],"about":[{"href":"https:\/\/www.deberes.net\/tesis\/wp-json\/wp\/v2\/types\/post"}],"author":[{"embeddable":true,"href":"https:\/\/www.deberes.net\/tesis\/wp-json\/wp\/v2\/users\/1"}],"replies":[{"embeddable":true,"href":"https:\/\/www.deberes.net\/tesis\/wp-json\/wp\/v2\/comments?post=38401"}],"version-history":[{"count":0,"href":"https:\/\/www.deberes.net\/tesis\/wp-json\/wp\/v2\/posts\/38401\/revisions"}],"wp:attachment":[{"href":"https:\/\/www.deberes.net\/tesis\/wp-json\/wp\/v2\/media?parent=38401"}],"wp:term":[{"taxonomy":"category","embeddable":true,"href":"https:\/\/www.deberes.net\/tesis\/wp-json\/wp\/v2\/categories?post=38401"},{"taxonomy":"post_tag","embeddable":true,"href":"https:\/\/www.deberes.net\/tesis\/wp-json\/wp\/v2\/tags?post=38401"}],"curies":[{"name":"wp","href":"https:\/\/api.w.org\/{rel}","templated":true}]}}