{"id":38411,"date":"1998-09-07T00:00:00","date_gmt":"1998-09-07T00:00:00","guid":{"rendered":"https:\/\/www.deberes.net\/tesis\/sin-categoria\/hacia-una-interpretacion-de-la-identidad-profesional-del-profesorado-de-la-universidad-de-santiago-de-compostela-catedraticos-trayectorias-y-practicas\/"},"modified":"1998-09-07T00:00:00","modified_gmt":"1998-09-07T00:00:00","slug":"hacia-una-interpretacion-de-la-identidad-profesional-del-profesorado-de-la-universidad-de-santiago-de-compostela-catedraticos-trayectorias-y-practicas","status":"publish","type":"post","link":"https:\/\/www.deberes.net\/tesis\/santiago-de-compostela\/hacia-una-interpretacion-de-la-identidad-profesional-del-profesorado-de-la-universidad-de-santiago-de-compostela-catedraticos-trayectorias-y-practicas\/","title":{"rendered":"Hacia una interpretacion de la identidad profesional del profesorado de la universidad de santiago de compostela. catedraticos: trayectorias y practicas."},"content":{"rendered":"<h2>Tesis doctoral de <strong> Adriana Gewerc Barujel <\/strong><\/h2>\n<p>La investigaci\u00f3n analiza la construcci\u00f3n de la identidad profesional que catedr\u00e1ticos de la universidad de santiago de compostela han construido en el transcurso de su historia.  se parte de la concepci\u00f3n de que la construcci\u00f3n de la identidad profesional est\u00e1 social, hist\u00f3rica e institucionalmente determinada. Los sujetos asumen una manera de ser profesional en funci\u00f3n de transacciones entre las demandas institucionales y sociales, condicionadas por el momento hist\u00f3rico particular en que se vive y su propia historia. Es por eso que las maneras de ser profesor en la universidad, las identidades constru\u00eddas, se han ido transformando con el tiempo, en un proceso en donde cada generaci\u00f3n rompe con las que le precedieron, pero al mismo tiempo establece continuidades que garantizan el mantenimiento de un determinado orden en las instituciones. En un proceso que es individual y social al mismo tiempo y en donde cada individuo negocia entre la identidad que el medio le demanda asumir y la que \u00e9l aspira como propia.  el trabajo ha consistido en observar a la instituci\u00f3n y a las reglas que ella impone, a trav\u00e9s de una mirada privilegiada, la de catedr\u00e1ticos de universidad, es decir, aquellos sujetos que ya han realizado los aprendizajes necesarios para desarrollarse en su seno. Se toman las representaciones de los catedr\u00e1ticos en relaci\u00f3n a su trayectoria en la instituci\u00f3n, la organizaci\u00f3n en la que trabajan &#8211; fundamentalmente el departamento como eje de \u00e9sta &#8211; y las pr\u00e1cticas: docencia e investigaci\u00f3n.  la investigaci\u00f3n se realiz\u00f3en un marco interpretativo, con una metodolog\u00eda cualitativa de estudio de caso que ofrece un estudio descriptivo en profundidad de la situaci\u00f3n particular que se pretende estudiar. Se eligi\u00f3 dar voz a los sujetos, partir de sus propias narraciones.  se ha seleccionado trabajar con casos descriptivos-interpretativos, con multicaso hol\u00edstico, seg\u00fan las clasificaci\u00f3n de yin (1989)<\/p>\n<p>&nbsp;<\/p>\n<h3>Datos acad\u00e9micos de la tesis doctoral \u00ab<strong>Hacia una interpretacion de la identidad profesional del profesorado de la universidad de santiago de compostela. catedraticos: trayectorias y practicas.<\/strong>\u00ab<\/h3>\n<ul>\n<li><strong>T\u00edtulo de la tesis:<\/strong>\u00a0 Hacia una interpretacion de la identidad profesional del profesorado de la universidad de santiago de compostela. catedraticos: trayectorias y practicas. <\/li>\n<li><strong>Autor:<\/strong>\u00a0 Adriana Gewerc Barujel <\/li>\n<li><strong>Universidad:<\/strong>\u00a0 Santiago de compostela<\/li>\n<li><strong>Fecha de lectura de la tesis:<\/strong>\u00a0 09\/07\/1998<\/li>\n<\/ul>\n<p>&nbsp;<\/p>\n<h3>Direcci\u00f3n y tribunal<\/h3>\n<ul>\n<li><strong>Director de la tesis<\/strong>\n<ul>\n<li>Mar\u00eda  Lourdes Montero Mesa<\/li>\n<\/ul>\n<\/li>\n<li><strong>Tribunal<\/strong>\n<ul>\n<li>Presidente del tribunal: Miguel angel Zabalza beraza <\/li>\n<li>Carlos Marcelo Garc\u00eda (vocal)<\/li>\n<li>vicente Benedito antol\u00ed (vocal)<\/li>\n<li>Miguel angel Santos guerra (vocal)<\/li>\n<\/ul>\n<\/li>\n<\/ul>\n<p>&nbsp;<\/p>\n","protected":false},"excerpt":{"rendered":"<p>Tesis doctoral de Adriana Gewerc Barujel La investigaci\u00f3n analiza la construcci\u00f3n de la identidad profesional que catedr\u00e1ticos de la universidad [&hellip;]<\/p>\n","protected":false},"author":1,"featured_media":0,"comment_status":"open","ping_status":"open","sticky":false,"template":"","format":"standard","meta":{"site-sidebar-layout":"default","site-content-layout":"","ast-site-content-layout":"","site-content-style":"default","site-sidebar-style":"default","ast-global-header-display":"","ast-banner-title-visibility":"","ast-main-header-display":"","ast-hfb-above-header-display":"","ast-hfb-below-header-display":"","ast-hfb-mobile-header-display":"","site-post-title":"","ast-breadcrumbs-content":"","ast-featured-img":"","footer-sml-layout":"","theme-transparent-header-meta":"","adv-header-id-meta":"","stick-header-meta":"","header-above-stick-meta":"","header-main-stick-meta":"","header-below-stick-meta":"","astra-migrate-meta-layouts":"default","ast-page-background-enabled":"default","ast-page-background-meta":{"desktop":{"background-color":"var(--ast-global-color-4)","background-image":"","background-repeat":"repeat","background-position":"center center","background-size":"auto","background-attachment":"scroll","background-type":"","background-media":"","overlay-type":"","overlay-color":"","overlay-gradient":""},"tablet":{"background-color":"","background-image":"","background-repeat":"repeat","background-position":"center center","background-size":"auto","background-attachment":"scroll","background-type":"","background-media":"","overlay-type":"","overlay-color":"","overlay-gradient":""},"mobile":{"background-color":"","background-image":"","background-repeat":"repeat","background-position":"center center","background-size":"auto","background-attachment":"scroll","background-type":"","background-media":"","overlay-type":"","overlay-color":"","overlay-gradient":""}},"ast-content-background-meta":{"desktop":{"background-color":"var(--ast-global-color-5)","background-image":"","background-repeat":"repeat","background-position":"center center","background-size":"auto","background-attachment":"scroll","background-type":"","background-media":"","overlay-type":"","overlay-color":"","overlay-gradient":""},"tablet":{"background-color":"var(--ast-global-color-5)","background-image":"","background-repeat":"repeat","background-position":"center center","background-size":"auto","background-attachment":"scroll","background-type":"","background-media":"","overlay-type":"","overlay-color":"","overlay-gradient":""},"mobile":{"background-color":"var(--ast-global-color-5)","background-image":"","background-repeat":"repeat","background-position":"center center","background-size":"auto","background-attachment":"scroll","background-type":"","background-media":"","overlay-type":"","overlay-color":"","overlay-gradient":""}},"footnotes":""},"categories":[1140,1184,1141,1288,977],"tags":[99784,26637,8125,8007,2670,80402],"class_list":["post-38411","post","type-post","status-publish","format-standard","hentry","category-formacion-y-empleo-de-profesores","category-organizacion-y-planificacion-de-la-educacion","category-pedagogia","category-preparacion-de-profesores","category-santiago-de-compostela","tag-adriana-gewerc-barujel","tag-carlos-marcelo-garcia","tag-maria-lourdes-montero-mesa","tag-miguel-angel-santos-guerra","tag-miguel-angel-zabalza-beraza","tag-vicente-benedito-antoli"],"_links":{"self":[{"href":"https:\/\/www.deberes.net\/tesis\/wp-json\/wp\/v2\/posts\/38411","targetHints":{"allow":["GET"]}}],"collection":[{"href":"https:\/\/www.deberes.net\/tesis\/wp-json\/wp\/v2\/posts"}],"about":[{"href":"https:\/\/www.deberes.net\/tesis\/wp-json\/wp\/v2\/types\/post"}],"author":[{"embeddable":true,"href":"https:\/\/www.deberes.net\/tesis\/wp-json\/wp\/v2\/users\/1"}],"replies":[{"embeddable":true,"href":"https:\/\/www.deberes.net\/tesis\/wp-json\/wp\/v2\/comments?post=38411"}],"version-history":[{"count":0,"href":"https:\/\/www.deberes.net\/tesis\/wp-json\/wp\/v2\/posts\/38411\/revisions"}],"wp:attachment":[{"href":"https:\/\/www.deberes.net\/tesis\/wp-json\/wp\/v2\/media?parent=38411"}],"wp:term":[{"taxonomy":"category","embeddable":true,"href":"https:\/\/www.deberes.net\/tesis\/wp-json\/wp\/v2\/categories?post=38411"},{"taxonomy":"post_tag","embeddable":true,"href":"https:\/\/www.deberes.net\/tesis\/wp-json\/wp\/v2\/tags?post=38411"}],"curies":[{"name":"wp","href":"https:\/\/api.w.org\/{rel}","templated":true}]}}