{"id":38432,"date":"1998-10-07T00:00:00","date_gmt":"1998-10-07T00:00:00","guid":{"rendered":"https:\/\/www.deberes.net\/tesis\/sin-categoria\/apego-al-lugar-ambitos-dimensiones-y-estilos\/"},"modified":"1998-10-07T00:00:00","modified_gmt":"1998-10-07T00:00:00","slug":"apego-al-lugar-ambitos-dimensiones-y-estilos","status":"publish","type":"post","link":"https:\/\/www.deberes.net\/tesis\/psicologia\/apego-al-lugar-ambitos-dimensiones-y-estilos\/","title":{"rendered":"Apego al lugar: ambitos, dimensiones y estilos."},"content":{"rendered":"<h2>Tesis doctoral de <strong> M. Carmen Hidalgo Villodres <\/strong><\/h2>\n<p>Esta tesis versa sobre los sentimiento de apego que las personas desarrollan hacia determinados lugares, especialmente los lugares de residencia. Los objetivos que se ha planteado han sido determinar el \u00e1mbito de apego preferido, analizar las variables predictoras del apego al lugar, demostrar la existencia de apego a la dimensi\u00f3n f\u00edsica de los lugares adem\u00e1s de la dimension social y comprobar la adecuaci\u00f3n de los estilos de apego infantil y adulto en el apego al lugar. Como resultado se han obtenido las siguientes conclusiones. En primer lugar se ha comprobado que el \u00e1mbito de apego m\u00e1s importante para los sujetos es la casa, seguido de la ciudad, y en \u00faltimo lugar del barrio. En cuanto a las variables predictoras, se ha encontrado que apego al lugar no depende b\u00e1sicamente de caracter\u00edsticas sociod\u00e9mogr\u00e1ficas tales como la edad, el sexo o la clase social. Por otra parte, los estudios 2 y 3 han ofrecido evidencia de que el apego al lugar se dirige no s\u00f3lo hacia la dimensi\u00f3n social de los lugares, sino tambi\u00e9n hacia el comonente f\u00edsico del lugar, y que ese apego no depende de las interacciones sociales desarrolladas en dicho lugar. Por \u00faltimo, hemos observado que la clasificaci\u00f3n del apego infantil y adulto en tres estilos (seguro, ansioso y evidente) no es adecuada para el apego al lugar obteniendo unicamente dos estilos.<\/p>\n<p>&nbsp;<\/p>\n<h3>Datos acad\u00e9micos de la tesis doctoral \u00ab<strong>Apego al lugar: ambitos, dimensiones y estilos.<\/strong>\u00ab<\/h3>\n<ul>\n<li><strong>T\u00edtulo de la tesis:<\/strong>\u00a0 Apego al lugar: ambitos, dimensiones y estilos. <\/li>\n<li><strong>Autor:<\/strong>\u00a0 M. Carmen Hidalgo Villodres <\/li>\n<li><strong>Universidad:<\/strong>\u00a0 La laguna<\/li>\n<li><strong>Fecha de lectura de la tesis:<\/strong>\u00a0 10\/07\/1998<\/li>\n<\/ul>\n<p>&nbsp;<\/p>\n<h3>Direcci\u00f3n y tribunal<\/h3>\n<ul>\n<li><strong>Director de la tesis<\/strong>\n<ul>\n<li>Bernardo Hernandez Ruiz<\/li>\n<\/ul>\n<\/li>\n<li><strong>Tribunal<\/strong>\n<ul>\n<li>Presidente del tribunal: armando Rodriguez perez <\/li>\n<li>Jos\u00e9 Antonio Corraliza rodriguez (vocal)<\/li>\n<li>sergi Valera pertegas (vocal)<\/li>\n<li>Luis Gomez jacinto (vocal)<\/li>\n<\/ul>\n<\/li>\n<\/ul>\n<p>&nbsp;<\/p>\n","protected":false},"excerpt":{"rendered":"<p>Tesis doctoral de M. Carmen Hidalgo Villodres Esta tesis versa sobre los sentimiento de apego que las personas desarrollan hacia [&hellip;]<\/p>\n","protected":false},"author":1,"featured_media":0,"comment_status":"open","ping_status":"open","sticky":false,"template":"","format":"standard","meta":{"site-sidebar-layout":"default","site-content-layout":"","ast-site-content-layout":"","site-content-style":"default","site-sidebar-style":"default","ast-global-header-display":"","ast-banner-title-visibility":"","ast-main-header-display":"","ast-hfb-above-header-display":"","ast-hfb-below-header-display":"","ast-hfb-mobile-header-display":"","site-post-title":"","ast-breadcrumbs-content":"","ast-featured-img":"","footer-sml-layout":"","theme-transparent-header-meta":"","adv-header-id-meta":"","stick-header-meta":"","header-above-stick-meta":"","header-main-stick-meta":"","header-below-stick-meta":"","astra-migrate-meta-layouts":"default","ast-page-background-enabled":"default","ast-page-background-meta":{"desktop":{"background-color":"var(--ast-global-color-4)","background-image":"","background-repeat":"repeat","background-position":"center center","background-size":"auto","background-attachment":"scroll","background-type":"","background-media":"","overlay-type":"","overlay-color":"","overlay-gradient":""},"tablet":{"background-color":"","background-image":"","background-repeat":"repeat","background-position":"center center","background-size":"auto","background-attachment":"scroll","background-type":"","background-media":"","overlay-type":"","overlay-color":"","overlay-gradient":""},"mobile":{"background-color":"","background-image":"","background-repeat":"repeat","background-position":"center center","background-size":"auto","background-attachment":"scroll","background-type":"","background-media":"","overlay-type":"","overlay-color":"","overlay-gradient":""}},"ast-content-background-meta":{"desktop":{"background-color":"var(--ast-global-color-5)","background-image":"","background-repeat":"repeat","background-position":"center center","background-size":"auto","background-attachment":"scroll","background-type":"","background-media":"","overlay-type":"","overlay-color":"","overlay-gradient":""},"tablet":{"background-color":"var(--ast-global-color-5)","background-image":"","background-repeat":"repeat","background-position":"center center","background-size":"auto","background-attachment":"scroll","background-type":"","background-media":"","overlay-type":"","overlay-color":"","overlay-gradient":""},"mobile":{"background-color":"var(--ast-global-color-5)","background-image":"","background-repeat":"repeat","background-position":"center center","background-size":"auto","background-attachment":"scroll","background-type":"","background-media":"","overlay-type":"","overlay-color":"","overlay-gradient":""}},"footnotes":""},"categories":[9915,324,996],"tags":[7232,24663,7231,8180,99820,62912],"class_list":["post-38432","post","type-post","status-publish","format-standard","hentry","category-la-laguna","category-psicologia","category-psicologia-social","tag-armando-rodriguez-perez","tag-bernardo-hernandez-ruiz","tag-jose-antonio-corraliza-rodriguez","tag-luis-gomez-jacinto","tag-m-carmen-hidalgo-villodres","tag-sergi-valera-pertegas"],"_links":{"self":[{"href":"https:\/\/www.deberes.net\/tesis\/wp-json\/wp\/v2\/posts\/38432","targetHints":{"allow":["GET"]}}],"collection":[{"href":"https:\/\/www.deberes.net\/tesis\/wp-json\/wp\/v2\/posts"}],"about":[{"href":"https:\/\/www.deberes.net\/tesis\/wp-json\/wp\/v2\/types\/post"}],"author":[{"embeddable":true,"href":"https:\/\/www.deberes.net\/tesis\/wp-json\/wp\/v2\/users\/1"}],"replies":[{"embeddable":true,"href":"https:\/\/www.deberes.net\/tesis\/wp-json\/wp\/v2\/comments?post=38432"}],"version-history":[{"count":0,"href":"https:\/\/www.deberes.net\/tesis\/wp-json\/wp\/v2\/posts\/38432\/revisions"}],"wp:attachment":[{"href":"https:\/\/www.deberes.net\/tesis\/wp-json\/wp\/v2\/media?parent=38432"}],"wp:term":[{"taxonomy":"category","embeddable":true,"href":"https:\/\/www.deberes.net\/tesis\/wp-json\/wp\/v2\/categories?post=38432"},{"taxonomy":"post_tag","embeddable":true,"href":"https:\/\/www.deberes.net\/tesis\/wp-json\/wp\/v2\/tags?post=38432"}],"curies":[{"name":"wp","href":"https:\/\/api.w.org\/{rel}","templated":true}]}}