{"id":38437,"date":"2018-03-09T09:38:00","date_gmt":"2018-03-09T09:38:00","guid":{"rendered":"https:\/\/www.deberes.net\/tesis\/sin-categoria\/introduccion-al-estudio-de-la-geografia-de-la-salud-en-galicia-las-provincias-de-pontevedra-y-ourense\/"},"modified":"2018-03-09T09:38:00","modified_gmt":"2018-03-09T09:38:00","slug":"introduccion-al-estudio-de-la-geografia-de-la-salud-en-galicia-las-provincias-de-pontevedra-y-ourense","status":"publish","type":"post","link":"https:\/\/www.deberes.net\/tesis\/santiago-de-compostela\/introduccion-al-estudio-de-la-geografia-de-la-salud-en-galicia-las-provincias-de-pontevedra-y-ourense\/","title":{"rendered":"Introduccion al estudio de la geografia de la salud en galicia: las provincias de pontevedra y ourense."},"content":{"rendered":"<h2>Tesis doctoral de <strong> Jes\u00fas Manuel Gonzalez Perez <\/strong><\/h2>\n<p>La existencia de importantes desequilibrios socioecon\u00f3micos, demogr\u00e1ficos y territoriales en galicia propicia la necesidad de realizar un estudio sobre el sector de la sanidad en nuestra comunidad aut\u00f3noma con el objetivo de conocer como afecta las consecuencias del actual sistema de salud estatal (ley general de sanidad de 1986) y gallego (despu\u00e9s de las transferencias a la cc.Aa. Y creaci\u00f3n del servicio galego de sa\u00fade).  hip\u00f3tesis de trabajo que se ha visto corroborada con el an\u00e1lisis sobre el estado de salud de ourense y pontevedra, an\u00e1lisis de ordenaci\u00f3n de recursos sanitarios y de acces\u00edbilidad a los dispositivos hospitalarios p\u00fablicos de referencia. Situaci\u00f3n que resalta el dinamismo en los espacios urbanos y periurbanos, y elestancamiento en los espacios rurales, envejecidos e interiores.<\/p>\n<p>&nbsp;<\/p>\n<h3>Datos acad\u00e9micos de la tesis doctoral \u00ab<strong>Introduccion al estudio de la geografia de la salud en galicia: las provincias de pontevedra y ourense.<\/strong>\u00ab<\/h3>\n<ul>\n<li><strong>T\u00edtulo de la tesis:<\/strong>\u00a0 Introduccion al estudio de la geografia de la salud en galicia: las provincias de pontevedra y ourense. <\/li>\n<li><strong>Autor:<\/strong>\u00a0 Jes\u00fas Manuel Gonzalez Perez <\/li>\n<li><strong>Universidad:<\/strong>\u00a0 Santiago de compostela<\/li>\n<li><strong>Fecha de lectura de la tesis:<\/strong>\u00a0 13\/07\/1998<\/li>\n<\/ul>\n<p>&nbsp;<\/p>\n<h3>Direcci\u00f3n y tribunal<\/h3>\n<ul>\n<li><strong>Director de la tesis<\/strong>\n<ul>\n<li>Rub\u00e9n Camilo Lois Gonz\u00e1lez<\/li>\n<\/ul>\n<\/li>\n<li><strong>Tribunal<\/strong>\n<ul>\n<li>Presidente del tribunal: Mar\u00eda del pilar Torres luna <\/li>\n<li>Ana Olivera poll (vocal)<\/li>\n<li>rene Bertrand jean (vocal)<\/li>\n<li>enrique Sanchez oriz (vocal)<\/li>\n<\/ul>\n<\/li>\n<\/ul>\n<p>&nbsp;<\/p>\n","protected":false},"excerpt":{"rendered":"<p>Tesis doctoral de Jes\u00fas Manuel Gonzalez Perez La existencia de importantes desequilibrios socioecon\u00f3micos, demogr\u00e1ficos y territoriales en galicia propicia la [&hellip;]<\/p>\n","protected":false},"author":1,"featured_media":0,"comment_status":"open","ping_status":"open","sticky":false,"template":"","format":"standard","meta":{"site-sidebar-layout":"default","site-content-layout":"","ast-site-content-layout":"","site-content-style":"default","site-sidebar-style":"default","ast-global-header-display":"","ast-banner-title-visibility":"","ast-main-header-display":"","ast-hfb-above-header-display":"","ast-hfb-below-header-display":"","ast-hfb-mobile-header-display":"","site-post-title":"","ast-breadcrumbs-content":"","ast-featured-img":"","footer-sml-layout":"","theme-transparent-header-meta":"","adv-header-id-meta":"","stick-header-meta":"","header-above-stick-meta":"","header-main-stick-meta":"","header-below-stick-meta":"","astra-migrate-meta-layouts":"default","ast-page-background-enabled":"default","ast-page-background-meta":{"desktop":{"background-color":"var(--ast-global-color-4)","background-image":"","background-repeat":"repeat","background-position":"center center","background-size":"auto","background-attachment":"scroll","background-type":"","background-media":"","overlay-type":"","overlay-color":"","overlay-gradient":""},"tablet":{"background-color":"","background-image":"","background-repeat":"repeat","background-position":"center center","background-size":"auto","background-attachment":"scroll","background-type":"","background-media":"","overlay-type":"","overlay-color":"","overlay-gradient":""},"mobile":{"background-color":"","background-image":"","background-repeat":"repeat","background-position":"center center","background-size":"auto","background-attachment":"scroll","background-type":"","background-media":"","overlay-type":"","overlay-color":"","overlay-gradient":""}},"ast-content-background-meta":{"desktop":{"background-color":"var(--ast-global-color-5)","background-image":"","background-repeat":"repeat","background-position":"center center","background-size":"auto","background-attachment":"scroll","background-type":"","background-media":"","overlay-type":"","overlay-color":"","overlay-gradient":""},"tablet":{"background-color":"var(--ast-global-color-5)","background-image":"","background-repeat":"repeat","background-position":"center center","background-size":"auto","background-attachment":"scroll","background-type":"","background-media":"","overlay-type":"","overlay-color":"","overlay-gradient":""},"mobile":{"background-color":"var(--ast-global-color-5)","background-image":"","background-repeat":"repeat","background-position":"center center","background-size":"auto","background-attachment":"scroll","background-type":"","background-media":"","overlay-type":"","overlay-color":"","overlay-gradient":""}},"footnotes":""},"categories":[9374,1399,1401,5990,977],"tags":[92967,48269,99829,28991,99830,36468],"class_list":["post-38437","post","type-post","status-publish","format-standard","hentry","category-demogeografia","category-geografia","category-geografia-humana","category-geografia-social","category-santiago-de-compostela","tag-ana-olivera-poll","tag-enrique-sanchez-oriz","tag-jesus-manuel-gonzalez-perez","tag-maria-del-pilar-torres-luna","tag-rene-bertrand-jean","tag-ruben-camilo-lois-gonzalez"],"_links":{"self":[{"href":"https:\/\/www.deberes.net\/tesis\/wp-json\/wp\/v2\/posts\/38437","targetHints":{"allow":["GET"]}}],"collection":[{"href":"https:\/\/www.deberes.net\/tesis\/wp-json\/wp\/v2\/posts"}],"about":[{"href":"https:\/\/www.deberes.net\/tesis\/wp-json\/wp\/v2\/types\/post"}],"author":[{"embeddable":true,"href":"https:\/\/www.deberes.net\/tesis\/wp-json\/wp\/v2\/users\/1"}],"replies":[{"embeddable":true,"href":"https:\/\/www.deberes.net\/tesis\/wp-json\/wp\/v2\/comments?post=38437"}],"version-history":[{"count":0,"href":"https:\/\/www.deberes.net\/tesis\/wp-json\/wp\/v2\/posts\/38437\/revisions"}],"wp:attachment":[{"href":"https:\/\/www.deberes.net\/tesis\/wp-json\/wp\/v2\/media?parent=38437"}],"wp:term":[{"taxonomy":"category","embeddable":true,"href":"https:\/\/www.deberes.net\/tesis\/wp-json\/wp\/v2\/categories?post=38437"},{"taxonomy":"post_tag","embeddable":true,"href":"https:\/\/www.deberes.net\/tesis\/wp-json\/wp\/v2\/tags?post=38437"}],"curies":[{"name":"wp","href":"https:\/\/api.w.org\/{rel}","templated":true}]}}