{"id":38449,"date":"2018-03-09T09:38:01","date_gmt":"2018-03-09T09:38:01","guid":{"rendered":"https:\/\/www.deberes.net\/tesis\/sin-categoria\/efectos-ecologicos-derivados-del-abandono-de-tierras-de-cultivo-en-la-provincia-de-leon-municipio-de-chozas-de-abajo\/"},"modified":"2018-03-09T09:38:01","modified_gmt":"2018-03-09T09:38:01","slug":"efectos-ecologicos-derivados-del-abandono-de-tierras-de-cultivo-en-la-provincia-de-leon-municipio-de-chozas-de-abajo","status":"publish","type":"post","link":"https:\/\/www.deberes.net\/tesis\/ciencias-de-la-vida\/efectos-ecologicos-derivados-del-abandono-de-tierras-de-cultivo-en-la-provincia-de-leon-municipio-de-chozas-de-abajo\/","title":{"rendered":"Efectos ecologicos derivados del abandono de tierras de cultivo en la provincia de leon (municipio de chozas de abajo)."},"content":{"rendered":"<h2>Tesis doctoral de <strong> Susana Suarez Seoane <\/strong><\/h2>\n<p>Dos cambios principales en los usos de las tierras han afectado a los paisajes agr\u00edcolas europeos durante la segunda mitad del siglo: la intensificaci\u00f3n y el abandono de las tierras de cultivo. en este trabajo, se abord\u00f3 la incidencia del fen\u00f3meno del abandono de las tierras en el municipio de chozas de abajo (provincia de le\u00f3n), y su efecto sobre el paisaje y la biodiversidad (aves, flora y vegetaci\u00f3n) que en \u00e9l se desarrollan. conceptualmente, se sit\u00faa en el marco te\u00f3rico de la ecolog\u00eda del paisaje, analizando la estructura, din\u00e1mica y funci\u00f3n del paisaje mediante una aproximaci\u00f3n pluriescalar y pluridisciplinar. tambi\u00e9n se han utilizado conceptos propios de la ecolog\u00eda de sistemas al estudiar la comunidad de aves en un gradiente de abandono. el paisaje se organiz\u00f3 jer\u00e1rquicamente en respuesta a los cambios producidos en la intensidad de la presi\u00f3n agr\u00edcola, encontr\u00e1ndose velocidades de cambio mayores en los niveles superiores que en los inferiores, lo que es inhabitual en relaci\u00f3n a la teor\u00eda de la jerarqu\u00eda. El paisaje se volvi\u00f3 cada vez m\u00e1s heterog\u00e9neo y diverso a todas las escalas (espacial, temporal y tipol\u00f3gica) a nivel sectorial, y m\u00e1s homog\u00e9neo a nivel local. Durante las primeras etapas de la sucesi\u00f3n secundaria desencadenada en las tierras retiradas de la producci\u00f3n, se produjo un importante incremento de la riqueza flor\u00edstica, que disminuy\u00f3 hacia las etapas forestales. Estas primeras etapas fueron tambi\u00e9n interesantes para las especies de aves esteparias. A lo largo del gradiente sucesional, cambi\u00f3 la composici\u00f3n cualitativa y cuantitativa de la comunidad de aves. Como medidas de gesti\u00f3n se proponen 1) el mantenimiento del mosaico cultural con parcelas abandonadas diseminadas espacialmente, de importante valor para la avifauna esteparia por ofrecer disponibilidad de recursos a lo largo de todo el a\u00f1o, 2) el mantenimiento de las \u00e1reas boscosas aut\u00f3ctonas, tratando<\/p>\n<p>&nbsp;<\/p>\n<h3>Datos acad\u00e9micos de la tesis doctoral \u00ab<strong>Efectos ecologicos derivados del abandono de tierras de cultivo en la provincia de leon (municipio de chozas de abajo).<\/strong>\u00ab<\/h3>\n<ul>\n<li><strong>T\u00edtulo de la tesis:<\/strong>\u00a0 Efectos ecologicos derivados del abandono de tierras de cultivo en la provincia de leon (municipio de chozas de abajo). <\/li>\n<li><strong>Autor:<\/strong>\u00a0 Susana Suarez Seoane <\/li>\n<li><strong>Universidad:<\/strong>\u00a0 Le\u00f3n<\/li>\n<li><strong>Fecha de lectura de la tesis:<\/strong>\u00a0 14\/07\/1998<\/li>\n<\/ul>\n<p>&nbsp;<\/p>\n<h3>Direcci\u00f3n y tribunal<\/h3>\n<ul>\n<li><strong>Director de la tesis<\/strong>\n<ul>\n<li>Vicente Ena Alvarez<\/li>\n<\/ul>\n<\/li>\n<li><strong>Tribunal<\/strong>\n<ul>\n<li>Presidente del tribunal: Estanislao De Luis Calabuig <\/li>\n<li>Juan Carranza Almansa (vocal)<\/li>\n<li>Francoise Burel (vocal)<\/li>\n<li>Edward Osborne Patrick (vocal)<\/li>\n<\/ul>\n<\/li>\n<\/ul>\n<p>&nbsp;<\/p>\n","protected":false},"excerpt":{"rendered":"<p>Tesis doctoral de Susana Suarez Seoane Dos cambios principales en los usos de las tierras han afectado a los paisajes [&hellip;]<\/p>\n","protected":false},"author":1,"featured_media":0,"comment_status":"open","ping_status":"open","sticky":false,"template":"","format":"standard","meta":{"site-sidebar-layout":"default","site-content-layout":"","ast-site-content-layout":"","site-content-style":"default","site-sidebar-style":"default","ast-global-header-display":"","ast-banner-title-visibility":"","ast-main-header-display":"","ast-hfb-above-header-display":"","ast-hfb-below-header-display":"","ast-hfb-mobile-header-display":"","site-post-title":"","ast-breadcrumbs-content":"","ast-featured-img":"","footer-sml-layout":"","theme-transparent-header-meta":"","adv-header-id-meta":"","stick-header-meta":"","header-above-stick-meta":"","header-main-stick-meta":"","header-below-stick-meta":"","astra-migrate-meta-layouts":"default","ast-page-background-enabled":"default","ast-page-background-meta":{"desktop":{"background-color":"var(--ast-global-color-4)","background-image":"","background-repeat":"repeat","background-position":"center center","background-size":"auto","background-attachment":"scroll","background-type":"","background-media":"","overlay-type":"","overlay-color":"","overlay-gradient":""},"tablet":{"background-color":"","background-image":"","background-repeat":"repeat","background-position":"center center","background-size":"auto","background-attachment":"scroll","background-type":"","background-media":"","overlay-type":"","overlay-color":"","overlay-gradient":""},"mobile":{"background-color":"","background-image":"","background-repeat":"repeat","background-position":"center center","background-size":"auto","background-attachment":"scroll","background-type":"","background-media":"","overlay-type":"","overlay-color":"","overlay-gradient":""}},"ast-content-background-meta":{"desktop":{"background-color":"var(--ast-global-color-5)","background-image":"","background-repeat":"repeat","background-position":"center center","background-size":"auto","background-attachment":"scroll","background-type":"","background-media":"","overlay-type":"","overlay-color":"","overlay-gradient":""},"tablet":{"background-color":"var(--ast-global-color-5)","background-image":"","background-repeat":"repeat","background-position":"center center","background-size":"auto","background-attachment":"scroll","background-type":"","background-media":"","overlay-type":"","overlay-color":"","overlay-gradient":""},"mobile":{"background-color":"var(--ast-global-color-5)","background-image":"","background-repeat":"repeat","background-position":"center center","background-size":"auto","background-attachment":"scroll","background-type":"","background-media":"","overlay-type":"","overlay-color":"","overlay-gradient":""}},"footnotes":""},"categories":[972,35,620,4430,226],"tags":[99851,4440,99850,2353,61445,22537],"class_list":["post-38449","post","type-post","status-publish","format-standard","hentry","category-botanica","category-ciencias-de-la-vida","category-ecologia-vegetal","category-leon","category-zoologia","tag-edward-osborne-patrick","tag-estanislao-de-luis-calabuig","tag-francoise-burel","tag-juan-carranza-almansa","tag-susana-suarez-seoane","tag-vicente-ena-alvarez"],"_links":{"self":[{"href":"https:\/\/www.deberes.net\/tesis\/wp-json\/wp\/v2\/posts\/38449","targetHints":{"allow":["GET"]}}],"collection":[{"href":"https:\/\/www.deberes.net\/tesis\/wp-json\/wp\/v2\/posts"}],"about":[{"href":"https:\/\/www.deberes.net\/tesis\/wp-json\/wp\/v2\/types\/post"}],"author":[{"embeddable":true,"href":"https:\/\/www.deberes.net\/tesis\/wp-json\/wp\/v2\/users\/1"}],"replies":[{"embeddable":true,"href":"https:\/\/www.deberes.net\/tesis\/wp-json\/wp\/v2\/comments?post=38449"}],"version-history":[{"count":0,"href":"https:\/\/www.deberes.net\/tesis\/wp-json\/wp\/v2\/posts\/38449\/revisions"}],"wp:attachment":[{"href":"https:\/\/www.deberes.net\/tesis\/wp-json\/wp\/v2\/media?parent=38449"}],"wp:term":[{"taxonomy":"category","embeddable":true,"href":"https:\/\/www.deberes.net\/tesis\/wp-json\/wp\/v2\/categories?post=38449"},{"taxonomy":"post_tag","embeddable":true,"href":"https:\/\/www.deberes.net\/tesis\/wp-json\/wp\/v2\/tags?post=38449"}],"curies":[{"name":"wp","href":"https:\/\/api.w.org\/{rel}","templated":true}]}}