{"id":38458,"date":"2018-03-09T09:38:02","date_gmt":"2018-03-09T09:38:02","guid":{"rendered":"https:\/\/www.deberes.net\/tesis\/sin-categoria\/el-nuevo-sistema-ferroviario-y-su-ordenacion-juridica\/"},"modified":"2018-03-09T09:38:02","modified_gmt":"2018-03-09T09:38:02","slug":"el-nuevo-sistema-ferroviario-y-su-ordenacion-juridica","status":"publish","type":"post","link":"https:\/\/www.deberes.net\/tesis\/ciencias-juridicas-y-derecho\/el-nuevo-sistema-ferroviario-y-su-ordenacion-juridica\/","title":{"rendered":"El nuevo sistema ferroviario y su ordenacion juridica."},"content":{"rendered":"<h2>Tesis doctoral de <strong> Ana Isabel Olmedo  Gaya <\/strong><\/h2>\n<p>El trabajo de investigaci\u00f3n tiene por objetivo principal el estudio desde una perspectiva jur\u00eddico-administrativa, del transporte ferroviario.  el ferrocarril nace y se desarrolla hasta principios del siglo xx de la mano de compa\u00f1\u00edas privadas que gestionaban y explotaban el servicio ferroviario por medio de concesiones temporales, sin embargo, la crisis econ\u00f3mica fruto de una mala pol\u00edtica ferroviaria que acompa\u00f1a a las mismas determina, finalmente, la gran nacionalizaci\u00f3n ferroviaria.  este esquema evolutivo se reprodujo en la pr\u00e1ctica totalidad de los pa\u00edses en los que se puso en funcionamiento este nuevo medio de transporte.  en la actualidad la explotaci\u00f3n y gesti\u00f3n de las redes ferroviarias europeas est\u00e1 sufriendo el segundo gran cambio de su centenaria historia. El primero se produjo con la cadena de sucesivas nacionalizaciones de mediados de siglo. Hoy se vislumbra un nuevo cambio de rumbo a la tradicional organizaci\u00f3n ferroviaria: la separaci\u00f3n entre la administraci\u00f3n de la infraestructura ferroviaria y la explotaci\u00f3n de los servicios de transporte, as\u00ed como el libre acceso a la infraestructura ferroviaria cuyo t\u00edmido inicio la ha marcado la directiva 91\/440\/cee. No obstante, la liberalizaci\u00f3n del ferrocarril no ha hecho sino que comenzar.<\/p>\n<p>&nbsp;<\/p>\n<h3>Datos acad\u00e9micos de la tesis doctoral \u00ab<strong>El nuevo sistema ferroviario y su ordenacion juridica.<\/strong>\u00ab<\/h3>\n<ul>\n<li><strong>T\u00edtulo de la tesis:<\/strong>\u00a0 El nuevo sistema ferroviario y su ordenacion juridica. <\/li>\n<li><strong>Autor:<\/strong>\u00a0 Ana Isabel Olmedo  Gaya <\/li>\n<li><strong>Universidad:<\/strong>\u00a0 Granada<\/li>\n<li><strong>Fecha de lectura de la tesis:<\/strong>\u00a0 16\/07\/1998<\/li>\n<\/ul>\n<p>&nbsp;<\/p>\n<h3>Direcci\u00f3n y tribunal<\/h3>\n<ul>\n<li><strong>Director de la tesis<\/strong>\n<ul>\n<li>Jos\u00e9 Francisco Lopez Font Marquez<\/li>\n<\/ul>\n<\/li>\n<li><strong>Tribunal<\/strong>\n<ul>\n<li>Presidente del tribunal: eduardo Roca roca <\/li>\n<li>\u00e1ngel S\u00e1nchez blanco (vocal)<\/li>\n<li>Luis Morell oca\u00f1a (vocal)<\/li>\n<li>Francisco de borja Lopez-jurado escribano (vocal)<\/li>\n<\/ul>\n<\/li>\n<\/ul>\n<p>&nbsp;<\/p>\n","protected":false},"excerpt":{"rendered":"<p>Tesis doctoral de Ana Isabel Olmedo Gaya El trabajo de investigaci\u00f3n tiene por objetivo principal el estudio desde una perspectiva [&hellip;]<\/p>\n","protected":false},"author":1,"featured_media":0,"comment_status":"open","ping_status":"open","sticky":false,"template":"","format":"standard","meta":{"site-sidebar-layout":"default","site-content-layout":"","ast-site-content-layout":"","site-content-style":"default","site-sidebar-style":"default","ast-global-header-display":"","ast-banner-title-visibility":"","ast-main-header-display":"","ast-hfb-above-header-display":"","ast-hfb-below-header-display":"","ast-hfb-mobile-header-display":"","site-post-title":"","ast-breadcrumbs-content":"","ast-featured-img":"","footer-sml-layout":"","theme-transparent-header-meta":"","adv-header-id-meta":"","stick-header-meta":"","header-above-stick-meta":"","header-main-stick-meta":"","header-below-stick-meta":"","astra-migrate-meta-layouts":"default","ast-page-background-enabled":"default","ast-page-background-meta":{"desktop":{"background-color":"var(--ast-global-color-4)","background-image":"","background-repeat":"repeat","background-position":"center center","background-size":"auto","background-attachment":"scroll","background-type":"","background-media":"","overlay-type":"","overlay-color":"","overlay-gradient":""},"tablet":{"background-color":"","background-image":"","background-repeat":"repeat","background-position":"center center","background-size":"auto","background-attachment":"scroll","background-type":"","background-media":"","overlay-type":"","overlay-color":"","overlay-gradient":""},"mobile":{"background-color":"","background-image":"","background-repeat":"repeat","background-position":"center center","background-size":"auto","background-attachment":"scroll","background-type":"","background-media":"","overlay-type":"","overlay-color":"","overlay-gradient":""}},"ast-content-background-meta":{"desktop":{"background-color":"var(--ast-global-color-5)","background-image":"","background-repeat":"repeat","background-position":"center center","background-size":"auto","background-attachment":"scroll","background-type":"","background-media":"","overlay-type":"","overlay-color":"","overlay-gradient":""},"tablet":{"background-color":"var(--ast-global-color-5)","background-image":"","background-repeat":"repeat","background-position":"center center","background-size":"auto","background-attachment":"scroll","background-type":"","background-media":"","overlay-type":"","overlay-color":"","overlay-gradient":""},"mobile":{"background-color":"var(--ast-global-color-5)","background-image":"","background-repeat":"repeat","background-position":"center center","background-size":"auto","background-attachment":"scroll","background-type":"","background-media":"","overlay-type":"","overlay-color":"","overlay-gradient":""}},"footnotes":""},"categories":[612,1442,979],"tags":[99863,18554,3454,35329,99864,22286],"class_list":["post-38458","post","type-post","status-publish","format-standard","hentry","category-ciencias-juridicas-y-derecho","category-derecho-administrativo","category-derecho-y-legislacion-nacionales","tag-ana-isabel-olmedo-gaya","tag-angel-sanchez-blanco","tag-eduardo-roca-roca","tag-francisco-de-borja-lopez-jurado-escribano","tag-jose-francisco-lopez-font-marquez","tag-luis-morell-ocana"],"_links":{"self":[{"href":"https:\/\/www.deberes.net\/tesis\/wp-json\/wp\/v2\/posts\/38458","targetHints":{"allow":["GET"]}}],"collection":[{"href":"https:\/\/www.deberes.net\/tesis\/wp-json\/wp\/v2\/posts"}],"about":[{"href":"https:\/\/www.deberes.net\/tesis\/wp-json\/wp\/v2\/types\/post"}],"author":[{"embeddable":true,"href":"https:\/\/www.deberes.net\/tesis\/wp-json\/wp\/v2\/users\/1"}],"replies":[{"embeddable":true,"href":"https:\/\/www.deberes.net\/tesis\/wp-json\/wp\/v2\/comments?post=38458"}],"version-history":[{"count":0,"href":"https:\/\/www.deberes.net\/tesis\/wp-json\/wp\/v2\/posts\/38458\/revisions"}],"wp:attachment":[{"href":"https:\/\/www.deberes.net\/tesis\/wp-json\/wp\/v2\/media?parent=38458"}],"wp:term":[{"taxonomy":"category","embeddable":true,"href":"https:\/\/www.deberes.net\/tesis\/wp-json\/wp\/v2\/categories?post=38458"},{"taxonomy":"post_tag","embeddable":true,"href":"https:\/\/www.deberes.net\/tesis\/wp-json\/wp\/v2\/tags?post=38458"}],"curies":[{"name":"wp","href":"https:\/\/api.w.org\/{rel}","templated":true}]}}