{"id":38483,"date":"2018-03-09T09:38:04","date_gmt":"2018-03-09T09:38:04","guid":{"rendered":"https:\/\/www.deberes.net\/tesis\/sin-categoria\/formacion-e-uso-dos-gabinetes-de-historia-natural-no-ensino-publico-en-galicia-no-seculo-xix\/"},"modified":"2018-03-09T09:38:04","modified_gmt":"2018-03-09T09:38:04","slug":"formacion-e-uso-dos-gabinetes-de-historia-natural-no-ensino-publico-en-galicia-no-seculo-xix","status":"publish","type":"post","link":"https:\/\/www.deberes.net\/tesis\/historia\/formacion-e-uso-dos-gabinetes-de-historia-natural-no-ensino-publico-en-galicia-no-seculo-xix\/","title":{"rendered":"Formacion e uso dos gabinetes de historia natural no ensino publico en galicia no seculo xix."},"content":{"rendered":"<h2>Tesis doctoral de <strong> Anxela Bugallo Rodriguez <\/strong><\/h2>\n<p>La tesis pretende una reflexi\u00f3n sobre la ense\u00f1anza en galicia de la historia natural durante el siglo xix a trav\u00e9s de objetos materiales directos, los gabinetes, y, al mismo tiempo plantea una propuesta de reutilizaci\u00f3n del abundante patrimonio hist\u00f3rico-cient\u00edfico conservado en los antiguos centros educativos gallegos.  la metodolog\u00eda empleada es el resultado de la combinaci\u00f3n de dos v\u00edas de estudio de las ciencias, la historia y la did\u00e1ctica de la biolog\u00eda. El enfoque metodol\u00f3gico central del trabajo se acerca a la visi\u00f3n de la microhistoria, sobre todo en lo que corresponde a su procedimiento an\u00e1litico y a sus posibilidades de llegar a la observaci\u00f3n de nuevos factores. Este an\u00e1lisis se complementa con una exploraci\u00f3n del grado de impacto de una exposici\u00f3n, investigaci\u00f3n que permit\u00eda conocer las posibilidades did\u00e1cticas del patrimonio hist\u00f3rico cientifico.  las principales conclusiones de esta investigaci\u00f3n son las siguientes: 1) las reformas educativas fundamentales en el desarrollo de los gabinetes de historia natural, son las mismas que impulsan las c\u00e1tedras cient\u00edficas. 2) los gabietes estudiados fueron, en parte, resultado de una ambici\u00f3n social centrada en la b\u00fasqueda de titulaciones de aplicaci\u00f3n a la industria y a la agricultura. 3) las principales v\u00edas de ingreso del material cient\u00edfico en los gabinetes fueron tres: las adquisiciones, los intercambios con otras instituciones y, sobre todo, las donaciones.  los donadores son un factor trascendental en los gabinetes gallegos y una consecuencia l\u00f3gica de que mucha de la ciencia hecha en galicia se realizaba fuera de las instituciones. 4) el nivel de influencia del profesorado en el gabinete es muy elevado, pues son los directores de su formaci\u00f3n y los encargados de utilizarlo. 5) el uso que se le daba a los gabinetes de historia natural tratados est\u00e1 perfectamente integrado en la metodolog\u00eda dida\u00e1ctica vigente en la \u00e9poca.  6) la r<\/p>\n<p>&nbsp;<\/p>\n<h3>Datos acad\u00e9micos de la tesis doctoral \u00ab<strong>Formacion e uso dos gabinetes de historia natural no ensino publico en galicia no seculo xix.<\/strong>\u00ab<\/h3>\n<ul>\n<li><strong>T\u00edtulo de la tesis:<\/strong>\u00a0 Formacion e uso dos gabinetes de historia natural no ensino publico en galicia no seculo xix. <\/li>\n<li><strong>Autor:<\/strong>\u00a0 Anxela Bugallo Rodriguez <\/li>\n<li><strong>Universidad:<\/strong>\u00a0 Santiago de compostela<\/li>\n<li><strong>Fecha de lectura de la tesis:<\/strong>\u00a0 20\/07\/1998<\/li>\n<\/ul>\n<p>&nbsp;<\/p>\n<h3>Direcci\u00f3n y tribunal<\/h3>\n<ul>\n<li><strong>Director de la tesis<\/strong>\n<ul>\n<li>M. Pilar Jimenez Alexandre<\/li>\n<\/ul>\n<\/li>\n<li><strong>Tribunal<\/strong>\n<ul>\n<li>Presidente del tribunal: leandro Sequeiros sanroman <\/li>\n<li>Emilio Valad\u00e9 del r\u00edo (vocal)<\/li>\n<li>Antonio Gonz\u00e1lez bueno (vocal)<\/li>\n<li>joaqu\u00edn Fern\u00e1ndez p\u00e9rez (vocal)<\/li>\n<\/ul>\n<\/li>\n<\/ul>\n<p>&nbsp;<\/p>\n","protected":false},"excerpt":{"rendered":"<p>Tesis doctoral de Anxela Bugallo Rodriguez La tesis pretende una reflexi\u00f3n sobre la ense\u00f1anza en galicia de la historia natural [&hellip;]<\/p>\n","protected":false},"author":1,"featured_media":0,"comment_status":"open","ping_status":"open","sticky":false,"template":"","format":"standard","meta":{"site-sidebar-layout":"default","site-content-layout":"","ast-site-content-layout":"","site-content-style":"default","site-sidebar-style":"default","ast-global-header-display":"","ast-banner-title-visibility":"","ast-main-header-display":"","ast-hfb-above-header-display":"","ast-hfb-below-header-display":"","ast-hfb-mobile-header-display":"","site-post-title":"","ast-breadcrumbs-content":"","ast-featured-img":"","footer-sml-layout":"","theme-transparent-header-meta":"","adv-header-id-meta":"","stick-header-meta":"","header-above-stick-meta":"","header-main-stick-meta":"","header-below-stick-meta":"","astra-migrate-meta-layouts":"default","ast-page-background-enabled":"default","ast-page-background-meta":{"desktop":{"background-color":"var(--ast-global-color-4)","background-image":"","background-repeat":"repeat","background-position":"center center","background-size":"auto","background-attachment":"scroll","background-type":"","background-media":"","overlay-type":"","overlay-color":"","overlay-gradient":""},"tablet":{"background-color":"","background-image":"","background-repeat":"repeat","background-position":"center center","background-size":"auto","background-attachment":"scroll","background-type":"","background-media":"","overlay-type":"","overlay-color":"","overlay-gradient":""},"mobile":{"background-color":"","background-image":"","background-repeat":"repeat","background-position":"center center","background-size":"auto","background-attachment":"scroll","background-type":"","background-media":"","overlay-type":"","overlay-color":"","overlay-gradient":""}},"ast-content-background-meta":{"desktop":{"background-color":"var(--ast-global-color-5)","background-image":"","background-repeat":"repeat","background-position":"center center","background-size":"auto","background-attachment":"scroll","background-type":"","background-media":"","overlay-type":"","overlay-color":"","overlay-gradient":""},"tablet":{"background-color":"var(--ast-global-color-5)","background-image":"","background-repeat":"repeat","background-position":"center center","background-size":"auto","background-attachment":"scroll","background-type":"","background-media":"","overlay-type":"","overlay-color":"","overlay-gradient":""},"mobile":{"background-color":"var(--ast-global-color-5)","background-image":"","background-repeat":"repeat","background-position":"center center","background-size":"auto","background-attachment":"scroll","background-type":"","background-media":"","overlay-type":"","overlay-color":"","overlay-gradient":""}},"footnotes":""},"categories":[104,222,7611,1141,977],"tags":[6266,99909,44140,4916,61776,99910],"class_list":["post-38483","post","type-post","status-publish","format-standard","hentry","category-historia","category-historias-especializadas","category-organizacion-y-direccion-de-las-instituciones-educativas","category-pedagogia","category-santiago-de-compostela","tag-antonio-gonzalez-bueno","tag-anxela-bugallo-rodriguez","tag-emilio-valade-del-rio","tag-joaquin-fernandez-perez","tag-leandro-sequeiros-sanroman","tag-m-pilar-jimenez-alexandre"],"_links":{"self":[{"href":"https:\/\/www.deberes.net\/tesis\/wp-json\/wp\/v2\/posts\/38483","targetHints":{"allow":["GET"]}}],"collection":[{"href":"https:\/\/www.deberes.net\/tesis\/wp-json\/wp\/v2\/posts"}],"about":[{"href":"https:\/\/www.deberes.net\/tesis\/wp-json\/wp\/v2\/types\/post"}],"author":[{"embeddable":true,"href":"https:\/\/www.deberes.net\/tesis\/wp-json\/wp\/v2\/users\/1"}],"replies":[{"embeddable":true,"href":"https:\/\/www.deberes.net\/tesis\/wp-json\/wp\/v2\/comments?post=38483"}],"version-history":[{"count":0,"href":"https:\/\/www.deberes.net\/tesis\/wp-json\/wp\/v2\/posts\/38483\/revisions"}],"wp:attachment":[{"href":"https:\/\/www.deberes.net\/tesis\/wp-json\/wp\/v2\/media?parent=38483"}],"wp:term":[{"taxonomy":"category","embeddable":true,"href":"https:\/\/www.deberes.net\/tesis\/wp-json\/wp\/v2\/categories?post=38483"},{"taxonomy":"post_tag","embeddable":true,"href":"https:\/\/www.deberes.net\/tesis\/wp-json\/wp\/v2\/tags?post=38483"}],"curies":[{"name":"wp","href":"https:\/\/api.w.org\/{rel}","templated":true}]}}