{"id":38509,"date":"2018-03-09T09:38:06","date_gmt":"2018-03-09T09:38:06","guid":{"rendered":"https:\/\/www.deberes.net\/tesis\/sin-categoria\/el-derecho-a-la-informacion-como-derecho-fundamental\/"},"modified":"2018-03-09T09:38:06","modified_gmt":"2018-03-09T09:38:06","slug":"el-derecho-a-la-informacion-como-derecho-fundamental","status":"publish","type":"post","link":"https:\/\/www.deberes.net\/tesis\/ciencias-juridicas-y-derecho\/el-derecho-a-la-informacion-como-derecho-fundamental\/","title":{"rendered":"El derecho a la informacion como derecho fundamental."},"content":{"rendered":"<h2>Tesis doctoral de <strong> M.gabriela Vargas Chacon <\/strong><\/h2>\n<p>El derecho a la informaci\u00f3n es un derecho fundamental muy novedoso que surgi\u00f3 como tal a partir de la declaraci\u00f3n de los derechos humanos de 1948. Esta normativa marc\u00f3 el inicio del reconocimiento internacional de este derecho tan importante que hasta ese momento hab\u00eda sido comprendido dentro de la libertad de expresi\u00f3n. En espa\u00f1a tal derecho fue reconocido de manera expresa en el art\u00edculo 20.1. Inciso d) de la constituci\u00f3n; sin embargo, en costa rica no existe en la constituci\u00f3n pol\u00edtica ninguna norma que de manera expresa lo contenga, y por ello, su protecci\u00f3n ha tenido que ser tutelada a partir de la interpretaci\u00f3n que ha hecho la sala constitucional costarricense de diferentes normas constitucionales y de instrumentos internacionales; interpretaci\u00f3n que a su vez ha motivado serias confusiones con otros derechos y que ha producido una delimitaci\u00f3n del derecho de manera muy diferente a la reconocida por la doctrina y jurisprudencia espa\u00f1olas.<\/p>\n<p>&nbsp;<\/p>\n<h3>Datos acad\u00e9micos de la tesis doctoral \u00ab<strong>El derecho a la informacion como derecho fundamental.<\/strong>\u00ab<\/h3>\n<ul>\n<li><strong>T\u00edtulo de la tesis:<\/strong>\u00a0 El derecho a la informacion como derecho fundamental. <\/li>\n<li><strong>Autor:<\/strong>\u00a0 M.gabriela Vargas Chacon <\/li>\n<li><strong>Universidad:<\/strong>\u00a0 Alicante<\/li>\n<li><strong>Fecha de lectura de la tesis:<\/strong>\u00a0 24\/07\/1998<\/li>\n<\/ul>\n<p>&nbsp;<\/p>\n<h3>Direcci\u00f3n y tribunal<\/h3>\n<ul>\n<li><strong>Director de la tesis<\/strong>\n<ul>\n<li>Jose Asensi Sabater<\/li>\n<\/ul>\n<\/li>\n<li><strong>Tribunal<\/strong>\n<ul>\n<li>Presidente del tribunal: javier Garcia fernandez <\/li>\n<li>marc Carrillo lopez (vocal)<\/li>\n<li>Francisco Balaguer callejon (vocal)<\/li>\n<li>Manuel Martinez sospedra (vocal)<\/li>\n<\/ul>\n<\/li>\n<\/ul>\n<p>&nbsp;<\/p>\n","protected":false},"excerpt":{"rendered":"<p>Tesis doctoral de M.gabriela Vargas Chacon El derecho a la informaci\u00f3n es un derecho fundamental muy novedoso que surgi\u00f3 como [&hellip;]<\/p>\n","protected":false},"author":1,"featured_media":0,"comment_status":"open","ping_status":"open","sticky":false,"template":"","format":"standard","meta":{"site-sidebar-layout":"default","site-content-layout":"","ast-site-content-layout":"","site-content-style":"default","site-sidebar-style":"default","ast-global-header-display":"","ast-banner-title-visibility":"","ast-main-header-display":"","ast-hfb-above-header-display":"","ast-hfb-below-header-display":"","ast-hfb-mobile-header-display":"","site-post-title":"","ast-breadcrumbs-content":"","ast-featured-img":"","footer-sml-layout":"","theme-transparent-header-meta":"","adv-header-id-meta":"","stick-header-meta":"","header-above-stick-meta":"","header-main-stick-meta":"","header-below-stick-meta":"","astra-migrate-meta-layouts":"default","ast-page-background-enabled":"default","ast-page-background-meta":{"desktop":{"background-color":"var(--ast-global-color-4)","background-image":"","background-repeat":"repeat","background-position":"center center","background-size":"auto","background-attachment":"scroll","background-type":"","background-media":"","overlay-type":"","overlay-color":"","overlay-gradient":""},"tablet":{"background-color":"","background-image":"","background-repeat":"repeat","background-position":"center center","background-size":"auto","background-attachment":"scroll","background-type":"","background-media":"","overlay-type":"","overlay-color":"","overlay-gradient":""},"mobile":{"background-color":"","background-image":"","background-repeat":"repeat","background-position":"center center","background-size":"auto","background-attachment":"scroll","background-type":"","background-media":"","overlay-type":"","overlay-color":"","overlay-gradient":""}},"ast-content-background-meta":{"desktop":{"background-color":"var(--ast-global-color-5)","background-image":"","background-repeat":"repeat","background-position":"center center","background-size":"auto","background-attachment":"scroll","background-type":"","background-media":"","overlay-type":"","overlay-color":"","overlay-gradient":""},"tablet":{"background-color":"var(--ast-global-color-5)","background-image":"","background-repeat":"repeat","background-position":"center center","background-size":"auto","background-attachment":"scroll","background-type":"","background-media":"","overlay-type":"","overlay-color":"","overlay-gradient":""},"mobile":{"background-color":"var(--ast-global-color-5)","background-image":"","background-repeat":"repeat","background-position":"center center","background-size":"auto","background-attachment":"scroll","background-type":"","background-media":"","overlay-type":"","overlay-color":"","overlay-gradient":""}},"footnotes":""},"categories":[19166,612,1450,979],"tags":[39343,24485,12980,99959,66470,9368],"class_list":["post-38509","post","type-post","status-publish","format-standard","hentry","category-alicante","category-ciencias-juridicas-y-derecho","category-derecho-constitucional","category-derecho-y-legislacion-nacionales","tag-francisco-balaguer-callejon","tag-javier-garcia-fernandez","tag-jose-asensi-sabater","tag-m-gabriela-vargas-chacon","tag-manuel-Martinez-sospedra","tag-marc-carrillo-lopez"],"_links":{"self":[{"href":"https:\/\/www.deberes.net\/tesis\/wp-json\/wp\/v2\/posts\/38509","targetHints":{"allow":["GET"]}}],"collection":[{"href":"https:\/\/www.deberes.net\/tesis\/wp-json\/wp\/v2\/posts"}],"about":[{"href":"https:\/\/www.deberes.net\/tesis\/wp-json\/wp\/v2\/types\/post"}],"author":[{"embeddable":true,"href":"https:\/\/www.deberes.net\/tesis\/wp-json\/wp\/v2\/users\/1"}],"replies":[{"embeddable":true,"href":"https:\/\/www.deberes.net\/tesis\/wp-json\/wp\/v2\/comments?post=38509"}],"version-history":[{"count":0,"href":"https:\/\/www.deberes.net\/tesis\/wp-json\/wp\/v2\/posts\/38509\/revisions"}],"wp:attachment":[{"href":"https:\/\/www.deberes.net\/tesis\/wp-json\/wp\/v2\/media?parent=38509"}],"wp:term":[{"taxonomy":"category","embeddable":true,"href":"https:\/\/www.deberes.net\/tesis\/wp-json\/wp\/v2\/categories?post=38509"},{"taxonomy":"post_tag","embeddable":true,"href":"https:\/\/www.deberes.net\/tesis\/wp-json\/wp\/v2\/tags?post=38509"}],"curies":[{"name":"wp","href":"https:\/\/api.w.org\/{rel}","templated":true}]}}