{"id":38543,"date":"1998-03-09T00:00:00","date_gmt":"1998-03-09T00:00:00","guid":{"rendered":"https:\/\/www.deberes.net\/tesis\/sin-categoria\/cognicion-contexto-y-poder-una-propuesta-sociolinguistica-y-pragmatica-para-el-estudio-de-la-interaccion-comunicativa\/"},"modified":"1998-03-09T00:00:00","modified_gmt":"1998-03-09T00:00:00","slug":"cognicion-contexto-y-poder-una-propuesta-sociolinguistica-y-pragmatica-para-el-estudio-de-la-interaccion-comunicativa","status":"publish","type":"post","link":"https:\/\/www.deberes.net\/tesis\/linguistica\/cognicion-contexto-y-poder-una-propuesta-sociolinguistica-y-pragmatica-para-el-estudio-de-la-interaccion-comunicativa\/","title":{"rendered":"Cognicion, contexto y poder: una propuesta sociolinguistica y pragmatica para el estudio de la interaccion comunicativa."},"content":{"rendered":"<h2>Tesis doctoral de <strong> Manuel Ferreiro Fernandez <\/strong><\/h2>\n<p>Una concepci\u00f3n de la comunicaci\u00f3n lingu\u00edstica com\u00fan a las diversas perspectivas actuales del lenguaje, y a otros tipos de semiosis y funciones b\u00e1sicas del ser humano, podr\u00eda ayudar a mejorar el an\u00e1lisis de fen\u00f3menos explicados insatisfactoriamente hasta el momento. Los modelos comunicativos habituales no dan cuenta del funcionamiento y complejidad reales de la comunicaci\u00f3n lingu\u00edstica: no recogen ni el dinamismo (reflejado sobre todo en la construcci\u00f3n de significados) ni, en relaci\u00f3n con el anterior, la actividad lingu\u00edstica creativa de los participantes.  tales aspectos y el reconocimiento de ciertas funciones cognitivas b\u00e1sicas pueden explicar ciertos usos hasta ahora extra\u00f1os. Para ello, es necesario tener en cuenta qu\u00e9 funci\u00f3n cumplen los sistemas semi\u00f3ticos en la relaci\u00f3n entre individuo y entorno, y por lo tanto en la cognici\u00f3n: se examinan varias aportaciones al estudio de comunicaci\u00f3n y cognicion tanto psicol\u00f3gicas (conexionismo, enacci\u00f3n, ecolog\u00eda perceptiva, propuesta de jakob von uexkull) como lingu\u00edsticas. El contexto es la categor\u00eda de la comunicaci\u00f3n que mejor recoge la naturaleza din\u00e1mica y subjetiva de nuestras configuraciones cognitivas, y en la que mejor se expresa la capacidad creadora de emisor e int\u00e9rprete. Resulta pertinente para estudiar la eficiencia y relatividad lingu\u00edsticas, y subraya la necesidad de incorporar la informaci\u00f3n no intencional al proceso de interpretaci\u00f3n impl\u00edcito en el principio de relevancia: la argumentaci\u00f3n y la cortes\u00eda ilustran la conveniencia de un enfoque cognitivo que incorpore un principio de relevancia ampliando. El grado de novedad y la rentabilidad de esta perspectiva cognitiva se muestran a prop\u00f3sitodel tratamiento que la escuela de londres, el an\u00e1lisis cr\u00edtico del discurso y la sociolingu\u00edstica interpretativa dan al contexto y, sobre todo, en lo que respecta al estudio del poder y de las part\u00edculas de contraste.<\/p>\n<p>&nbsp;<\/p>\n<h3>Datos acad\u00e9micos de la tesis doctoral \u00ab<strong>Cognicion, contexto y poder: una propuesta sociolinguistica y pragmatica para el estudio de la interaccion comunicativa.<\/strong>\u00ab<\/h3>\n<ul>\n<li><strong>T\u00edtulo de la tesis:<\/strong>\u00a0 Cognicion, contexto y poder: una propuesta sociolinguistica y pragmatica para el estudio de la interaccion comunicativa. <\/li>\n<li><strong>Autor:<\/strong>\u00a0 Manuel Ferreiro Fernandez <\/li>\n<li><strong>Universidad:<\/strong>\u00a0 Santiago de compostela<\/li>\n<li><strong>Fecha de lectura de la tesis:<\/strong>\u00a0 03\/09\/1998<\/li>\n<\/ul>\n<p>&nbsp;<\/p>\n<h3>Direcci\u00f3n y tribunal<\/h3>\n<ul>\n<li><strong>Director de la tesis<\/strong>\n<ul>\n<li>Mauro Fernandez Rodriguez<\/li>\n<\/ul>\n<\/li>\n<li><strong>Tribunal<\/strong>\n<ul>\n<li>Presidente del tribunal: Sebastia Serrano Farrera <\/li>\n<li>Modesto An\u00edbal Rodr\u00edguez Neira (vocal)<\/li>\n<li>Andr\u00e9s Villena Ponsoda (vocal)<\/li>\n<li>Carlos Hernandez Sacrist\u00e1n (vocal)<\/li>\n<\/ul>\n<\/li>\n<\/ul>\n<p>&nbsp;<\/p>\n","protected":false},"excerpt":{"rendered":"<p>Tesis doctoral de Manuel Ferreiro Fernandez Una concepci\u00f3n de la comunicaci\u00f3n lingu\u00edstica com\u00fan a las diversas perspectivas actuales del lenguaje, [&hellip;]<\/p>\n","protected":false},"author":1,"featured_media":0,"comment_status":"open","ping_status":"open","sticky":false,"template":"","format":"standard","meta":{"site-sidebar-layout":"default","site-content-layout":"","ast-site-content-layout":"","site-content-style":"default","site-sidebar-style":"default","ast-global-header-display":"","ast-banner-title-visibility":"","ast-main-header-display":"","ast-hfb-above-header-display":"","ast-hfb-below-header-display":"","ast-hfb-mobile-header-display":"","site-post-title":"","ast-breadcrumbs-content":"","ast-featured-img":"","footer-sml-layout":"","theme-transparent-header-meta":"","adv-header-id-meta":"","stick-header-meta":"","header-above-stick-meta":"","header-main-stick-meta":"","header-below-stick-meta":"","astra-migrate-meta-layouts":"default","ast-page-background-enabled":"default","ast-page-background-meta":{"desktop":{"background-color":"var(--ast-global-color-4)","background-image":"","background-repeat":"repeat","background-position":"center center","background-size":"auto","background-attachment":"scroll","background-type":"","background-media":"","overlay-type":"","overlay-color":"","overlay-gradient":""},"tablet":{"background-color":"","background-image":"","background-repeat":"repeat","background-position":"center center","background-size":"auto","background-attachment":"scroll","background-type":"","background-media":"","overlay-type":"","overlay-color":"","overlay-gradient":""},"mobile":{"background-color":"","background-image":"","background-repeat":"repeat","background-position":"center center","background-size":"auto","background-attachment":"scroll","background-type":"","background-media":"","overlay-type":"","overlay-color":"","overlay-gradient":""}},"ast-content-background-meta":{"desktop":{"background-color":"var(--ast-global-color-5)","background-image":"","background-repeat":"repeat","background-position":"center center","background-size":"auto","background-attachment":"scroll","background-type":"","background-media":"","overlay-type":"","overlay-color":"","overlay-gradient":""},"tablet":{"background-color":"var(--ast-global-color-5)","background-image":"","background-repeat":"repeat","background-position":"center center","background-size":"auto","background-attachment":"scroll","background-type":"","background-media":"","overlay-type":"","overlay-color":"","overlay-gradient":""},"mobile":{"background-color":"var(--ast-global-color-5)","background-image":"","background-repeat":"repeat","background-position":"center center","background-size":"auto","background-attachment":"scroll","background-type":"","background-media":"","overlay-type":"","overlay-color":"","overlay-gradient":""}},"footnotes":""},"categories":[59,62,977,3676,3016],"tags":[100011,12255,38316,35971,40849,19172],"class_list":["post-38543","post","type-post","status-publish","format-standard","hentry","category-linguistica","category-linguistica-sincronica","category-santiago-de-compostela","category-sociolinguistica","category-teoria-linguistica","tag-andres-villena-ponsoda","tag-carlos-hernandez-sacristan","tag-manuel-ferreiro-fernandez","tag-mauro-fernandez-rodriguez","tag-modesto-anibal-rodriguez-neira","tag-sebastia-serrano-farrera"],"_links":{"self":[{"href":"https:\/\/www.deberes.net\/tesis\/wp-json\/wp\/v2\/posts\/38543","targetHints":{"allow":["GET"]}}],"collection":[{"href":"https:\/\/www.deberes.net\/tesis\/wp-json\/wp\/v2\/posts"}],"about":[{"href":"https:\/\/www.deberes.net\/tesis\/wp-json\/wp\/v2\/types\/post"}],"author":[{"embeddable":true,"href":"https:\/\/www.deberes.net\/tesis\/wp-json\/wp\/v2\/users\/1"}],"replies":[{"embeddable":true,"href":"https:\/\/www.deberes.net\/tesis\/wp-json\/wp\/v2\/comments?post=38543"}],"version-history":[{"count":0,"href":"https:\/\/www.deberes.net\/tesis\/wp-json\/wp\/v2\/posts\/38543\/revisions"}],"wp:attachment":[{"href":"https:\/\/www.deberes.net\/tesis\/wp-json\/wp\/v2\/media?parent=38543"}],"wp:term":[{"taxonomy":"category","embeddable":true,"href":"https:\/\/www.deberes.net\/tesis\/wp-json\/wp\/v2\/categories?post=38543"},{"taxonomy":"post_tag","embeddable":true,"href":"https:\/\/www.deberes.net\/tesis\/wp-json\/wp\/v2\/tags?post=38543"}],"curies":[{"name":"wp","href":"https:\/\/api.w.org\/{rel}","templated":true}]}}