{"id":38596,"date":"2018-03-09T09:38:14","date_gmt":"2018-03-09T09:38:14","guid":{"rendered":"https:\/\/www.deberes.net\/tesis\/sin-categoria\/estudio-de-un-brote-epidemico-de-brucelosis\/"},"modified":"2018-03-09T09:38:14","modified_gmt":"2018-03-09T09:38:14","slug":"estudio-de-un-brote-epidemico-de-brucelosis","status":"publish","type":"post","link":"https:\/\/www.deberes.net\/tesis\/ciencias-medicas\/estudio-de-un-brote-epidemico-de-brucelosis\/","title":{"rendered":"Estudio de un brote epidemico de brucelosis."},"content":{"rendered":"<h2>Tesis doctoral de <strong> Pablo Enrique Moraga Mota <\/strong><\/h2>\n<p>Se ha investigado un brote epid\u00e9mico de brucelosis en pedro mu\u00f1oz (ciudad real), utilizando un dise\u00f1o de casos y controles para analizar las posibles causas del brote y un estudio de serie de casos para estudiar la historia natural de la enfermedad. Como causa del brote se identific\u00f3 un queso fresco de oveja de elaboraci\u00f3n y venta clandestina procedente de la estaci\u00f3n del z\u00e1ncara.  pudo determinarse el periodo de exposici\u00f3n en 74 de los 75 casos identificados, detect\u00e1ndose un periodo de incubaci\u00f3n medio de 28 d\u00edas, superior a lo descrito en la literatura. El tiempo de evoluci\u00f3n de la enfermedad hasta el momento del diagn\u00f3stico fu\u00e9 muy variable, en el 24% de los casos, superior a 1 mes, y estuvo estrechamente ligado a la frecuencia de complicaciones. Se concluye que el brote estudiado corresponde a una toxiinfecci\u00f3n alimentaria por consumo de productos l\u00e1cteos sin higienizar, que cualquier s\u00edndrome febril acompa\u00f1ado de sintomatolog\u00eda estromuscular, debe hacer sospechar una brucelosis, y finalmente destacar que el coste social y econ\u00f3mico de los casos aument\u00f3 extraordinariamente cuando los pacientes fueron hospitalizados, por lo que el diagn\u00f3stico, tratamiento y seguimiento de la brucelosis, debe hacerse en la atenci\u00f3n primaria, dotada \u00e9sta de medios pertinentes.<\/p>\n<p>&nbsp;<\/p>\n<h3>Datos acad\u00e9micos de la tesis doctoral \u00ab<strong>Estudio de un brote epidemico de brucelosis.<\/strong>\u00ab<\/h3>\n<ul>\n<li><strong>T\u00edtulo de la tesis:<\/strong>\u00a0 Estudio de un brote epidemico de brucelosis. <\/li>\n<li><strong>Autor:<\/strong>\u00a0 Pablo Enrique Moraga Mota <\/li>\n<li><strong>Universidad:<\/strong>\u00a0 Granada<\/li>\n<li><strong>Fecha de lectura de la tesis:<\/strong>\u00a0 19\/09\/1998<\/li>\n<\/ul>\n<p>&nbsp;<\/p>\n<h3>Direcci\u00f3n y tribunal<\/h3>\n<ul>\n<li><strong>Director de la tesis<\/strong>\n<ul>\n<li>Aurora Bueno Cavanillas<\/li>\n<\/ul>\n<\/li>\n<li><strong>Tribunal<\/strong>\n<ul>\n<li>Presidente del tribunal: ram\u00f3n G\u00e1lvez vargas <\/li>\n<li>Jos\u00e9 Li\u00e9bana ure\u00f1a (vocal)<\/li>\n<li>adonina Garcia tardon (vocal)<\/li>\n<li>radhames Hernandez mejia (vocal)<\/li>\n<\/ul>\n<\/li>\n<\/ul>\n<p>&nbsp;<\/p>\n","protected":false},"excerpt":{"rendered":"<p>Tesis doctoral de Pablo Enrique Moraga Mota Se ha investigado un brote epid\u00e9mico de brucelosis en pedro mu\u00f1oz (ciudad real), [&hellip;]<\/p>\n","protected":false},"author":1,"featured_media":0,"comment_status":"open","ping_status":"open","sticky":false,"template":"","format":"standard","meta":{"site-sidebar-layout":"default","site-content-layout":"","ast-site-content-layout":"","site-content-style":"default","site-sidebar-style":"default","ast-global-header-display":"","ast-banner-title-visibility":"","ast-main-header-display":"","ast-hfb-above-header-display":"","ast-hfb-below-header-display":"","ast-hfb-mobile-header-display":"","site-post-title":"","ast-breadcrumbs-content":"","ast-featured-img":"","footer-sml-layout":"","theme-transparent-header-meta":"","adv-header-id-meta":"","stick-header-meta":"","header-above-stick-meta":"","header-main-stick-meta":"","header-below-stick-meta":"","astra-migrate-meta-layouts":"default","ast-page-background-enabled":"default","ast-page-background-meta":{"desktop":{"background-color":"var(--ast-global-color-4)","background-image":"","background-repeat":"repeat","background-position":"center center","background-size":"auto","background-attachment":"scroll","background-type":"","background-media":"","overlay-type":"","overlay-color":"","overlay-gradient":""},"tablet":{"background-color":"","background-image":"","background-repeat":"repeat","background-position":"center center","background-size":"auto","background-attachment":"scroll","background-type":"","background-media":"","overlay-type":"","overlay-color":"","overlay-gradient":""},"mobile":{"background-color":"","background-image":"","background-repeat":"repeat","background-position":"center center","background-size":"auto","background-attachment":"scroll","background-type":"","background-media":"","overlay-type":"","overlay-color":"","overlay-gradient":""}},"ast-content-background-meta":{"desktop":{"background-color":"var(--ast-global-color-5)","background-image":"","background-repeat":"repeat","background-position":"center center","background-size":"auto","background-attachment":"scroll","background-type":"","background-media":"","overlay-type":"","overlay-color":"","overlay-gradient":""},"tablet":{"background-color":"var(--ast-global-color-5)","background-image":"","background-repeat":"repeat","background-position":"center center","background-size":"auto","background-attachment":"scroll","background-type":"","background-media":"","overlay-type":"","overlay-color":"","overlay-gradient":""},"mobile":{"background-color":"var(--ast-global-color-5)","background-image":"","background-repeat":"repeat","background-position":"center center","background-size":"auto","background-attachment":"scroll","background-type":"","background-media":"","overlay-type":"","overlay-color":"","overlay-gradient":""}},"footnotes":""},"categories":[9,1086,967],"tags":[100101,3743,3555,100100,37901,3339],"class_list":["post-38596","post","type-post","status-publish","format-standard","hentry","category-ciencias-medicas","category-epidemiologia","category-salud-publica","tag-adonina-garcia-tardon","tag-aurora-bueno-cavanillas","tag-jose-liebana-urena","tag-pablo-enrique-moraga-mota","tag-radhames-hernandez-mejia","tag-ramon-galvez-vargas"],"_links":{"self":[{"href":"https:\/\/www.deberes.net\/tesis\/wp-json\/wp\/v2\/posts\/38596","targetHints":{"allow":["GET"]}}],"collection":[{"href":"https:\/\/www.deberes.net\/tesis\/wp-json\/wp\/v2\/posts"}],"about":[{"href":"https:\/\/www.deberes.net\/tesis\/wp-json\/wp\/v2\/types\/post"}],"author":[{"embeddable":true,"href":"https:\/\/www.deberes.net\/tesis\/wp-json\/wp\/v2\/users\/1"}],"replies":[{"embeddable":true,"href":"https:\/\/www.deberes.net\/tesis\/wp-json\/wp\/v2\/comments?post=38596"}],"version-history":[{"count":0,"href":"https:\/\/www.deberes.net\/tesis\/wp-json\/wp\/v2\/posts\/38596\/revisions"}],"wp:attachment":[{"href":"https:\/\/www.deberes.net\/tesis\/wp-json\/wp\/v2\/media?parent=38596"}],"wp:term":[{"taxonomy":"category","embeddable":true,"href":"https:\/\/www.deberes.net\/tesis\/wp-json\/wp\/v2\/categories?post=38596"},{"taxonomy":"post_tag","embeddable":true,"href":"https:\/\/www.deberes.net\/tesis\/wp-json\/wp\/v2\/tags?post=38596"}],"curies":[{"name":"wp","href":"https:\/\/api.w.org\/{rel}","templated":true}]}}