{"id":38598,"date":"2018-03-09T09:38:14","date_gmt":"2018-03-09T09:38:14","guid":{"rendered":"https:\/\/www.deberes.net\/tesis\/sin-categoria\/perifrasis-verbo-nominales-procesos-cognitivos-de-realizaciones-sinteticas-y-analiticas\/"},"modified":"2018-03-09T09:38:14","modified_gmt":"2018-03-09T09:38:14","slug":"perifrasis-verbo-nominales-procesos-cognitivos-de-realizaciones-sinteticas-y-analiticas","status":"publish","type":"post","link":"https:\/\/www.deberes.net\/tesis\/linguistica\/perifrasis-verbo-nominales-procesos-cognitivos-de-realizaciones-sinteticas-y-analiticas\/","title":{"rendered":"Perifrasis verbo-nominales: procesos cognitivos de realizaciones sinteticas y analiticas."},"content":{"rendered":"<h2>Tesis doctoral de <strong> Jos\u00e9 Luis Tornel Sala <\/strong><\/h2>\n<p>Las per\u00edfrasis verbo-nominales se definen como unidades lingu\u00edsticas complejas constituidas por un verbo en forma personal m\u00e1s un sustantivo que lo complementa con la caracter\u00edstica de que el segmento verbal act\u00faa y funciona dentro de la construcci\u00f3n como un mero actualizador del sustantivo, aport\u00e1ndole las nociones gramaticas (persona, tiempo, modo, aspecto, n\u00famero&#8230;) Necesarios para poder funcionar como verdadero eje predicativo del enunciado en el que se incluye la unidad lingu\u00edstica perifr\u00e1stica. Las per\u00edfrasis verbo-nominales se producen por un fen\u00f3meno de gramaticalizaci\u00f3n que supone la desemantizaci\u00f3n, descategorizaci\u00f3n, y posterior conjunci\u00f3n de los elementos incluidos en el seno de la construcci\u00f3n.  de todo ello se deriva una unidad lingu\u00edstica compleja caracterizada por constituir una \u00fanica unidad verbal, en la cual el sustantivo es el verdadero eje nuclear predicativo del enunciado mismo en el que se inserta.<\/p>\n<p>&nbsp;<\/p>\n<h3>Datos acad\u00e9micos de la tesis doctoral \u00ab<strong>Perifrasis verbo-nominales: procesos cognitivos de realizaciones sinteticas y analiticas.<\/strong>\u00ab<\/h3>\n<ul>\n<li><strong>T\u00edtulo de la tesis:<\/strong>\u00a0 Perifrasis verbo-nominales: procesos cognitivos de realizaciones sinteticas y analiticas. <\/li>\n<li><strong>Autor:<\/strong>\u00a0 Jos\u00e9 Luis Tornel Sala <\/li>\n<li><strong>Universidad:<\/strong>\u00a0 Alicante<\/li>\n<li><strong>Fecha de lectura de la tesis:<\/strong>\u00a0 21\/09\/1998<\/li>\n<\/ul>\n<p>&nbsp;<\/p>\n<h3>Direcci\u00f3n y tribunal<\/h3>\n<ul>\n<li><strong>Director de la tesis<\/strong>\n<ul>\n<li>Jos\u00e9 Luis Cifuentes Honrubia<\/li>\n<\/ul>\n<\/li>\n<li><strong>Tribunal<\/strong>\n<ul>\n<li>Presidente del tribunal: estanislao Ramon trives <\/li>\n<li>\u00e1ngel L\u00f3pez Garc\u00eda (vocal)<\/li>\n<li>lene Fogsgaard (vocal)<\/li>\n<li>dolores Azorin fernandez (vocal)<\/li>\n<\/ul>\n<\/li>\n<\/ul>\n<p>&nbsp;<\/p>\n","protected":false},"excerpt":{"rendered":"<p>Tesis doctoral de Jos\u00e9 Luis Tornel Sala Las per\u00edfrasis verbo-nominales se definen como unidades lingu\u00edsticas complejas constituidas por un verbo [&hellip;]<\/p>\n","protected":false},"author":1,"featured_media":0,"comment_status":"open","ping_status":"open","sticky":false,"template":"","format":"standard","meta":{"site-sidebar-layout":"default","site-content-layout":"","ast-site-content-layout":"","site-content-style":"default","site-sidebar-style":"default","ast-global-header-display":"","ast-banner-title-visibility":"","ast-main-header-display":"","ast-hfb-above-header-display":"","ast-hfb-below-header-display":"","ast-hfb-mobile-header-display":"","site-post-title":"","ast-breadcrumbs-content":"","ast-featured-img":"","footer-sml-layout":"","theme-transparent-header-meta":"","adv-header-id-meta":"","stick-header-meta":"","header-above-stick-meta":"","header-main-stick-meta":"","header-below-stick-meta":"","astra-migrate-meta-layouts":"default","ast-page-background-enabled":"default","ast-page-background-meta":{"desktop":{"background-color":"var(--ast-global-color-4)","background-image":"","background-repeat":"repeat","background-position":"center center","background-size":"auto","background-attachment":"scroll","background-type":"","background-media":"","overlay-type":"","overlay-color":"","overlay-gradient":""},"tablet":{"background-color":"","background-image":"","background-repeat":"repeat","background-position":"center center","background-size":"auto","background-attachment":"scroll","background-type":"","background-media":"","overlay-type":"","overlay-color":"","overlay-gradient":""},"mobile":{"background-color":"","background-image":"","background-repeat":"repeat","background-position":"center center","background-size":"auto","background-attachment":"scroll","background-type":"","background-media":"","overlay-type":"","overlay-color":"","overlay-gradient":""}},"ast-content-background-meta":{"desktop":{"background-color":"var(--ast-global-color-5)","background-image":"","background-repeat":"repeat","background-position":"center center","background-size":"auto","background-attachment":"scroll","background-type":"","background-media":"","overlay-type":"","overlay-color":"","overlay-gradient":""},"tablet":{"background-color":"var(--ast-global-color-5)","background-image":"","background-repeat":"repeat","background-position":"center center","background-size":"auto","background-attachment":"scroll","background-type":"","background-media":"","overlay-type":"","overlay-color":"","overlay-gradient":""},"mobile":{"background-color":"var(--ast-global-color-5)","background-image":"","background-repeat":"repeat","background-position":"center center","background-size":"auto","background-attachment":"scroll","background-type":"","background-media":"","overlay-type":"","overlay-color":"","overlay-gradient":""}},"footnotes":""},"categories":[19166,59,62,7302,324],"tags":[1515,19423,16716,19425,100103,100104],"class_list":["post-38598","post","type-post","status-publish","format-standard","hentry","category-alicante","category-linguistica","category-linguistica-sincronica","category-procesos-cognitivos","category-psicologia","tag-angel-lopez-garcia","tag-dolores-azorin-fernandez","tag-estanislao-ramon-trives","tag-jose-luis-cifuentes-honrubia","tag-jose-luis-tornel-sala","tag-lene-fogsgaard"],"_links":{"self":[{"href":"https:\/\/www.deberes.net\/tesis\/wp-json\/wp\/v2\/posts\/38598","targetHints":{"allow":["GET"]}}],"collection":[{"href":"https:\/\/www.deberes.net\/tesis\/wp-json\/wp\/v2\/posts"}],"about":[{"href":"https:\/\/www.deberes.net\/tesis\/wp-json\/wp\/v2\/types\/post"}],"author":[{"embeddable":true,"href":"https:\/\/www.deberes.net\/tesis\/wp-json\/wp\/v2\/users\/1"}],"replies":[{"embeddable":true,"href":"https:\/\/www.deberes.net\/tesis\/wp-json\/wp\/v2\/comments?post=38598"}],"version-history":[{"count":0,"href":"https:\/\/www.deberes.net\/tesis\/wp-json\/wp\/v2\/posts\/38598\/revisions"}],"wp:attachment":[{"href":"https:\/\/www.deberes.net\/tesis\/wp-json\/wp\/v2\/media?parent=38598"}],"wp:term":[{"taxonomy":"category","embeddable":true,"href":"https:\/\/www.deberes.net\/tesis\/wp-json\/wp\/v2\/categories?post=38598"},{"taxonomy":"post_tag","embeddable":true,"href":"https:\/\/www.deberes.net\/tesis\/wp-json\/wp\/v2\/tags?post=38598"}],"curies":[{"name":"wp","href":"https:\/\/api.w.org\/{rel}","templated":true}]}}