{"id":38605,"date":"2018-03-09T09:38:15","date_gmt":"2018-03-09T09:38:15","guid":{"rendered":"https:\/\/www.deberes.net\/tesis\/sin-categoria\/el-grupo-fotografico-afal-1956-1963-estudio-del-periodo-y-aproximacion-a-sus-ideas-esteticas\/"},"modified":"2018-03-09T09:38:15","modified_gmt":"2018-03-09T09:38:15","slug":"el-grupo-fotografico-afal-1956-1963-estudio-del-periodo-y-aproximacion-a-sus-ideas-esteticas","status":"publish","type":"post","link":"https:\/\/www.deberes.net\/tesis\/historia\/el-grupo-fotografico-afal-1956-1963-estudio-del-periodo-y-aproximacion-a-sus-ideas-esteticas\/","title":{"rendered":"El grupo fotogr\u00e1fico \u00abafal\u00bb 1956-1963. estudio del periodo y aproximaci\u00f3n a sus ideas est\u00e9ticas"},"content":{"rendered":"<h2>Tesis doctoral de <strong> Laura Terr\u00e9 Alonso <\/strong><\/h2>\n<p>El tema de la tesis es el grupo afal, cuya existencia transcurri\u00f3 paralela a la edici\u00f3n de la revista del mismo nombre editada en almeria de 1956 a 1963. Este grupo heterogeneo de fot\u00f3grafos de distinta procedencia (madrile\u00f1os, andaluces, catalanes, etc) supuso una renovaci\u00f3n para la anquilosada fotograf\u00eda de la posguerra espa\u00f1ola. La inexistencia de estudio ssobre este per\u00edodo hace de este trabajo un punto de referencia para la profundizaci\u00f3n en la historia reciente de la fotograf\u00eda espa\u00f1ola. La investigaci\u00f3n se ha basado en unas fuentes documentales in\u00e9ditas hasta el momento. La simple clasificaci\u00f3n y vaciado de este material documental in\u00e9dito habr\u00eda sido suficiente para justificar un trabajo de tesis doctoral, como cimientos de trabajos futuros, pero no se ha desperdiciado la oportunidad de completar el ciclo b\u00fasqueda-construcci\u00f3n-interpretaci\u00f3n, adivirtiendo siempre al lector de cada uno de estos estadios con el fin de permitir otras interpretaciones a quien prefiera retomar las fuentes. el \u00faltimo estadio del trabajo, la interpretaci\u00f3n, tiene como objetivo situar la producci\u00f3n fotogr\u00e1fica en el contexto en el que se produjo, con los valores y preocupaciones de origen, por lo tanto cuestiona el uso de algunas categor\u00edas de an\u00e1lisis que se han utilizado en la historia de la fotograf\u00eda.<\/p>\n<p>&nbsp;<\/p>\n<h3>Datos acad\u00e9micos de la tesis doctoral \u00ab<strong>El grupo fotogr\u00e1fico \u00abafal\u00bb 1956-1963. estudio del periodo y aproximaci\u00f3n a sus ideas est\u00e9ticas<\/strong>\u00ab<\/h3>\n<ul>\n<li><strong>T\u00edtulo de la tesis:<\/strong>\u00a0 El grupo fotogr\u00e1fico \u00abafal\u00bb 1956-1963. estudio del periodo y aproximaci\u00f3n a sus ideas est\u00e9ticas <\/li>\n<li><strong>Autor:<\/strong>\u00a0 Laura Terr\u00e9 Alonso <\/li>\n<li><strong>Universidad:<\/strong>\u00a0 Barcelona<\/li>\n<li><strong>Fecha de lectura de la tesis:<\/strong>\u00a0 22\/09\/1998<\/li>\n<\/ul>\n<p>&nbsp;<\/p>\n<h3>Direcci\u00f3n y tribunal<\/h3>\n<ul>\n<li><strong>Director de la tesis<\/strong>\n<ul>\n<li>Francisco Caja L\u00f3pez<\/li>\n<\/ul>\n<\/li>\n<li><strong>Tribunal<\/strong>\n<ul>\n<li>Presidente del tribunal: lee Fontanella <\/li>\n<li>Manuel Send\u00f3n trillo (vocal)<\/li>\n<li>elisabeth Insenser brufau (vocal)<\/li>\n<li>Fernando de Felipe allue (vocal)<\/li>\n<\/ul>\n<\/li>\n<\/ul>\n<p>&nbsp;<\/p>\n","protected":false},"excerpt":{"rendered":"<p>Tesis doctoral de Laura Terr\u00e9 Alonso El tema de la tesis es el grupo afal, cuya existencia transcurri\u00f3 paralela a [&hellip;]<\/p>\n","protected":false},"author":1,"featured_media":0,"comment_status":"open","ping_status":"open","sticky":false,"template":"","format":"standard","meta":{"site-sidebar-layout":"default","site-content-layout":"","ast-site-content-layout":"","site-content-style":"default","site-sidebar-style":"default","ast-global-header-display":"","ast-banner-title-visibility":"","ast-main-header-display":"","ast-hfb-above-header-display":"","ast-hfb-below-header-display":"","ast-hfb-mobile-header-display":"","site-post-title":"","ast-breadcrumbs-content":"","ast-featured-img":"","footer-sml-layout":"","theme-transparent-header-meta":"","adv-header-id-meta":"","stick-header-meta":"","header-above-stick-meta":"","header-main-stick-meta":"","header-below-stick-meta":"","astra-migrate-meta-layouts":"default","ast-page-background-enabled":"default","ast-page-background-meta":{"desktop":{"background-color":"var(--ast-global-color-4)","background-image":"","background-repeat":"repeat","background-position":"center center","background-size":"auto","background-attachment":"scroll","background-type":"","background-media":"","overlay-type":"","overlay-color":"","overlay-gradient":""},"tablet":{"background-color":"","background-image":"","background-repeat":"repeat","background-position":"center center","background-size":"auto","background-attachment":"scroll","background-type":"","background-media":"","overlay-type":"","overlay-color":"","overlay-gradient":""},"mobile":{"background-color":"","background-image":"","background-repeat":"repeat","background-position":"center center","background-size":"auto","background-attachment":"scroll","background-type":"","background-media":"","overlay-type":"","overlay-color":"","overlay-gradient":""}},"ast-content-background-meta":{"desktop":{"background-color":"var(--ast-global-color-5)","background-image":"","background-repeat":"repeat","background-position":"center center","background-size":"auto","background-attachment":"scroll","background-type":"","background-media":"","overlay-type":"","overlay-color":"","overlay-gradient":""},"tablet":{"background-color":"var(--ast-global-color-5)","background-image":"","background-repeat":"repeat","background-position":"center center","background-size":"auto","background-attachment":"scroll","background-type":"","background-media":"","overlay-type":"","overlay-color":"","overlay-gradient":""},"mobile":{"background-color":"var(--ast-global-color-5)","background-image":"","background-repeat":"repeat","background-position":"center center","background-size":"auto","background-attachment":"scroll","background-type":"","background-media":"","overlay-type":"","overlay-color":"","overlay-gradient":""}},"footnotes":""},"categories":[951,5270,104,1014,222],"tags":[100117,100118,99615,100116,89879,89878],"class_list":["post-38605","post","type-post","status-publish","format-standard","hentry","category-barcelona","category-fotografia","category-historia","category-historia-del-arte","category-historias-especializadas","tag-elisabeth-insenser-brufau","tag-fernando-de-felipe-allue","tag-francisco-caja-lopez","tag-laura-terre-alonso","tag-lee-fontanella","tag-manuel-sendon-trillo"],"_links":{"self":[{"href":"https:\/\/www.deberes.net\/tesis\/wp-json\/wp\/v2\/posts\/38605","targetHints":{"allow":["GET"]}}],"collection":[{"href":"https:\/\/www.deberes.net\/tesis\/wp-json\/wp\/v2\/posts"}],"about":[{"href":"https:\/\/www.deberes.net\/tesis\/wp-json\/wp\/v2\/types\/post"}],"author":[{"embeddable":true,"href":"https:\/\/www.deberes.net\/tesis\/wp-json\/wp\/v2\/users\/1"}],"replies":[{"embeddable":true,"href":"https:\/\/www.deberes.net\/tesis\/wp-json\/wp\/v2\/comments?post=38605"}],"version-history":[{"count":0,"href":"https:\/\/www.deberes.net\/tesis\/wp-json\/wp\/v2\/posts\/38605\/revisions"}],"wp:attachment":[{"href":"https:\/\/www.deberes.net\/tesis\/wp-json\/wp\/v2\/media?parent=38605"}],"wp:term":[{"taxonomy":"category","embeddable":true,"href":"https:\/\/www.deberes.net\/tesis\/wp-json\/wp\/v2\/categories?post=38605"},{"taxonomy":"post_tag","embeddable":true,"href":"https:\/\/www.deberes.net\/tesis\/wp-json\/wp\/v2\/tags?post=38605"}],"curies":[{"name":"wp","href":"https:\/\/api.w.org\/{rel}","templated":true}]}}