{"id":38630,"date":"2018-03-09T09:38:17","date_gmt":"2018-03-09T09:38:17","guid":{"rendered":"https:\/\/www.deberes.net\/tesis\/sin-categoria\/estudio-odontologico-de-la-necropolis-tardorromana-de-vistalegre-aspe\/"},"modified":"2018-03-09T09:38:17","modified_gmt":"2018-03-09T09:38:17","slug":"estudio-odontologico-de-la-necropolis-tardorromana-de-vistalegre-aspe","status":"publish","type":"post","link":"https:\/\/www.deberes.net\/tesis\/ciencias-de-la-vida\/estudio-odontologico-de-la-necropolis-tardorromana-de-vistalegre-aspe\/","title":{"rendered":"Estudio odontologico de la necropolis tardorromana de vistalegre (aspe)."},"content":{"rendered":"<h2>Tesis doctoral de <strong> Mar\u00eda Aguilar Lloret <\/strong><\/h2>\n<p>Se ha realizado el estudio, tanto morfom\u00e9trico como patol\u00f3gico, de la dentici\u00f3n de los restos esquel\u00e9ticos hallados en el yacimiento tardorromano de vistalegre, datado entre los siglos vi-vii de nuestra era y localizado en el t\u00e9rmino municipal de aspe.  comparando la morfometr\u00eda y malformaciones cong\u00e9nitas de los dientes tardorromanos del yacimiento estudiado, con los datos obtenidos sobre poblaciones calcol\u00edticas y del bronce asentadas en la misma \u00e1rea geogr\u00e1fica, se ha valorado la variabilidad anat\u00f3mica como un rasgo evolutivo por la llegada de nuevos pobladores.  al valorar la mortalidad, patolog\u00eda oral y los signos indirectos que la dieta ha dejado en los dientes, se observa un aumento en el estado de salud de poblaci\u00f3n tardorromana con respecto a pobladores prehist\u00f3ricos del mismo valle, pues, aumenta la longevidad de la poblaci\u00f3n y disminuyen las complicaciones de la patolog\u00eda oral y los desgastes.<\/p>\n<p>&nbsp;<\/p>\n<h3>Datos acad\u00e9micos de la tesis doctoral \u00ab<strong>Estudio odontologico de la necropolis tardorromana de vistalegre (aspe).<\/strong>\u00ab<\/h3>\n<ul>\n<li><strong>T\u00edtulo de la tesis:<\/strong>\u00a0 Estudio odontologico de la necropolis tardorromana de vistalegre (aspe). <\/li>\n<li><strong>Autor:<\/strong>\u00a0 Mar\u00eda Aguilar Lloret <\/li>\n<li><strong>Universidad:<\/strong>\u00a0 Miguel hern\u00e1ndez de elche<\/li>\n<li><strong>Fecha de lectura de la tesis:<\/strong>\u00a0 25\/09\/1998<\/li>\n<\/ul>\n<p>&nbsp;<\/p>\n<h3>Direcci\u00f3n y tribunal<\/h3>\n<ul>\n<li><strong>Director de la tesis<\/strong>\n<ul>\n<li>Josep Bernabeu Mestre<\/li>\n<\/ul>\n<\/li>\n<li><strong>Tribunal<\/strong>\n<ul>\n<li>Presidente del tribunal: Juan  bautista Marti lloret <\/li>\n<li>mauro severo Hern\u00e1ndez p\u00e9rez (vocal)<\/li>\n<li>domingo Campillo valero (vocal)<\/li>\n<li>Jos\u00e9 delf\u00edn Villala\u00edn blanco (vocal)<\/li>\n<\/ul>\n<\/li>\n<\/ul>\n<p>&nbsp;<\/p>\n","protected":false},"excerpt":{"rendered":"<p>Tesis doctoral de Mar\u00eda Aguilar Lloret Se ha realizado el estudio, tanto morfom\u00e9trico como patol\u00f3gico, de la dentici\u00f3n de los [&hellip;]<\/p>\n","protected":false},"author":1,"featured_media":0,"comment_status":"open","ping_status":"open","sticky":false,"template":"","format":"standard","meta":{"site-sidebar-layout":"default","site-content-layout":"","ast-site-content-layout":"","site-content-style":"default","site-sidebar-style":"default","ast-global-header-display":"","ast-banner-title-visibility":"","ast-main-header-display":"","ast-hfb-above-header-display":"","ast-hfb-below-header-display":"","ast-hfb-mobile-header-display":"","site-post-title":"","ast-breadcrumbs-content":"","ast-featured-img":"","footer-sml-layout":"","theme-transparent-header-meta":"","adv-header-id-meta":"","stick-header-meta":"","header-above-stick-meta":"","header-main-stick-meta":"","header-below-stick-meta":"","astra-migrate-meta-layouts":"default","ast-page-background-enabled":"default","ast-page-background-meta":{"desktop":{"background-color":"var(--ast-global-color-4)","background-image":"","background-repeat":"repeat","background-position":"center center","background-size":"auto","background-attachment":"scroll","background-type":"","background-media":"","overlay-type":"","overlay-color":"","overlay-gradient":""},"tablet":{"background-color":"","background-image":"","background-repeat":"repeat","background-position":"center center","background-size":"auto","background-attachment":"scroll","background-type":"","background-media":"","overlay-type":"","overlay-color":"","overlay-gradient":""},"mobile":{"background-color":"","background-image":"","background-repeat":"repeat","background-position":"center center","background-size":"auto","background-attachment":"scroll","background-type":"","background-media":"","overlay-type":"","overlay-color":"","overlay-gradient":""}},"ast-content-background-meta":{"desktop":{"background-color":"var(--ast-global-color-5)","background-image":"","background-repeat":"repeat","background-position":"center center","background-size":"auto","background-attachment":"scroll","background-type":"","background-media":"","overlay-type":"","overlay-color":"","overlay-gradient":""},"tablet":{"background-color":"var(--ast-global-color-5)","background-image":"","background-repeat":"repeat","background-position":"center center","background-size":"auto","background-attachment":"scroll","background-type":"","background-media":"","overlay-type":"","overlay-color":"","overlay-gradient":""},"mobile":{"background-color":"var(--ast-global-color-5)","background-image":"","background-repeat":"repeat","background-position":"center center","background-size":"auto","background-attachment":"scroll","background-type":"","background-media":"","overlay-type":"","overlay-color":"","overlay-gradient":""}},"footnotes":""},"categories":[922,35,104,221,222,37169],"tags":[14241,5868,11910,9372,100158,10435],"class_list":["post-38630","post","type-post","status-publish","format-standard","hentry","category-antropologia-fisica","category-ciencias-de-la-vida","category-historia","category-historia-de-la-medicina","category-historias-especializadas","category-miguel-hernandez-de-elche","tag-domingo-campillo-valero","tag-jose-delfin-villalain-blanco","tag-josep-bernabeu-mestre","tag-juan-bautista-marti-lloret","tag-maria-aguilar-lloret","tag-mauro-severo-hernandez-perez"],"_links":{"self":[{"href":"https:\/\/www.deberes.net\/tesis\/wp-json\/wp\/v2\/posts\/38630","targetHints":{"allow":["GET"]}}],"collection":[{"href":"https:\/\/www.deberes.net\/tesis\/wp-json\/wp\/v2\/posts"}],"about":[{"href":"https:\/\/www.deberes.net\/tesis\/wp-json\/wp\/v2\/types\/post"}],"author":[{"embeddable":true,"href":"https:\/\/www.deberes.net\/tesis\/wp-json\/wp\/v2\/users\/1"}],"replies":[{"embeddable":true,"href":"https:\/\/www.deberes.net\/tesis\/wp-json\/wp\/v2\/comments?post=38630"}],"version-history":[{"count":0,"href":"https:\/\/www.deberes.net\/tesis\/wp-json\/wp\/v2\/posts\/38630\/revisions"}],"wp:attachment":[{"href":"https:\/\/www.deberes.net\/tesis\/wp-json\/wp\/v2\/media?parent=38630"}],"wp:term":[{"taxonomy":"category","embeddable":true,"href":"https:\/\/www.deberes.net\/tesis\/wp-json\/wp\/v2\/categories?post=38630"},{"taxonomy":"post_tag","embeddable":true,"href":"https:\/\/www.deberes.net\/tesis\/wp-json\/wp\/v2\/tags?post=38630"}],"curies":[{"name":"wp","href":"https:\/\/api.w.org\/{rel}","templated":true}]}}