{"id":38632,"date":"2018-03-09T09:38:17","date_gmt":"2018-03-09T09:38:17","guid":{"rendered":"https:\/\/www.deberes.net\/tesis\/sin-categoria\/status-constitucional-del-poder-judicial-en-el-salvador\/"},"modified":"2018-03-09T09:38:17","modified_gmt":"2018-03-09T09:38:17","slug":"status-constitucional-del-poder-judicial-en-el-salvador","status":"publish","type":"post","link":"https:\/\/www.deberes.net\/tesis\/ciencias-juridicas-y-derecho\/status-constitucional-del-poder-judicial-en-el-salvador\/","title":{"rendered":"Status constitucional del poder judicial en el salvador."},"content":{"rendered":"<h2>Tesis doctoral de <strong> Dafne Yanira Sanchez Zelaya <\/strong><\/h2>\n<p>Constituye un estudio del tratamiento constitucional y legal que se ha dado al poder judicial en el salvador. Se ha partido del an\u00e1lisis de la legislaci\u00f3n pertinente, se cita cierta jurisprudencia y algunos datos estad\u00edsticos.  inicia con una exposici\u00f3n de la regulaci\u00f3n del poder judicial desde la constituci\u00f3n de bayona, la de c\u00e1diz, la de la rep\u00fablica federal de centro am\u00e9rica, de 1824, y cada una de las cartas fundamentales salvadore\u00f1as; se incluye una descripci\u00f3n de las circunstancias que condujeron a adoptar cada una de estas \u00faltimas, y su positividad. En el segundo cap\u00edtulo, se exponen los rasgos que caracterizan a la funci\u00f3n jurisdiccional en el ordenamiento salvadore\u00f1o, y los principios constitucionales que lo rigen. La estructura y funciones del organo judicial son expuestas en el cap\u00edtulo tercero.  se incluye un an\u00e1lisis comparativo de la justicia constitucional en el salvador y en los otros ordenamientos de centroam\u00e9rica y panam\u00e1. La regulaci\u00f3n del estatuto de magistrados y jueces, y su gobierno se analizan en los dos \u00faltimos cap\u00edtulos. El estudio condujo a una serie de propuestas de reformas legislativas y constitucionales, que se considera contribuir\u00e1n a que la administraci\u00f3n de justicia pueda prestarse m\u00e1s eficazmente en el salvador.<\/p>\n<p>&nbsp;<\/p>\n<h3>Datos acad\u00e9micos de la tesis doctoral \u00ab<strong>Status constitucional del poder judicial en el salvador.<\/strong>\u00ab<\/h3>\n<ul>\n<li><strong>T\u00edtulo de la tesis:<\/strong>\u00a0 Status constitucional del poder judicial en el salvador. <\/li>\n<li><strong>Autor:<\/strong>\u00a0 Dafne Yanira Sanchez Zelaya <\/li>\n<li><strong>Universidad:<\/strong>\u00a0 Alicante<\/li>\n<li><strong>Fecha de lectura de la tesis:<\/strong>\u00a0 28\/09\/1998<\/li>\n<\/ul>\n<p>&nbsp;<\/p>\n<h3>Direcci\u00f3n y tribunal<\/h3>\n<ul>\n<li><strong>Director de la tesis<\/strong>\n<ul>\n<li>Jose Asensi Sabater<\/li>\n<\/ul>\n<\/li>\n<li><strong>Tribunal<\/strong>\n<ul>\n<li>Presidente del tribunal: Carlos De cabo martin <\/li>\n<li>lu\u00eds L\u00f3pez guerra (vocal)<\/li>\n<li>Juan Cano bueso (vocal)<\/li>\n<li>Jos\u00e9 Antonio Portero molina (vocal)<\/li>\n<\/ul>\n<\/li>\n<\/ul>\n<p>&nbsp;<\/p>\n","protected":false},"excerpt":{"rendered":"<p>Tesis doctoral de Dafne Yanira Sanchez Zelaya Constituye un estudio del tratamiento constitucional y legal que se ha dado al [&hellip;]<\/p>\n","protected":false},"author":1,"featured_media":0,"comment_status":"open","ping_status":"open","sticky":false,"template":"","format":"standard","meta":{"site-sidebar-layout":"default","site-content-layout":"","ast-site-content-layout":"","site-content-style":"default","site-sidebar-style":"default","ast-global-header-display":"","ast-banner-title-visibility":"","ast-main-header-display":"","ast-hfb-above-header-display":"","ast-hfb-below-header-display":"","ast-hfb-mobile-header-display":"","site-post-title":"","ast-breadcrumbs-content":"","ast-featured-img":"","footer-sml-layout":"","theme-transparent-header-meta":"","adv-header-id-meta":"","stick-header-meta":"","header-above-stick-meta":"","header-main-stick-meta":"","header-below-stick-meta":"","astra-migrate-meta-layouts":"default","ast-page-background-enabled":"default","ast-page-background-meta":{"desktop":{"background-color":"var(--ast-global-color-4)","background-image":"","background-repeat":"repeat","background-position":"center center","background-size":"auto","background-attachment":"scroll","background-type":"","background-media":"","overlay-type":"","overlay-color":"","overlay-gradient":""},"tablet":{"background-color":"","background-image":"","background-repeat":"repeat","background-position":"center center","background-size":"auto","background-attachment":"scroll","background-type":"","background-media":"","overlay-type":"","overlay-color":"","overlay-gradient":""},"mobile":{"background-color":"","background-image":"","background-repeat":"repeat","background-position":"center center","background-size":"auto","background-attachment":"scroll","background-type":"","background-media":"","overlay-type":"","overlay-color":"","overlay-gradient":""}},"ast-content-background-meta":{"desktop":{"background-color":"var(--ast-global-color-5)","background-image":"","background-repeat":"repeat","background-position":"center center","background-size":"auto","background-attachment":"scroll","background-type":"","background-media":"","overlay-type":"","overlay-color":"","overlay-gradient":""},"tablet":{"background-color":"var(--ast-global-color-5)","background-image":"","background-repeat":"repeat","background-position":"center center","background-size":"auto","background-attachment":"scroll","background-type":"","background-media":"","overlay-type":"","overlay-color":"","overlay-gradient":""},"mobile":{"background-color":"var(--ast-global-color-5)","background-image":"","background-repeat":"repeat","background-position":"center center","background-size":"auto","background-attachment":"scroll","background-type":"","background-media":"","overlay-type":"","overlay-color":"","overlay-gradient":""}},"footnotes":""},"categories":[19166,838,612,979,11802],"tags":[9451,100161,12981,12980,32848,9450],"class_list":["post-38632","post","type-post","status-publish","format-standard","hentry","category-alicante","category-ciencia-politica","category-ciencias-juridicas-y-derecho","category-derecho-y-legislacion-nacionales","category-poder-judicial","tag-carlos-de-cabo-martin","tag-dafne-yanira-sanchez-zelaya","tag-jose-antonio-portero-molina","tag-jose-asensi-sabater","tag-juan-cano-bueso","tag-luis-lopez-guerra"],"_links":{"self":[{"href":"https:\/\/www.deberes.net\/tesis\/wp-json\/wp\/v2\/posts\/38632","targetHints":{"allow":["GET"]}}],"collection":[{"href":"https:\/\/www.deberes.net\/tesis\/wp-json\/wp\/v2\/posts"}],"about":[{"href":"https:\/\/www.deberes.net\/tesis\/wp-json\/wp\/v2\/types\/post"}],"author":[{"embeddable":true,"href":"https:\/\/www.deberes.net\/tesis\/wp-json\/wp\/v2\/users\/1"}],"replies":[{"embeddable":true,"href":"https:\/\/www.deberes.net\/tesis\/wp-json\/wp\/v2\/comments?post=38632"}],"version-history":[{"count":0,"href":"https:\/\/www.deberes.net\/tesis\/wp-json\/wp\/v2\/posts\/38632\/revisions"}],"wp:attachment":[{"href":"https:\/\/www.deberes.net\/tesis\/wp-json\/wp\/v2\/media?parent=38632"}],"wp:term":[{"taxonomy":"category","embeddable":true,"href":"https:\/\/www.deberes.net\/tesis\/wp-json\/wp\/v2\/categories?post=38632"},{"taxonomy":"post_tag","embeddable":true,"href":"https:\/\/www.deberes.net\/tesis\/wp-json\/wp\/v2\/tags?post=38632"}],"curies":[{"name":"wp","href":"https:\/\/api.w.org\/{rel}","templated":true}]}}