{"id":38634,"date":"2018-03-09T09:38:17","date_gmt":"2018-03-09T09:38:17","guid":{"rendered":"https:\/\/www.deberes.net\/tesis\/sin-categoria\/las-representaciones-del-rey-recibiendo-los-jubileos-en-los-templos-tebanos-de-epoca-ramesida\/"},"modified":"2018-03-09T09:38:17","modified_gmt":"2018-03-09T09:38:17","slug":"las-representaciones-del-rey-recibiendo-los-jubileos-en-los-templos-tebanos-de-epoca-ramesida","status":"publish","type":"post","link":"https:\/\/www.deberes.net\/tesis\/historia\/las-representaciones-del-rey-recibiendo-los-jubileos-en-los-templos-tebanos-de-epoca-ramesida\/","title":{"rendered":"Las representaciones del rey recibiendo los jubileos en los templos tebanos de epoca ramesida."},"content":{"rendered":"<h2>Tesis doctoral de <strong> Salvador Costa Llerda <\/strong><\/h2>\n<p>Bajo el reinado de rameses i, primer rey de la dinast\u00eda xix, hace su aparici\u00f3n un nuevo repertorio iconogr\u00e1fico, a saber, las escenas del rey recibiendo los jubileos -signos jerogl\u00edficos de la fiesta sed-. Repertorio, que al igual que la mayor\u00eda de la documentaci\u00f3n que se ha conservado de la fiesta sed, incluso la de aquellos reyes que sabemos que celebraron fiestas sed, se debe interpretar s\u00f3lo como esperanza y deseo, sin relaci\u00f3n con una fiesta sed realmente celebrada. Todos los soberanos que acced\u00edan al trono de egipto, de una manera u otra, expresaban su anhelo de poder celebrar muchas fiestas sed; este deseo parece tener alguna conexi\u00f3n con el tiempo, duraci\u00f3n de vida y de reinado, en definitiva agotar el tiempo que marca una \u00abgeneraci\u00f3n\u00bb. una vez terminado este periodo de tiempo, de 30 a\u00f1os, las fuerzas vitales del rey deb\u00edan renovarse para poder seguir asumiendo, con garant\u00edas, la responsabilidad de mantener el orden c\u00f3smico establecido; responsabilidad que el rey adquir\u00eda frente a los dioses desde el momento en que acced\u00eda al trono.<\/p>\n<p>&nbsp;<\/p>\n<h3>Datos acad\u00e9micos de la tesis doctoral \u00ab<strong>Las representaciones del rey recibiendo los jubileos en los templos tebanos de epoca ramesida.<\/strong>\u00ab<\/h3>\n<ul>\n<li><strong>T\u00edtulo de la tesis:<\/strong>\u00a0 Las representaciones del rey recibiendo los jubileos en los templos tebanos de epoca ramesida. <\/li>\n<li><strong>Autor:<\/strong>\u00a0 Salvador Costa Llerda <\/li>\n<li><strong>Universidad:<\/strong>\u00a0 Barcelona<\/li>\n<li><strong>Fecha de lectura de la tesis:<\/strong>\u00a0 28\/09\/1998<\/li>\n<\/ul>\n<p>&nbsp;<\/p>\n<h3>Direcci\u00f3n y tribunal<\/h3>\n<ul>\n<li><strong>Director de la tesis<\/strong>\n<ul>\n<li>Anna M. Rauret Dalmau<\/li>\n<\/ul>\n<\/li>\n<li><strong>Tribunal<\/strong>\n<ul>\n<li>Presidente del tribunal: mercedes Roca  roumens <\/li>\n<li>josep Montserrat torrents (vocal)<\/li>\n<li>syney Aufrere (vocal)<\/li>\n<li>josep Padr\u00f3 parcerisas (vocal)<\/li>\n<\/ul>\n<\/li>\n<\/ul>\n<p>&nbsp;<\/p>\n","protected":false},"excerpt":{"rendered":"<p>Tesis doctoral de Salvador Costa Llerda Bajo el reinado de rameses i, primer rey de la dinast\u00eda xix, hace su [&hellip;]<\/p>\n","protected":false},"author":1,"featured_media":0,"comment_status":"open","ping_status":"open","sticky":false,"template":"","format":"standard","meta":{"site-sidebar-layout":"default","site-content-layout":"","ast-site-content-layout":"","site-content-style":"default","site-sidebar-style":"default","ast-global-header-display":"","ast-banner-title-visibility":"","ast-main-header-display":"","ast-hfb-above-header-display":"","ast-hfb-below-header-display":"","ast-hfb-mobile-header-display":"","site-post-title":"","ast-breadcrumbs-content":"","ast-featured-img":"","footer-sml-layout":"","theme-transparent-header-meta":"","adv-header-id-meta":"","stick-header-meta":"","header-above-stick-meta":"","header-main-stick-meta":"","header-below-stick-meta":"","astra-migrate-meta-layouts":"default","ast-page-background-enabled":"default","ast-page-background-meta":{"desktop":{"background-color":"var(--ast-global-color-4)","background-image":"","background-repeat":"repeat","background-position":"center center","background-size":"auto","background-attachment":"scroll","background-type":"","background-media":"","overlay-type":"","overlay-color":"","overlay-gradient":""},"tablet":{"background-color":"","background-image":"","background-repeat":"repeat","background-position":"center center","background-size":"auto","background-attachment":"scroll","background-type":"","background-media":"","overlay-type":"","overlay-color":"","overlay-gradient":""},"mobile":{"background-color":"","background-image":"","background-repeat":"repeat","background-position":"center center","background-size":"auto","background-attachment":"scroll","background-type":"","background-media":"","overlay-type":"","overlay-color":"","overlay-gradient":""}},"ast-content-background-meta":{"desktop":{"background-color":"var(--ast-global-color-5)","background-image":"","background-repeat":"repeat","background-position":"center center","background-size":"auto","background-attachment":"scroll","background-type":"","background-media":"","overlay-type":"","overlay-color":"","overlay-gradient":""},"tablet":{"background-color":"var(--ast-global-color-5)","background-image":"","background-repeat":"repeat","background-position":"center center","background-size":"auto","background-attachment":"scroll","background-type":"","background-media":"","overlay-type":"","overlay-color":"","overlay-gradient":""},"mobile":{"background-color":"var(--ast-global-color-5)","background-image":"","background-repeat":"repeat","background-position":"center center","background-size":"auto","background-attachment":"scroll","background-type":"","background-media":"","overlay-type":"","overlay-color":"","overlay-gradient":""}},"footnotes":""},"categories":[951,104,569,220],"tags":[100167,34001,20259,19649,100166,100168],"class_list":["post-38634","post","type-post","status-publish","format-standard","hentry","category-barcelona","category-historia","category-historia-antigua","category-historia-por-epocas","tag-anna-m-rauret-dalmau","tag-josep-montserrat-torrents","tag-josep-padro-parcerisas","tag-mercedes-roca-roumens","tag-salvador-costa-llerda","tag-syney-aufrere"],"_links":{"self":[{"href":"https:\/\/www.deberes.net\/tesis\/wp-json\/wp\/v2\/posts\/38634","targetHints":{"allow":["GET"]}}],"collection":[{"href":"https:\/\/www.deberes.net\/tesis\/wp-json\/wp\/v2\/posts"}],"about":[{"href":"https:\/\/www.deberes.net\/tesis\/wp-json\/wp\/v2\/types\/post"}],"author":[{"embeddable":true,"href":"https:\/\/www.deberes.net\/tesis\/wp-json\/wp\/v2\/users\/1"}],"replies":[{"embeddable":true,"href":"https:\/\/www.deberes.net\/tesis\/wp-json\/wp\/v2\/comments?post=38634"}],"version-history":[{"count":0,"href":"https:\/\/www.deberes.net\/tesis\/wp-json\/wp\/v2\/posts\/38634\/revisions"}],"wp:attachment":[{"href":"https:\/\/www.deberes.net\/tesis\/wp-json\/wp\/v2\/media?parent=38634"}],"wp:term":[{"taxonomy":"category","embeddable":true,"href":"https:\/\/www.deberes.net\/tesis\/wp-json\/wp\/v2\/categories?post=38634"},{"taxonomy":"post_tag","embeddable":true,"href":"https:\/\/www.deberes.net\/tesis\/wp-json\/wp\/v2\/tags?post=38634"}],"curies":[{"name":"wp","href":"https:\/\/api.w.org\/{rel}","templated":true}]}}