{"id":38659,"date":"1998-01-10T00:00:00","date_gmt":"1998-01-10T00:00:00","guid":{"rendered":"https:\/\/www.deberes.net\/tesis\/sin-categoria\/la-filosofia-de-richard-rorty-el-sentido-critico-del-pragmatismo-rortiano\/"},"modified":"1998-01-10T00:00:00","modified_gmt":"1998-01-10T00:00:00","slug":"la-filosofia-de-richard-rorty-el-sentido-critico-del-pragmatismo-rortiano","status":"publish","type":"post","link":"https:\/\/www.deberes.net\/tesis\/filosofia\/la-filosofia-de-richard-rorty-el-sentido-critico-del-pragmatismo-rortiano\/","title":{"rendered":"La filosofia de richard rorty: el sentido critico del pragmatismo rortiano."},"content":{"rendered":"<h2>Tesis doctoral de <strong> Marcelo Celestini Aldo <\/strong><\/h2>\n<p>La tesis habla sobre lo que entiende es una de los principales objetivos del pensamiento de rorty: la justificaci\u00f3n de una etica no universal, no fundamentada en un punto trascendental e inmutable, para ello, recorre un camino que va desde el pragmatismo, pasando por los linguisticas analiticas, wiltgenstein y davidson y llegando hasta el postmodernismo en la figura de derrida.  este impactante mestizaje, este aparene contrasendio de ubicar como un ariete de dewey dentro de un lenguaje que, en principio, lo ataca como uno de sus principales enemigos, lo detiene a rorty, propone una etica basada en el acuerdo pubico, en la conversi\u00f3n, en definitiva en el lenguaje heredado.  pero este lenguaje no permanecer\u00e1 tranquilo en su trono: no ser\u00e1 reemplazado por ning\u00fan otro que se arrogue ese derecho en un desplazamiento que s\u00f3lo seria una coartada para que todo siga como esta, pero estar\u00e1 sujeto a mutaciones producto de los desv\u00edos que los lenguajes privados, cuya libertad debe garantizar la publico, la inflingiran.  de esta forma, las formulas eticas (como por ejemplo, solidaridad y no crueldad) nos prometen un futuro abierto a los caminos que m\u00e1s alla de todo relativismo, nos incita a desplegar libremente nuestros l\u00e9xicos privados en la busqueda esperanzada de un reflejo en lo social.<\/p>\n<p>&nbsp;<\/p>\n<h3>Datos acad\u00e9micos de la tesis doctoral \u00ab<strong>La filosofia de richard rorty: el sentido critico del pragmatismo rortiano.<\/strong>\u00ab<\/h3>\n<ul>\n<li><strong>T\u00edtulo de la tesis:<\/strong>\u00a0 La filosofia de richard rorty: el sentido critico del pragmatismo rortiano. <\/li>\n<li><strong>Autor:<\/strong>\u00a0 Marcelo Celestini Aldo <\/li>\n<li><strong>Universidad:<\/strong>\u00a0 Barcelona<\/li>\n<li><strong>Fecha de lectura de la tesis:<\/strong>\u00a0 01\/10\/1998<\/li>\n<\/ul>\n<p>&nbsp;<\/p>\n<h3>Direcci\u00f3n y tribunal<\/h3>\n<ul>\n<li><strong>Director de la tesis<\/strong>\n<ul>\n<li>Jos\u00e9 Luis Arce Carrascoso<\/li>\n<\/ul>\n<\/li>\n<li><strong>Tribunal<\/strong>\n<ul>\n<li>Presidente del tribunal: raul Gabas pallas <\/li>\n<li>carmen Revilla  guzm\u00e1n (vocal)<\/li>\n<li>Jes\u00fas Hernandez reines (vocal)<\/li>\n<li>jordi Sales coderch (vocal)<\/li>\n<\/ul>\n<\/li>\n<\/ul>\n<p>&nbsp;<\/p>\n","protected":false},"excerpt":{"rendered":"<p>Tesis doctoral de Marcelo Celestini Aldo La tesis habla sobre lo que entiende es una de los principales objetivos del [&hellip;]<\/p>\n","protected":false},"author":1,"featured_media":0,"comment_status":"open","ping_status":"open","sticky":false,"template":"","format":"standard","meta":{"site-sidebar-layout":"default","site-content-layout":"","ast-site-content-layout":"","site-content-style":"default","site-sidebar-style":"default","ast-global-header-display":"","ast-banner-title-visibility":"","ast-main-header-display":"","ast-hfb-above-header-display":"","ast-hfb-below-header-display":"","ast-hfb-mobile-header-display":"","site-post-title":"","ast-breadcrumbs-content":"","ast-featured-img":"","footer-sml-layout":"","theme-transparent-header-meta":"","adv-header-id-meta":"","stick-header-meta":"","header-above-stick-meta":"","header-main-stick-meta":"","header-below-stick-meta":"","astra-migrate-meta-layouts":"default","ast-page-background-enabled":"default","ast-page-background-meta":{"desktop":{"background-color":"var(--ast-global-color-4)","background-image":"","background-repeat":"repeat","background-position":"center center","background-size":"auto","background-attachment":"scroll","background-type":"","background-media":"","overlay-type":"","overlay-color":"","overlay-gradient":""},"tablet":{"background-color":"","background-image":"","background-repeat":"repeat","background-position":"center center","background-size":"auto","background-attachment":"scroll","background-type":"","background-media":"","overlay-type":"","overlay-color":"","overlay-gradient":""},"mobile":{"background-color":"","background-image":"","background-repeat":"repeat","background-position":"center center","background-size":"auto","background-attachment":"scroll","background-type":"","background-media":"","overlay-type":"","overlay-color":"","overlay-gradient":""}},"ast-content-background-meta":{"desktop":{"background-color":"var(--ast-global-color-5)","background-image":"","background-repeat":"repeat","background-position":"center center","background-size":"auto","background-attachment":"scroll","background-type":"","background-media":"","overlay-type":"","overlay-color":"","overlay-gradient":""},"tablet":{"background-color":"var(--ast-global-color-5)","background-image":"","background-repeat":"repeat","background-position":"center center","background-size":"auto","background-attachment":"scroll","background-type":"","background-media":"","overlay-type":"","overlay-color":"","overlay-gradient":""},"mobile":{"background-color":"var(--ast-global-color-5)","background-image":"","background-repeat":"repeat","background-position":"center center","background-size":"auto","background-attachment":"scroll","background-type":"","background-media":"","overlay-type":"","overlay-color":"","overlay-gradient":""}},"footnotes":""},"categories":[951,165,6008,1078],"tags":[36431,100203,32949,1062,100202,20217],"class_list":["post-38659","post","type-post","status-publish","format-standard","hentry","category-barcelona","category-filosofia","category-filosofia-politica","category-filosofia-social","tag-carmen-revilla-guzman","tag-jesus-hernandez-reines","tag-jordi-sales-coderch","tag-jose-luis-arce-carrascoso","tag-marcelo-celestini-aldo","tag-raul-gabas-pallas"],"_links":{"self":[{"href":"https:\/\/www.deberes.net\/tesis\/wp-json\/wp\/v2\/posts\/38659","targetHints":{"allow":["GET"]}}],"collection":[{"href":"https:\/\/www.deberes.net\/tesis\/wp-json\/wp\/v2\/posts"}],"about":[{"href":"https:\/\/www.deberes.net\/tesis\/wp-json\/wp\/v2\/types\/post"}],"author":[{"embeddable":true,"href":"https:\/\/www.deberes.net\/tesis\/wp-json\/wp\/v2\/users\/1"}],"replies":[{"embeddable":true,"href":"https:\/\/www.deberes.net\/tesis\/wp-json\/wp\/v2\/comments?post=38659"}],"version-history":[{"count":0,"href":"https:\/\/www.deberes.net\/tesis\/wp-json\/wp\/v2\/posts\/38659\/revisions"}],"wp:attachment":[{"href":"https:\/\/www.deberes.net\/tesis\/wp-json\/wp\/v2\/media?parent=38659"}],"wp:term":[{"taxonomy":"category","embeddable":true,"href":"https:\/\/www.deberes.net\/tesis\/wp-json\/wp\/v2\/categories?post=38659"},{"taxonomy":"post_tag","embeddable":true,"href":"https:\/\/www.deberes.net\/tesis\/wp-json\/wp\/v2\/tags?post=38659"}],"curies":[{"name":"wp","href":"https:\/\/api.w.org\/{rel}","templated":true}]}}