{"id":38678,"date":"1998-07-10T00:00:00","date_gmt":"1998-07-10T00:00:00","guid":{"rendered":"https:\/\/www.deberes.net\/tesis\/sin-categoria\/estudio-y-analisis-de-los-museos-y-colecciones-museograficas-de-la-provincia-de-alicante\/"},"modified":"1998-07-10T00:00:00","modified_gmt":"1998-07-10T00:00:00","slug":"estudio-y-analisis-de-los-museos-y-colecciones-museograficas-de-la-provincia-de-alicante","status":"publish","type":"post","link":"https:\/\/www.deberes.net\/tesis\/antropologia\/estudio-y-analisis-de-los-museos-y-colecciones-museograficas-de-la-provincia-de-alicante\/","title":{"rendered":"Estudio y analisis de los museos y colecciones museograficas de la provincia de alicante."},"content":{"rendered":"<h2>Tesis doctoral de <strong> M. Concepcion Marco Such <\/strong><\/h2>\n<p>La tesis doctoral se basa en un estudio de la situaci\u00f3n de los museos y colecciones museogr\u00e1ficas de la provincia de alicante. partiendo del concepto del coleccionismo y la definici\u00f3n de museo, se realiza una clasificaci\u00f3n de todos los centros abiertos al p\u00fablico, se\u00f1al\u00e1ndose la tipolog\u00eda, titularidad, fecha de apertura, denominaci\u00f3n del centro y datos descriptivos acerca de su historia, sus fondos y los servicios disponibles. Con la enumeraci\u00f3n de todos los museos se procedi\u00f3 a un an\u00e1lisis y evaluaci\u00f3n de la situaci\u00f3n de los museos reconocidos por la generalidat Valenciana. Tras este estudio cr\u00edtico y la evaluaci\u00f3n de los datos obtenidos se propusieron soluciones a los mismos. Finalmente se concluye el estudio con una reflexi\u00f3n sobre los museos universitarios como una nueva forma de entender la museolog\u00eda y como lugar de formaci\u00f3n de los futuros profesionales de los museos.#<\/p>\n<p>&nbsp;<\/p>\n<h3>Datos acad\u00e9micos de la tesis doctoral \u00ab<strong>Estudio y analisis de los museos y colecciones museograficas de la provincia de alicante.<\/strong>\u00ab<\/h3>\n<ul>\n<li><strong>T\u00edtulo de la tesis:<\/strong>\u00a0 Estudio y analisis de los museos y colecciones museograficas de la provincia de alicante. <\/li>\n<li><strong>Autor:<\/strong>\u00a0 M. Concepcion Marco Such <\/li>\n<li><strong>Universidad:<\/strong>\u00a0 Alicante<\/li>\n<li><strong>Fecha de lectura de la tesis:<\/strong>\u00a0 07\/10\/1998<\/li>\n<\/ul>\n<p>&nbsp;<\/p>\n<h3>Direcci\u00f3n y tribunal<\/h3>\n<ul>\n<li><strong>Director de la tesis<\/strong>\n<ul>\n<li>Irene Garcia Anton<\/li>\n<\/ul>\n<\/li>\n<li><strong>Tribunal<\/strong>\n<ul>\n<li>Presidente del tribunal: Antonio Ramos  hidalgo <\/li>\n<li>pablo Ram\u00edrez p\u00e9rez (vocal)<\/li>\n<li>miquel Molins nubiola (vocal)<\/li>\n<li>rosa Mar\u00eda Garceran piqueras (vocal)<\/li>\n<\/ul>\n<\/li>\n<\/ul>\n<p>&nbsp;<\/p>\n","protected":false},"excerpt":{"rendered":"<p>Tesis doctoral de M. Concepcion Marco Such La tesis doctoral se basa en un estudio de la situaci\u00f3n de los [&hellip;]<\/p>\n","protected":false},"author":1,"featured_media":0,"comment_status":"open","ping_status":"open","sticky":false,"template":"","format":"standard","meta":{"site-sidebar-layout":"default","site-content-layout":"","ast-site-content-layout":"","site-content-style":"default","site-sidebar-style":"default","ast-global-header-display":"","ast-banner-title-visibility":"","ast-main-header-display":"","ast-hfb-above-header-display":"","ast-hfb-below-header-display":"","ast-hfb-mobile-header-display":"","site-post-title":"","ast-breadcrumbs-content":"","ast-featured-img":"","footer-sml-layout":"","theme-transparent-header-meta":"","adv-header-id-meta":"","stick-header-meta":"","header-above-stick-meta":"","header-main-stick-meta":"","header-below-stick-meta":"","astra-migrate-meta-layouts":"default","ast-page-background-enabled":"default","ast-page-background-meta":{"desktop":{"background-color":"var(--ast-global-color-4)","background-image":"","background-repeat":"repeat","background-position":"center center","background-size":"auto","background-attachment":"scroll","background-type":"","background-media":"","overlay-type":"","overlay-color":"","overlay-gradient":""},"tablet":{"background-color":"","background-image":"","background-repeat":"repeat","background-position":"center center","background-size":"auto","background-attachment":"scroll","background-type":"","background-media":"","overlay-type":"","overlay-color":"","overlay-gradient":""},"mobile":{"background-color":"","background-image":"","background-repeat":"repeat","background-position":"center center","background-size":"auto","background-attachment":"scroll","background-type":"","background-media":"","overlay-type":"","overlay-color":"","overlay-gradient":""}},"ast-content-background-meta":{"desktop":{"background-color":"var(--ast-global-color-5)","background-image":"","background-repeat":"repeat","background-position":"center center","background-size":"auto","background-attachment":"scroll","background-type":"","background-media":"","overlay-type":"","overlay-color":"","overlay-gradient":""},"tablet":{"background-color":"var(--ast-global-color-5)","background-image":"","background-repeat":"repeat","background-position":"center center","background-size":"auto","background-attachment":"scroll","background-type":"","background-media":"","overlay-type":"","overlay-color":"","overlay-gradient":""},"mobile":{"background-color":"var(--ast-global-color-5)","background-image":"","background-repeat":"repeat","background-position":"center center","background-size":"auto","background-attachment":"scroll","background-type":"","background-media":"","overlay-type":"","overlay-color":"","overlay-gradient":""}},"footnotes":""},"categories":[19166,681,983,23290,1111],"tags":[53217,100241,100240,34374,41172,6549],"class_list":["post-38678","post","type-post","status-publish","format-standard","hentry","category-alicante","category-antropologia","category-antropologia-cultural","category-museologia","category-teoria-analisis-y-critica-de-las-bellas-artes","tag-antonio-ramos-hidalgo","tag-irene-garcia-anton","tag-m-concepcion-marco-such","tag-miquel-molins-nubiola","tag-pablo-ramirez-perez","tag-rosa-maria-garceran-piqueras"],"_links":{"self":[{"href":"https:\/\/www.deberes.net\/tesis\/wp-json\/wp\/v2\/posts\/38678","targetHints":{"allow":["GET"]}}],"collection":[{"href":"https:\/\/www.deberes.net\/tesis\/wp-json\/wp\/v2\/posts"}],"about":[{"href":"https:\/\/www.deberes.net\/tesis\/wp-json\/wp\/v2\/types\/post"}],"author":[{"embeddable":true,"href":"https:\/\/www.deberes.net\/tesis\/wp-json\/wp\/v2\/users\/1"}],"replies":[{"embeddable":true,"href":"https:\/\/www.deberes.net\/tesis\/wp-json\/wp\/v2\/comments?post=38678"}],"version-history":[{"count":0,"href":"https:\/\/www.deberes.net\/tesis\/wp-json\/wp\/v2\/posts\/38678\/revisions"}],"wp:attachment":[{"href":"https:\/\/www.deberes.net\/tesis\/wp-json\/wp\/v2\/media?parent=38678"}],"wp:term":[{"taxonomy":"category","embeddable":true,"href":"https:\/\/www.deberes.net\/tesis\/wp-json\/wp\/v2\/categories?post=38678"},{"taxonomy":"post_tag","embeddable":true,"href":"https:\/\/www.deberes.net\/tesis\/wp-json\/wp\/v2\/tags?post=38678"}],"curies":[{"name":"wp","href":"https:\/\/api.w.org\/{rel}","templated":true}]}}