{"id":38685,"date":"1998-09-10T00:00:00","date_gmt":"1998-09-10T00:00:00","guid":{"rendered":"https:\/\/www.deberes.net\/tesis\/sin-categoria\/memorias-de-una-mujer-de-la-generacion-del-98-carmen-baroja\/"},"modified":"1998-09-10T00:00:00","modified_gmt":"1998-09-10T00:00:00","slug":"memorias-de-una-mujer-de-la-generacion-del-98-carmen-baroja","status":"publish","type":"post","link":"https:\/\/www.deberes.net\/tesis\/historia\/memorias-de-una-mujer-de-la-generacion-del-98-carmen-baroja\/","title":{"rendered":"Memorias de una mujer de la generacion del 98: carmen baroja."},"content":{"rendered":"<h2>Tesis doctoral de <strong> Amparo Hurtado D\u00edaz <\/strong><\/h2>\n<p>La tesis tiene por objeto la edici\u00f3n y estudio de las memorias de carmen baroja y nessi (1883-1950). el descubrimiento por parte de la doctoranda del manuscrito in\u00e9dito de estas memorias constituye y en s\u00ed mismo una importante aportaci\u00f3n. la edici\u00f3n cr\u00edtica del texto contiene numerosas notas a pie de p\u00e1gina, m\u00e1s un \u00edndice onom\u00e1stico con notas biogr\u00e1ficas de las personas mencionadas en las memorias. La tesis incluye tambi\u00e9n una reconstrucci\u00f3n de la biograf\u00eda de carmen baroja, correlato necesario a la edici\u00f3n de sus memorias, que se ha llevado a cabo partiendo del an\u00e1lisis del discurso autobiogr\u00e1fico y de los \u00faltimos avances de las teor\u00edas sobre escritura autobiografica. en ap\u00e9ndice, incluye un epistolario y documentaci\u00f3n.<\/p>\n<p>&nbsp;<\/p>\n<h3>Datos acad\u00e9micos de la tesis doctoral \u00ab<strong>Memorias de una mujer de la generacion del 98: carmen baroja.<\/strong>\u00ab<\/h3>\n<ul>\n<li><strong>T\u00edtulo de la tesis:<\/strong>\u00a0 Memorias de una mujer de la generacion del 98: carmen baroja. <\/li>\n<li><strong>Autor:<\/strong>\u00a0 Amparo Hurtado D\u00edaz <\/li>\n<li><strong>Universidad:<\/strong>\u00a0 Barcelona<\/li>\n<li><strong>Fecha de lectura de la tesis:<\/strong>\u00a0 09\/10\/1998<\/li>\n<\/ul>\n<p>&nbsp;<\/p>\n<h3>Direcci\u00f3n y tribunal<\/h3>\n<ul>\n<li><strong>Director de la tesis<\/strong>\n<ul>\n<li>Joaquin Marco Revilla<\/li>\n<\/ul>\n<\/li>\n<li><strong>Tribunal<\/strong>\n<ul>\n<li>Presidente del tribunal: gabriel Oliver coll <\/li>\n<li>adolfo Sotelo v\u00e1zquez (vocal)<\/li>\n<li>albert Blecua perdices (vocal)<\/li>\n<li>jos\u00e9-carlos Mainer baqu\u00e9 (vocal)<\/li>\n<\/ul>\n<\/li>\n<\/ul>\n<p>&nbsp;<\/p>\n","protected":false},"excerpt":{"rendered":"<p>Tesis doctoral de Amparo Hurtado D\u00edaz La tesis tiene por objeto la edici\u00f3n y estudio de las memorias de carmen [&hellip;]<\/p>\n","protected":false},"author":1,"featured_media":0,"comment_status":"open","ping_status":"open","sticky":false,"template":"","format":"standard","meta":{"site-sidebar-layout":"default","site-content-layout":"","ast-site-content-layout":"","site-content-style":"default","site-sidebar-style":"default","ast-global-header-display":"","ast-banner-title-visibility":"","ast-main-header-display":"","ast-hfb-above-header-display":"","ast-hfb-below-header-display":"","ast-hfb-mobile-header-display":"","site-post-title":"","ast-breadcrumbs-content":"","ast-featured-img":"","footer-sml-layout":"","theme-transparent-header-meta":"","adv-header-id-meta":"","stick-header-meta":"","header-above-stick-meta":"","header-main-stick-meta":"","header-below-stick-meta":"","astra-migrate-meta-layouts":"default","ast-page-background-enabled":"default","ast-page-background-meta":{"desktop":{"background-color":"var(--ast-global-color-4)","background-image":"","background-repeat":"repeat","background-position":"center center","background-size":"auto","background-attachment":"scroll","background-type":"","background-media":"","overlay-type":"","overlay-color":"","overlay-gradient":""},"tablet":{"background-color":"","background-image":"","background-repeat":"repeat","background-position":"center center","background-size":"auto","background-attachment":"scroll","background-type":"","background-media":"","overlay-type":"","overlay-color":"","overlay-gradient":""},"mobile":{"background-color":"","background-image":"","background-repeat":"repeat","background-position":"center center","background-size":"auto","background-attachment":"scroll","background-type":"","background-media":"","overlay-type":"","overlay-color":"","overlay-gradient":""}},"ast-content-background-meta":{"desktop":{"background-color":"var(--ast-global-color-5)","background-image":"","background-repeat":"repeat","background-position":"center center","background-size":"auto","background-attachment":"scroll","background-type":"","background-media":"","overlay-type":"","overlay-color":"","overlay-gradient":""},"tablet":{"background-color":"var(--ast-global-color-5)","background-image":"","background-repeat":"repeat","background-position":"center center","background-size":"auto","background-attachment":"scroll","background-type":"","background-media":"","overlay-type":"","overlay-color":"","overlay-gradient":""},"mobile":{"background-color":"var(--ast-global-color-5)","background-image":"","background-repeat":"repeat","background-position":"center center","background-size":"auto","background-attachment":"scroll","background-type":"","background-media":"","overlay-type":"","overlay-color":"","overlay-gradient":""}},"footnotes":""},"categories":[951,147,149,104,222],"tags":[1113,1365,100254,113,391,5033],"class_list":["post-38685","post","type-post","status-publish","format-standard","hentry","category-barcelona","category-ciencias-de-las-artes-y-las-letras","category-critica-de-textos","category-historia","category-historias-especializadas","tag-adolfo-sotelo-vazquez","tag-albert-blecua-perdices","tag-amparo-hurtado-diaz","tag-gabriel-oliver-coll","tag-joaquin-marco-revilla","tag-jose-carlos-mainer-baque"],"_links":{"self":[{"href":"https:\/\/www.deberes.net\/tesis\/wp-json\/wp\/v2\/posts\/38685","targetHints":{"allow":["GET"]}}],"collection":[{"href":"https:\/\/www.deberes.net\/tesis\/wp-json\/wp\/v2\/posts"}],"about":[{"href":"https:\/\/www.deberes.net\/tesis\/wp-json\/wp\/v2\/types\/post"}],"author":[{"embeddable":true,"href":"https:\/\/www.deberes.net\/tesis\/wp-json\/wp\/v2\/users\/1"}],"replies":[{"embeddable":true,"href":"https:\/\/www.deberes.net\/tesis\/wp-json\/wp\/v2\/comments?post=38685"}],"version-history":[{"count":0,"href":"https:\/\/www.deberes.net\/tesis\/wp-json\/wp\/v2\/posts\/38685\/revisions"}],"wp:attachment":[{"href":"https:\/\/www.deberes.net\/tesis\/wp-json\/wp\/v2\/media?parent=38685"}],"wp:term":[{"taxonomy":"category","embeddable":true,"href":"https:\/\/www.deberes.net\/tesis\/wp-json\/wp\/v2\/categories?post=38685"},{"taxonomy":"post_tag","embeddable":true,"href":"https:\/\/www.deberes.net\/tesis\/wp-json\/wp\/v2\/tags?post=38685"}],"curies":[{"name":"wp","href":"https:\/\/api.w.org\/{rel}","templated":true}]}}