{"id":38689,"date":"2018-03-09T09:38:23","date_gmt":"2018-03-09T09:38:23","guid":{"rendered":"https:\/\/www.deberes.net\/tesis\/sin-categoria\/efectos-del-oido-absoluto-sobre-el-procesamiento-del-intervalo-melodico-temperado\/"},"modified":"2018-03-09T09:38:23","modified_gmt":"2018-03-09T09:38:23","slug":"efectos-del-oido-absoluto-sobre-el-procesamiento-del-intervalo-melodico-temperado","status":"publish","type":"post","link":"https:\/\/www.deberes.net\/tesis\/fisica\/efectos-del-oido-absoluto-sobre-el-procesamiento-del-intervalo-melodico-temperado\/","title":{"rendered":"Efectos del oido absoluto sobre el procesamiento del intervalo melodico temperado."},"content":{"rendered":"<h2>Tesis doctoral de <strong> Ana Laucirica Larrinaga <\/strong><\/h2>\n<p>El procesamiento del discurso musical est\u00e1 relacionado con los dos sistemas de audici\u00f3n existentes: audici\u00f3n absoluta y relativa. el presente trabajo de investigaci\u00f3n consiste en demostrar emp\u00edricamente que los m\u00fasicos con o\u00eddo absoluto tienen un especial sistema para procesar el intervalo mel\u00f3dico temperado y por ello podr\u00edan tener problemas para la categorizaci\u00f3n de ciertos intervalos de la escala cr\u00f3matica. para llevar a cabo el estudio se ha comprobado la necesidad de elaborar y validar un instrumento de medida, ya que las investigaciones anteriores sobre el tema no recogen todas las variables que consideramos necesarias para medir el oido absoluto y sus diferentes tipos, la identificaci\u00f3n interv\u00e1lica y la relaci\u00f3n entre ambas habilidades. Se ha realizado una prueba definitiva a 89 estudiantes de grado superior de conservatorio y, adem\u00e1s de obtener la validaci\u00f3n de los tests, se ha podido comprobar que a) la generalidad de los sujetos procesan el intervalo absolutamente b) se encuentra una puntuaci\u00f3n significativamente inferior en la identificaci\u00f3n de intervalos de la escala crom\u00e1tica frente a la de aqu\u00e9llos de la escala diat\u00f3nica, c) las personas con mejor o\u00eddo absoluto presentan tambi\u00e9n un buen oido relativo y d) se puede constatar que los sujetos con oido absoluto con peor puntuaci\u00f3n en o\u00eddo relativo tienenun tipo limitado por las alteraciones.  los resultados de este estudio tendrian que ser observados por su relaci\u00f3n con la educaci\u00f3n musical y sus efectos sobre la percepci\u00f3n de la m\u00fasica.<\/p>\n<p>&nbsp;<\/p>\n<h3>Datos acad\u00e9micos de la tesis doctoral \u00ab<strong>Efectos del oido absoluto sobre el procesamiento del intervalo melodico temperado.<\/strong>\u00ab<\/h3>\n<ul>\n<li><strong>T\u00edtulo de la tesis:<\/strong>\u00a0 Efectos del oido absoluto sobre el procesamiento del intervalo melodico temperado. <\/li>\n<li><strong>Autor:<\/strong>\u00a0 Ana Laucirica Larrinaga <\/li>\n<li><strong>Universidad:<\/strong>\u00a0 Pa\u00eds vasco\/euskal herriko unibertsitatea<\/li>\n<li><strong>Fecha de lectura de la tesis:<\/strong>\u00a0 14\/10\/1998<\/li>\n<\/ul>\n<p>&nbsp;<\/p>\n<h3>Direcci\u00f3n y tribunal<\/h3>\n<ul>\n<li><strong>Director de la tesis<\/strong>\n<ul>\n<li> Rio Sadornil Dionisio Del<\/li>\n<\/ul>\n<\/li>\n<li><strong>Tribunal<\/strong>\n<ul>\n<li>Presidente del tribunal: ramon Alzate saez de heredia <\/li>\n<li>benjamin Zufiaurre goikoetxea (vocal)<\/li>\n<li>M\u00aa pilar Barrios manzano (vocal)<\/li>\n<li>julia Bernal  vazquez (vocal)<\/li>\n<\/ul>\n<\/li>\n<\/ul>\n<p>&nbsp;<\/p>\n","protected":false},"excerpt":{"rendered":"<p>Tesis doctoral de Ana Laucirica Larrinaga El procesamiento del discurso musical est\u00e1 relacionado con los dos sistemas de audici\u00f3n existentes: [&hellip;]<\/p>\n","protected":false},"author":1,"featured_media":0,"comment_status":"open","ping_status":"open","sticky":false,"template":"","format":"standard","meta":{"site-sidebar-layout":"default","site-content-layout":"","ast-site-content-layout":"","site-content-style":"default","site-sidebar-style":"default","ast-global-header-display":"","ast-banner-title-visibility":"","ast-main-header-display":"","ast-hfb-above-header-display":"","ast-hfb-below-header-display":"","ast-hfb-mobile-header-display":"","site-post-title":"","ast-breadcrumbs-content":"","ast-featured-img":"","footer-sml-layout":"","theme-transparent-header-meta":"","adv-header-id-meta":"","stick-header-meta":"","header-above-stick-meta":"","header-main-stick-meta":"","header-below-stick-meta":"","astra-migrate-meta-layouts":"default","ast-page-background-enabled":"default","ast-page-background-meta":{"desktop":{"background-color":"var(--ast-global-color-4)","background-image":"","background-repeat":"repeat","background-position":"center center","background-size":"auto","background-attachment":"scroll","background-type":"","background-media":"","overlay-type":"","overlay-color":"","overlay-gradient":""},"tablet":{"background-color":"","background-image":"","background-repeat":"repeat","background-position":"center center","background-size":"auto","background-attachment":"scroll","background-type":"","background-media":"","overlay-type":"","overlay-color":"","overlay-gradient":""},"mobile":{"background-color":"","background-image":"","background-repeat":"repeat","background-position":"center center","background-size":"auto","background-attachment":"scroll","background-type":"","background-media":"","overlay-type":"","overlay-color":"","overlay-gradient":""}},"ast-content-background-meta":{"desktop":{"background-color":"var(--ast-global-color-5)","background-image":"","background-repeat":"repeat","background-position":"center center","background-size":"auto","background-attachment":"scroll","background-type":"","background-media":"","overlay-type":"","overlay-color":"","overlay-gradient":""},"tablet":{"background-color":"var(--ast-global-color-5)","background-image":"","background-repeat":"repeat","background-position":"center center","background-size":"auto","background-attachment":"scroll","background-type":"","background-media":"","overlay-type":"","overlay-color":"","overlay-gradient":""},"mobile":{"background-color":"var(--ast-global-color-5)","background-image":"","background-repeat":"repeat","background-position":"center center","background-size":"auto","background-attachment":"scroll","background-type":"","background-media":"","overlay-type":"","overlay-color":"","overlay-gradient":""}},"footnotes":""},"categories":[5190,199,30902,12909,324],"tags":[47622,13278,52281,54872,13291,100260],"class_list":["post-38689","post","type-post","status-publish","format-standard","hentry","category-acustica","category-fisica","category-fisica-de-la-musica","category-pais-vasco-euskal-herriko-unibertsitatea","category-psicologia","tag-ana-laucirica-larrinaga","tag-benjamin-zufiaurre-goikoetxea","tag-julia-bernal-vazquez","tag-ma-pilar-barrios-manzano","tag-ramon-alzate-saez-de-heredia","tag-rio-sadornil-dionisio-del"],"_links":{"self":[{"href":"https:\/\/www.deberes.net\/tesis\/wp-json\/wp\/v2\/posts\/38689","targetHints":{"allow":["GET"]}}],"collection":[{"href":"https:\/\/www.deberes.net\/tesis\/wp-json\/wp\/v2\/posts"}],"about":[{"href":"https:\/\/www.deberes.net\/tesis\/wp-json\/wp\/v2\/types\/post"}],"author":[{"embeddable":true,"href":"https:\/\/www.deberes.net\/tesis\/wp-json\/wp\/v2\/users\/1"}],"replies":[{"embeddable":true,"href":"https:\/\/www.deberes.net\/tesis\/wp-json\/wp\/v2\/comments?post=38689"}],"version-history":[{"count":0,"href":"https:\/\/www.deberes.net\/tesis\/wp-json\/wp\/v2\/posts\/38689\/revisions"}],"wp:attachment":[{"href":"https:\/\/www.deberes.net\/tesis\/wp-json\/wp\/v2\/media?parent=38689"}],"wp:term":[{"taxonomy":"category","embeddable":true,"href":"https:\/\/www.deberes.net\/tesis\/wp-json\/wp\/v2\/categories?post=38689"},{"taxonomy":"post_tag","embeddable":true,"href":"https:\/\/www.deberes.net\/tesis\/wp-json\/wp\/v2\/tags?post=38689"}],"curies":[{"name":"wp","href":"https:\/\/api.w.org\/{rel}","templated":true}]}}