{"id":38731,"date":"2018-03-09T09:38:27","date_gmt":"2018-03-09T09:38:27","guid":{"rendered":"https:\/\/www.deberes.net\/tesis\/sin-categoria\/la-oligarquia-soriana-en-el-marco-institucional-de-los-doce-linajes-siglos-xvi-xvii\/"},"modified":"2018-03-09T09:38:27","modified_gmt":"2018-03-09T09:38:27","slug":"la-oligarquia-soriana-en-el-marco-institucional-de-los-doce-linajes-siglos-xvi-xvii","status":"publish","type":"post","link":"https:\/\/www.deberes.net\/tesis\/historia\/la-oligarquia-soriana-en-el-marco-institucional-de-los-doce-linajes-siglos-xvi-xvii\/","title":{"rendered":"La oligarquia soriana en el marco institucional de los doce linajes (siglos xvi-xvii)."},"content":{"rendered":"<h2>Tesis doctoral de <strong>  Sobaler Seco M. Angeles <\/strong><\/h2>\n<p>La investigaci\u00f3n se ha centrado en el estudio institucional de la comunidad de los doce linajes de la ciudad de soria durante los primeros siglos de la edad moderna, analizando su estructura interna, el primer nivel asociativo, el del \u00ablinaje\u00bb al que quedaban incorporados los determinados grupos familiares, y la diputaci\u00f3n de arneses, \u00f3rgano aglutinante de todas ellas, establecido para el gobierno interno y para la supervisi\u00f3n del equilibrado reparto y disfrute de privilegios y prerrogativas, entre las que destac\u00f3 su derecho a ejercer el poder local mediante el control del nombramiento de oficios.  se ha utilizado como fuente b\u00e1sica el rico y variado fondo documental de la instituci\u00f3n que se conserva en el archivo municipal de soria, completado con las actas de las reuniones del concejo, con los registros sobre \u00aboficios\u00bb del archivo general de simancas, y alguna documentaci\u00f3n precisa del archivo provincial de soria.<\/p>\n<p>&nbsp;<\/p>\n<h3>Datos acad\u00e9micos de la tesis doctoral \u00ab<strong>La oligarquia soriana en el marco institucional de los doce linajes (siglos xvi-xvii).<\/strong>\u00ab<\/h3>\n<ul>\n<li><strong>T\u00edtulo de la tesis:<\/strong>\u00a0 La oligarquia soriana en el marco institucional de los doce linajes (siglos xvi-xvii). <\/li>\n<li><strong>Autor:<\/strong>\u00a0  Sobaler Seco M. Angeles <\/li>\n<li><strong>Universidad:<\/strong>\u00a0 Valladolid<\/li>\n<li><strong>Fecha de lectura de la tesis:<\/strong>\u00a0 23\/10\/1998<\/li>\n<\/ul>\n<p>&nbsp;<\/p>\n<h3>Direcci\u00f3n y tribunal<\/h3>\n<ul>\n<li><strong>Director de la tesis<\/strong>\n<ul>\n<li>Teofanes Egido Lopez<\/li>\n<\/ul>\n<\/li>\n<li><strong>Tribunal<\/strong>\n<ul>\n<li>Presidente del tribunal: Luis Antonio Ribot Garc\u00eda <\/li>\n<li>enrique Mart\u00ednez ruiz (vocal)<\/li>\n<li> Del val valdivielso m. isabel (vocal)<\/li>\n<li>adriano Gutierrez alonso (vocal)<\/li>\n<\/ul>\n<\/li>\n<\/ul>\n<p>&nbsp;<\/p>\n","protected":false},"excerpt":{"rendered":"<p>Tesis doctoral de Sobaler Seco M. Angeles La investigaci\u00f3n se ha centrado en el estudio institucional de la comunidad de [&hellip;]<\/p>\n","protected":false},"author":1,"featured_media":0,"comment_status":"open","ping_status":"open","sticky":false,"template":"","format":"standard","meta":{"site-sidebar-layout":"default","site-content-layout":"","ast-site-content-layout":"","site-content-style":"default","site-sidebar-style":"default","ast-global-header-display":"","ast-banner-title-visibility":"","ast-main-header-display":"","ast-hfb-above-header-display":"","ast-hfb-below-header-display":"","ast-hfb-mobile-header-display":"","site-post-title":"","ast-breadcrumbs-content":"","ast-featured-img":"","footer-sml-layout":"","theme-transparent-header-meta":"","adv-header-id-meta":"","stick-header-meta":"","header-above-stick-meta":"","header-main-stick-meta":"","header-below-stick-meta":"","astra-migrate-meta-layouts":"default","ast-page-background-enabled":"default","ast-page-background-meta":{"desktop":{"background-color":"var(--ast-global-color-4)","background-image":"","background-repeat":"repeat","background-position":"center center","background-size":"auto","background-attachment":"scroll","background-type":"","background-media":"","overlay-type":"","overlay-color":"","overlay-gradient":""},"tablet":{"background-color":"","background-image":"","background-repeat":"repeat","background-position":"center center","background-size":"auto","background-attachment":"scroll","background-type":"","background-media":"","overlay-type":"","overlay-color":"","overlay-gradient":""},"mobile":{"background-color":"","background-image":"","background-repeat":"repeat","background-position":"center center","background-size":"auto","background-attachment":"scroll","background-type":"","background-media":"","overlay-type":"","overlay-color":"","overlay-gradient":""}},"ast-content-background-meta":{"desktop":{"background-color":"var(--ast-global-color-5)","background-image":"","background-repeat":"repeat","background-position":"center center","background-size":"auto","background-attachment":"scroll","background-type":"","background-media":"","overlay-type":"","overlay-color":"","overlay-gradient":""},"tablet":{"background-color":"var(--ast-global-color-5)","background-image":"","background-repeat":"repeat","background-position":"center center","background-size":"auto","background-attachment":"scroll","background-type":"","background-media":"","overlay-type":"","overlay-color":"","overlay-gradient":""},"mobile":{"background-color":"var(--ast-global-color-5)","background-image":"","background-repeat":"repeat","background-position":"center center","background-size":"auto","background-attachment":"scroll","background-type":"","background-media":"","overlay-type":"","overlay-color":"","overlay-gradient":""}},"footnotes":""},"categories":[104,639,2224,989,220,12451],"tags":[74171,100341,4939,5934,100340,3360],"class_list":["post-38731","post","type-post","status-publish","format-standard","hentry","category-historia","category-historia-de-paises","category-historia-local","category-historia-moderna","category-historia-por-epocas","category-valladolid","tag-adriano-gutierrez-alonso","tag-del-val-valdivielso-m-isabel","tag-enrique-Martinez-ruiz","tag-luis-antonio-ribot-garcia","tag-sobaler-seco-m-angeles","tag-teofanes-egido-lopez"],"_links":{"self":[{"href":"https:\/\/www.deberes.net\/tesis\/wp-json\/wp\/v2\/posts\/38731","targetHints":{"allow":["GET"]}}],"collection":[{"href":"https:\/\/www.deberes.net\/tesis\/wp-json\/wp\/v2\/posts"}],"about":[{"href":"https:\/\/www.deberes.net\/tesis\/wp-json\/wp\/v2\/types\/post"}],"author":[{"embeddable":true,"href":"https:\/\/www.deberes.net\/tesis\/wp-json\/wp\/v2\/users\/1"}],"replies":[{"embeddable":true,"href":"https:\/\/www.deberes.net\/tesis\/wp-json\/wp\/v2\/comments?post=38731"}],"version-history":[{"count":0,"href":"https:\/\/www.deberes.net\/tesis\/wp-json\/wp\/v2\/posts\/38731\/revisions"}],"wp:attachment":[{"href":"https:\/\/www.deberes.net\/tesis\/wp-json\/wp\/v2\/media?parent=38731"}],"wp:term":[{"taxonomy":"category","embeddable":true,"href":"https:\/\/www.deberes.net\/tesis\/wp-json\/wp\/v2\/categories?post=38731"},{"taxonomy":"post_tag","embeddable":true,"href":"https:\/\/www.deberes.net\/tesis\/wp-json\/wp\/v2\/tags?post=38731"}],"curies":[{"name":"wp","href":"https:\/\/api.w.org\/{rel}","templated":true}]}}