{"id":38738,"date":"2018-03-09T09:38:28","date_gmt":"2018-03-09T09:38:28","guid":{"rendered":"https:\/\/www.deberes.net\/tesis\/sin-categoria\/caracterizacion-de-la-radiacion-global-ultravioleta-solar\/"},"modified":"2018-03-09T09:38:28","modified_gmt":"2018-03-09T09:38:28","slug":"caracterizacion-de-la-radiacion-global-ultravioleta-solar","status":"publish","type":"post","link":"https:\/\/www.deberes.net\/tesis\/cordoba\/caracterizacion-de-la-radiacion-global-ultravioleta-solar\/","title":{"rendered":"Caracterizacion de la radiacion global ultravioleta solar."},"content":{"rendered":"<h2>Tesis doctoral de <strong> Gerardo Pedros Perez <\/strong><\/h2>\n<p>Se ha partido de medidas de radiaci\u00f3n total solar y de radiaci\u00f3n ultravioleta solar en banda ancha tomadas en cordoba (espa\u00f1a). Se ha realizado una caracterizaci\u00f3n estadistica de la radiaci\u00f3n ultravioleta diaria. Determinando correlaciones entre la radiaci\u00f3n ultravioleta diaria y la radiaci\u00f3n total diaria para todo tipo de d\u00edas y tambien en funci\u00f3n del indice de claridad de la radiaci\u00f3n total. Se ha establecido una nueva modelizaci\u00f3n de la dependencia entre el \u00edndice de claridad ultravioleta y el indice de claridad tanto a nivel diario como horario. Se han determinado descriptores estadisticos de la radiaci\u00f3n uv horaria. Se ha modelizado la dependencia de la radiaci\u00f3n ultravioleta horaria en funci\u00f3n de la radiaci\u00f3n total horaria. Se ha establecido la dependencia mensual entre la irradiancia ultravioleta y la masa optica relativa de aire para dias claros. Se ha modelizado la dependencia de la irradiancia ultravioleta con la irradiancia total en dias sin nubes. Se ha realizado una comparaci\u00f3n de la atenuaci\u00f3n sufrida por la irradiancia ultravioleta y la irradiancia total al pasar de d\u00edas muy claros a dias de gran turbiedad. Se ha estudiado la dependencia de la transmisividad de la irradiancia ultravioleta con el coeficiente de turbiedad de angstrom y la masa optica de aire. Se ha determinado la pauta anual de comportamiento del coeficiente de turbiedad de angstrom en la zona.<\/p>\n<p>&nbsp;<\/p>\n<h3>Datos acad\u00e9micos de la tesis doctoral \u00ab<strong>Caracterizacion de la radiacion global ultravioleta solar.<\/strong>\u00ab<\/h3>\n<ul>\n<li><strong>T\u00edtulo de la tesis:<\/strong>\u00a0 Caracterizacion de la radiacion global ultravioleta solar. <\/li>\n<li><strong>Autor:<\/strong>\u00a0 Gerardo Pedros Perez <\/li>\n<li><strong>Universidad:<\/strong>\u00a0 C\u00f3rdoba<\/li>\n<li><strong>Fecha de lectura de la tesis:<\/strong>\u00a0 26\/10\/1998<\/li>\n<\/ul>\n<p>&nbsp;<\/p>\n<h3>Direcci\u00f3n y tribunal<\/h3>\n<ul>\n<li><strong>Director de la tesis<\/strong>\n<ul>\n<li>Antonio Lopez  Pinto<\/li>\n<\/ul>\n<\/li>\n<li><strong>Tribunal<\/strong>\n<ul>\n<li>Presidente del tribunal: jose-antonio Gistas peyrona <\/li>\n<li>f\u00e9lix L\u00f3pez figueroa (vocal)<\/li>\n<li>Javier Ca\u00f1ada ribera (vocal)<\/li>\n<li>Juan  Carlos Guerra garcia (vocal)<\/li>\n<\/ul>\n<\/li>\n<\/ul>\n<p>&nbsp;<\/p>\n","protected":false},"excerpt":{"rendered":"<p>Tesis doctoral de Gerardo Pedros Perez Se ha partido de medidas de radiaci\u00f3n total solar y de radiaci\u00f3n ultravioleta solar [&hellip;]<\/p>\n","protected":false},"author":1,"featured_media":0,"comment_status":"open","ping_status":"open","sticky":false,"template":"","format":"standard","meta":{"site-sidebar-layout":"default","site-content-layout":"","ast-site-content-layout":"","site-content-style":"default","site-sidebar-style":"default","ast-global-header-display":"","ast-banner-title-visibility":"","ast-main-header-display":"","ast-hfb-above-header-display":"","ast-hfb-below-header-display":"","ast-hfb-mobile-header-display":"","site-post-title":"","ast-breadcrumbs-content":"","ast-featured-img":"","footer-sml-layout":"","theme-transparent-header-meta":"","adv-header-id-meta":"","stick-header-meta":"","header-above-stick-meta":"","header-main-stick-meta":"","header-below-stick-meta":"","astra-migrate-meta-layouts":"default","ast-page-background-enabled":"default","ast-page-background-meta":{"desktop":{"background-color":"var(--ast-global-color-4)","background-image":"","background-repeat":"repeat","background-position":"center center","background-size":"auto","background-attachment":"scroll","background-type":"","background-media":"","overlay-type":"","overlay-color":"","overlay-gradient":""},"tablet":{"background-color":"","background-image":"","background-repeat":"repeat","background-position":"center center","background-size":"auto","background-attachment":"scroll","background-type":"","background-media":"","overlay-type":"","overlay-color":"","overlay-gradient":""},"mobile":{"background-color":"","background-image":"","background-repeat":"repeat","background-position":"center center","background-size":"auto","background-attachment":"scroll","background-type":"","background-media":"","overlay-type":"","overlay-color":"","overlay-gradient":""}},"ast-content-background-meta":{"desktop":{"background-color":"var(--ast-global-color-5)","background-image":"","background-repeat":"repeat","background-position":"center center","background-size":"auto","background-attachment":"scroll","background-type":"","background-media":"","overlay-type":"","overlay-color":"","overlay-gradient":""},"tablet":{"background-color":"var(--ast-global-color-5)","background-image":"","background-repeat":"repeat","background-position":"center center","background-size":"auto","background-attachment":"scroll","background-type":"","background-media":"","overlay-type":"","overlay-color":"","overlay-gradient":""},"mobile":{"background-color":"var(--ast-global-color-5)","background-image":"","background-repeat":"repeat","background-position":"center center","background-size":"auto","background-attachment":"scroll","background-type":"","background-media":"","overlay-type":"","overlay-color":"","overlay-gradient":""}},"footnotes":""},"categories":[1050,973,16122,14875,10067],"tags":[61607,22899,50170,27615,2210,100356],"class_list":["post-38738","post","type-post","status-publish","format-standard","hentry","category-astronomia-y-astrofisica","category-cordoba","category-energia-solar","category-radiacion-ultravioleta","category-sistema-solar","tag-antonio-lopez-pinto","tag-felix-lopez-figueroa","tag-gerardo-pedros-perez","tag-javier-canada-ribera","tag-jose-antonio-gistas-peyrona","tag-juan-carlos-guerra-garcia"],"_links":{"self":[{"href":"https:\/\/www.deberes.net\/tesis\/wp-json\/wp\/v2\/posts\/38738","targetHints":{"allow":["GET"]}}],"collection":[{"href":"https:\/\/www.deberes.net\/tesis\/wp-json\/wp\/v2\/posts"}],"about":[{"href":"https:\/\/www.deberes.net\/tesis\/wp-json\/wp\/v2\/types\/post"}],"author":[{"embeddable":true,"href":"https:\/\/www.deberes.net\/tesis\/wp-json\/wp\/v2\/users\/1"}],"replies":[{"embeddable":true,"href":"https:\/\/www.deberes.net\/tesis\/wp-json\/wp\/v2\/comments?post=38738"}],"version-history":[{"count":0,"href":"https:\/\/www.deberes.net\/tesis\/wp-json\/wp\/v2\/posts\/38738\/revisions"}],"wp:attachment":[{"href":"https:\/\/www.deberes.net\/tesis\/wp-json\/wp\/v2\/media?parent=38738"}],"wp:term":[{"taxonomy":"category","embeddable":true,"href":"https:\/\/www.deberes.net\/tesis\/wp-json\/wp\/v2\/categories?post=38738"},{"taxonomy":"post_tag","embeddable":true,"href":"https:\/\/www.deberes.net\/tesis\/wp-json\/wp\/v2\/tags?post=38738"}],"curies":[{"name":"wp","href":"https:\/\/api.w.org\/{rel}","templated":true}]}}