{"id":38759,"date":"2018-03-09T09:38:29","date_gmt":"2018-03-09T09:38:29","guid":{"rendered":"https:\/\/www.deberes.net\/tesis\/sin-categoria\/estudio-de-los-parametros-bioquimicos-sanguineos-en-el-sindrome-de-intestino-corto-en-la-rata\/"},"modified":"2018-03-09T09:38:29","modified_gmt":"2018-03-09T09:38:29","slug":"estudio-de-los-parametros-bioquimicos-sanguineos-en-el-sindrome-de-intestino-corto-en-la-rata","status":"publish","type":"post","link":"https:\/\/www.deberes.net\/tesis\/ciencias-medicas\/estudio-de-los-parametros-bioquimicos-sanguineos-en-el-sindrome-de-intestino-corto-en-la-rata\/","title":{"rendered":"Estudio de los parametros bioquimicos sanguineos en el sindrome de intestino corto en la rata."},"content":{"rendered":"<h2>Tesis doctoral de <strong>  Abril Vega Carlos M. <\/strong><\/h2>\n<p>El s\u00edndrome de intestino corto hace referencia al cuadro de malabsorci\u00f3n y malnutrici\u00f3n secundario a una resecci\u00f3n amplia, 75%, de intestino delgado. Esto supone un conjunto de alteraciones hidroelectrol\u00edticas y nutricionales, con repercusi\u00f3n en la funci\u00f3n de otros \u00f3rganos, que hemos querido valorar a traves de la medici\u00f3n de una serie de par\u00e1metro bioqu\u00edmicos sangu\u00edneos en la rata.  para ello hemos provocado un s\u00edndrome de intestino corto en la rata y medido dichos par\u00e1metros bioqu\u00edmicos en distintas fases del s\u00edndrome de intestino corto. Hemos confirmado la alteraci\u00f3n de los par\u00e1metros dependientes de la absorci\u00f3n de principios inmadiatos y electrol\u00edtos, as\u00ed como alteraciones anal\u00edticas que sugieren afectaci\u00f3n de otros \u00f3rganos (sistema inmunol\u00f3gico, h\u00edgado, p\u00e1ncreas&#8230;)<\/p>\n<p>&nbsp;<\/p>\n<h3>Datos acad\u00e9micos de la tesis doctoral \u00ab<strong>Estudio de los parametros bioquimicos sanguineos en el sindrome de intestino corto en la rata.<\/strong>\u00ab<\/h3>\n<ul>\n<li><strong>T\u00edtulo de la tesis:<\/strong>\u00a0 Estudio de los parametros bioquimicos sanguineos en el sindrome de intestino corto en la rata. <\/li>\n<li><strong>Autor:<\/strong>\u00a0  Abril Vega Carlos M. <\/li>\n<li><strong>Universidad:<\/strong>\u00a0 Valladolid<\/li>\n<li><strong>Fecha de lectura de la tesis:<\/strong>\u00a0 30\/10\/1998<\/li>\n<\/ul>\n<p>&nbsp;<\/p>\n<h3>Direcci\u00f3n y tribunal<\/h3>\n<ul>\n<li><strong>Director de la tesis<\/strong>\n<ul>\n<li>Carlos Vaquero Puerta<\/li>\n<\/ul>\n<\/li>\n<li><strong>Tribunal<\/strong>\n<ul>\n<li>Presidente del tribunal: agustin Caro paton gomez <\/li>\n<li> Alvarez conde Jos\u00e9 Luis (vocal)<\/li>\n<li>pedro Gago romon (vocal)<\/li>\n<li>Mar\u00eda  victoria Diago santamaria (vocal)<\/li>\n<\/ul>\n<\/li>\n<\/ul>\n<p>&nbsp;<\/p>\n","protected":false},"excerpt":{"rendered":"<p>Tesis doctoral de Abril Vega Carlos M. El s\u00edndrome de intestino corto hace referencia al cuadro de malabsorci\u00f3n y malnutrici\u00f3n [&hellip;]<\/p>\n","protected":false},"author":1,"featured_media":0,"comment_status":"open","ping_status":"open","sticky":false,"template":"","format":"standard","meta":{"site-sidebar-layout":"default","site-content-layout":"","ast-site-content-layout":"","site-content-style":"default","site-sidebar-style":"default","ast-global-header-display":"","ast-banner-title-visibility":"","ast-main-header-display":"","ast-hfb-above-header-display":"","ast-hfb-below-header-display":"","ast-hfb-mobile-header-display":"","site-post-title":"","ast-breadcrumbs-content":"","ast-featured-img":"","footer-sml-layout":"","theme-transparent-header-meta":"","adv-header-id-meta":"","stick-header-meta":"","header-above-stick-meta":"","header-main-stick-meta":"","header-below-stick-meta":"","astra-migrate-meta-layouts":"default","ast-page-background-enabled":"default","ast-page-background-meta":{"desktop":{"background-color":"var(--ast-global-color-4)","background-image":"","background-repeat":"repeat","background-position":"center center","background-size":"auto","background-attachment":"scroll","background-type":"","background-media":"","overlay-type":"","overlay-color":"","overlay-gradient":""},"tablet":{"background-color":"","background-image":"","background-repeat":"repeat","background-position":"center center","background-size":"auto","background-attachment":"scroll","background-type":"","background-media":"","overlay-type":"","overlay-color":"","overlay-gradient":""},"mobile":{"background-color":"","background-image":"","background-repeat":"repeat","background-position":"center center","background-size":"auto","background-attachment":"scroll","background-type":"","background-media":"","overlay-type":"","overlay-color":"","overlay-gradient":""}},"ast-content-background-meta":{"desktop":{"background-color":"var(--ast-global-color-5)","background-image":"","background-repeat":"repeat","background-position":"center center","background-size":"auto","background-attachment":"scroll","background-type":"","background-media":"","overlay-type":"","overlay-color":"","overlay-gradient":""},"tablet":{"background-color":"var(--ast-global-color-5)","background-image":"","background-repeat":"repeat","background-position":"center center","background-size":"auto","background-attachment":"scroll","background-type":"","background-media":"","overlay-type":"","overlay-color":"","overlay-gradient":""},"mobile":{"background-color":"var(--ast-global-color-5)","background-image":"","background-repeat":"repeat","background-position":"center center","background-size":"auto","background-attachment":"scroll","background-type":"","background-media":"","overlay-type":"","overlay-color":"","overlay-gradient":""}},"footnotes":""},"categories":[9,141,1279,1550,12451],"tags":[100388,9694,27720,9258,12622,61200],"class_list":["post-38759","post","type-post","status-publish","format-standard","hentry","category-ciencias-medicas","category-cirugia","category-cirugia-experimental","category-cirugia-vascular","category-valladolid","tag-abril-vega-carlos-m","tag-agustin-caro-paton-gomez","tag-alvarez-conde-jose-luis","tag-carlos-vaquero-puerta","tag-maria-victoria-diago-santamaria","tag-pedro-gago-romon"],"_links":{"self":[{"href":"https:\/\/www.deberes.net\/tesis\/wp-json\/wp\/v2\/posts\/38759","targetHints":{"allow":["GET"]}}],"collection":[{"href":"https:\/\/www.deberes.net\/tesis\/wp-json\/wp\/v2\/posts"}],"about":[{"href":"https:\/\/www.deberes.net\/tesis\/wp-json\/wp\/v2\/types\/post"}],"author":[{"embeddable":true,"href":"https:\/\/www.deberes.net\/tesis\/wp-json\/wp\/v2\/users\/1"}],"replies":[{"embeddable":true,"href":"https:\/\/www.deberes.net\/tesis\/wp-json\/wp\/v2\/comments?post=38759"}],"version-history":[{"count":0,"href":"https:\/\/www.deberes.net\/tesis\/wp-json\/wp\/v2\/posts\/38759\/revisions"}],"wp:attachment":[{"href":"https:\/\/www.deberes.net\/tesis\/wp-json\/wp\/v2\/media?parent=38759"}],"wp:term":[{"taxonomy":"category","embeddable":true,"href":"https:\/\/www.deberes.net\/tesis\/wp-json\/wp\/v2\/categories?post=38759"},{"taxonomy":"post_tag","embeddable":true,"href":"https:\/\/www.deberes.net\/tesis\/wp-json\/wp\/v2\/tags?post=38759"}],"curies":[{"name":"wp","href":"https:\/\/api.w.org\/{rel}","templated":true}]}}