{"id":38790,"date":"1998-06-11T00:00:00","date_gmt":"1998-06-11T00:00:00","guid":{"rendered":"https:\/\/www.deberes.net\/tesis\/sin-categoria\/internal-migration-and-labor-market-imbalances\/"},"modified":"1998-06-11T00:00:00","modified_gmt":"1998-06-11T00:00:00","slug":"internal-migration-and-labor-market-imbalances","status":"publish","type":"post","link":"https:\/\/www.deberes.net\/tesis\/teoria-del-crecimiento-economico\/internal-migration-and-labor-market-imbalances\/","title":{"rendered":"Internal migration and labor market imbalances"},"content":{"rendered":"<h2>Tesis doctoral de <strong> Carlo Devillanova Badanian <\/strong><\/h2>\n<p>La tesis investiga las relaciones entres migraciones y desequilibrios en el mercado del trabajo y cuestiona el papel de la movilidad del trabajo como instrumento de ajuste macroecon\u00f3mico. El primer cap\u00edtulo demuestra que la respuesta de los flujos migratorios a los desequilibrios regionales temporales es insuficiente y que una pol\u00edtica de estabilizaci\u00f3n es, en general, eficiente en el sentido de pareto. El segundo cap\u00edtulo analiza los efectos de la integraci\u00f3n del mercado del trabajo en europa. En el modelo propuesto se demuestra como un aumento de los flujos migratorios puede aumentar los diferenciales en las tasas de desempleo entre \u00e1reas geogr\u00e1ficas. Adem\u00e1s, el modelo permite analizar el efecto de las migraciones interiores sobre la dispersi\u00f3n (territorial y calificaciones) de los salarios y de las tasas de paro. El \u00faltimo cap\u00edtulo estudia los movimientos interprovinciales de trabajadores en espa\u00f1a a partir de los registros de los afiliados a la seguridad social. El an\u00e1lisis econom\u00e9trico realizado permite estimar el efecto de las variables econ\u00f3micas sobre los flujos migratorios.<\/p>\n<p>&nbsp;<\/p>\n<h3>Datos acad\u00e9micos de la tesis doctoral \u00ab<strong>Internal migration and labor market imbalances<\/strong>\u00ab<\/h3>\n<ul>\n<li><strong>T\u00edtulo de la tesis:<\/strong>\u00a0 Internal migration and labor market imbalances <\/li>\n<li><strong>Autor:<\/strong>\u00a0 Carlo Devillanova Badanian <\/li>\n<li><strong>Universidad:<\/strong>\u00a0 Pompeu fabra<\/li>\n<li><strong>Fecha de lectura de la tesis:<\/strong>\u00a0 06\/11\/1998<\/li>\n<\/ul>\n<p>&nbsp;<\/p>\n<h3>Direcci\u00f3n y tribunal<\/h3>\n<ul>\n<li><strong>Director de la tesis<\/strong>\n<ul>\n<li>Fabio Canova<\/li>\n<\/ul>\n<\/li>\n<li><strong>Tribunal<\/strong>\n<ul>\n<li>Presidente del tribunal: gilles Saint-paul <\/li>\n<li>samuel Calonge ram\u00edrez (vocal)<\/li>\n<li>Juan  Francisco Jimeno serrano (vocal)<\/li>\n<li>etsuro Shioji (vocal)<\/li>\n<\/ul>\n<\/li>\n<\/ul>\n<p>&nbsp;<\/p>\n","protected":false},"excerpt":{"rendered":"<p>Tesis doctoral de Carlo Devillanova Badanian La tesis investiga las relaciones entres migraciones y desequilibrios en el mercado del trabajo [&hellip;]<\/p>\n","protected":false},"author":1,"featured_media":0,"comment_status":"open","ping_status":"open","sticky":false,"template":"","format":"standard","meta":{"site-sidebar-layout":"default","site-content-layout":"","ast-site-content-layout":"","site-content-style":"default","site-sidebar-style":"default","ast-global-header-display":"","ast-banner-title-visibility":"","ast-main-header-display":"","ast-hfb-above-header-display":"","ast-hfb-below-header-display":"","ast-hfb-mobile-header-display":"","site-post-title":"","ast-breadcrumbs-content":"","ast-featured-img":"","footer-sml-layout":"","theme-transparent-header-meta":"","adv-header-id-meta":"","stick-header-meta":"","header-above-stick-meta":"","header-main-stick-meta":"","header-below-stick-meta":"","astra-migrate-meta-layouts":"default","ast-page-background-enabled":"default","ast-page-background-meta":{"desktop":{"background-color":"var(--ast-global-color-4)","background-image":"","background-repeat":"repeat","background-position":"center center","background-size":"auto","background-attachment":"scroll","background-type":"","background-media":"","overlay-type":"","overlay-color":"","overlay-gradient":""},"tablet":{"background-color":"","background-image":"","background-repeat":"repeat","background-position":"center center","background-size":"auto","background-attachment":"scroll","background-type":"","background-media":"","overlay-type":"","overlay-color":"","overlay-gradient":""},"mobile":{"background-color":"","background-image":"","background-repeat":"repeat","background-position":"center center","background-size":"auto","background-attachment":"scroll","background-type":"","background-media":"","overlay-type":"","overlay-color":"","overlay-gradient":""}},"ast-content-background-meta":{"desktop":{"background-color":"var(--ast-global-color-5)","background-image":"","background-repeat":"repeat","background-position":"center center","background-size":"auto","background-attachment":"scroll","background-type":"","background-media":"","overlay-type":"","overlay-color":"","overlay-gradient":""},"tablet":{"background-color":"var(--ast-global-color-5)","background-image":"","background-repeat":"repeat","background-position":"center center","background-size":"auto","background-attachment":"scroll","background-type":"","background-media":"","overlay-type":"","overlay-color":"","overlay-gradient":""},"mobile":{"background-color":"var(--ast-global-color-5)","background-image":"","background-repeat":"repeat","background-position":"center center","background-size":"auto","background-attachment":"scroll","background-type":"","background-media":"","overlay-type":"","overlay-color":"","overlay-gradient":""}},"footnotes":""},"categories":[18712,890],"tags":[100439,100440,73636,74912,25545,73760],"class_list":["post-38790","post","type-post","status-publish","format-standard","hentry","category-pompeu-fabra","category-teoria-del-crecimiento-economico","tag-carlo-devillanova-badanian","tag-etsuro-shioji","tag-fabio-canova","tag-gilles-saint-paul","tag-juan-francisco-jimeno-serrano","tag-samuel-calonge-ramirez"],"_links":{"self":[{"href":"https:\/\/www.deberes.net\/tesis\/wp-json\/wp\/v2\/posts\/38790","targetHints":{"allow":["GET"]}}],"collection":[{"href":"https:\/\/www.deberes.net\/tesis\/wp-json\/wp\/v2\/posts"}],"about":[{"href":"https:\/\/www.deberes.net\/tesis\/wp-json\/wp\/v2\/types\/post"}],"author":[{"embeddable":true,"href":"https:\/\/www.deberes.net\/tesis\/wp-json\/wp\/v2\/users\/1"}],"replies":[{"embeddable":true,"href":"https:\/\/www.deberes.net\/tesis\/wp-json\/wp\/v2\/comments?post=38790"}],"version-history":[{"count":0,"href":"https:\/\/www.deberes.net\/tesis\/wp-json\/wp\/v2\/posts\/38790\/revisions"}],"wp:attachment":[{"href":"https:\/\/www.deberes.net\/tesis\/wp-json\/wp\/v2\/media?parent=38790"}],"wp:term":[{"taxonomy":"category","embeddable":true,"href":"https:\/\/www.deberes.net\/tesis\/wp-json\/wp\/v2\/categories?post=38790"},{"taxonomy":"post_tag","embeddable":true,"href":"https:\/\/www.deberes.net\/tesis\/wp-json\/wp\/v2\/tags?post=38790"}],"curies":[{"name":"wp","href":"https:\/\/api.w.org\/{rel}","templated":true}]}}