{"id":38793,"date":"1998-09-11T00:00:00","date_gmt":"1998-09-11T00:00:00","guid":{"rendered":"https:\/\/www.deberes.net\/tesis\/sin-categoria\/prevalencia-y-actitudes-en-relacion-al-consumo-de-tabaco-en-estudiantes-de-enfermeria-de-galicia\/"},"modified":"1998-09-11T00:00:00","modified_gmt":"1998-09-11T00:00:00","slug":"prevalencia-y-actitudes-en-relacion-al-consumo-de-tabaco-en-estudiantes-de-enfermeria-de-galicia","status":"publish","type":"post","link":"https:\/\/www.deberes.net\/tesis\/ciencias-medicas\/prevalencia-y-actitudes-en-relacion-al-consumo-de-tabaco-en-estudiantes-de-enfermeria-de-galicia\/","title":{"rendered":"PreValencia y actitudes en relacion al consumo de tabaco en estudiantes  de enfermeria de galicia."},"content":{"rendered":"<h2>Tesis doctoral de <strong> Xose Manuel Segade Buceta <\/strong><\/h2>\n<p>Objetivo. Conocer las actitudes y conductas que presentan los estudiantes de enfermer\u00eda de galicia respecto al tabaquismo.  material y m\u00e9todos. Se trata de un estudio descriptivo y transversal, cuya poblaci\u00f3n objeto de estudio estaba formada por los 1948 estudiantes matriculados en alguna de las ocho escuelas universitarias de enfermer\u00eda (eue) de galicia. El muestreo fue por conglomerados monoet\u00e1pico con probabilidades proporcionales a sus tama\u00f1os. Los conglomerados, elegidos al azar, fueron un grupo de santiago y las eue de lugo y pontevedra. En estas escuelas se pas\u00f3 un cuestionario en junio de 1995, obteni\u00e9ndose una muestra final de 657 alumnos (91,2% de cobertura). la aplicaci\u00f3n utilizada para el procesamiento de los datos fue el m\u00f3dulo csample de epi info.  resultados: fuman diariamente el 26,5% , lo hacen ocasionalmente el 16% son ex-fumadores el 4,4% y nunca fumaron el restante 53,1%. La edad media de inicio del h\u00e1bito tab\u00e1quico fue a los 16,6 a\u00f1os con un intervalo de confianza (ic) del 95% de 16,1 a 17. La media de a\u00f1os de consumo en los alumnos fumadores fue de 7,1 (ic: 6,7-7,6). El consumo medio en los fumadores diarios fue de 7,7 cigarrillos\/d\u00eda (ic: 6,6-8,8) y en los ocasionales de 6,8 a la semana (ic: 5,5-8,1). Pensaron e intentaron dejar de fumar el 47,9% de los fumadores. El principal motivo de los ex-fumadores para dejar de fumar fue \u00ab\u00bbpara proteger la salud de las enfermedades que produce el tabaco\u00bb\u00bb con un 51,6%. Opinan que probablemente o seguramente no fumar\u00e1n dentro de cinco a\u00f1os el 81,7% del alumnado. Fueron vistos fumando en las aulas un 8,5% de los profesores y en otros dependencias de las eue un 22,8%. Est\u00e1n de acuerdo con que el tabaco es da\u00f1ino para la salud un 98,5% de los estudiantes. Las dos actitudes o creencias m\u00e1s valoradas fueron: \u00ab\u00bbes molesto estar al lado de una persona que est\u00e9 fumando\u00bb\u00bb (con 2,72 puntos sobre un m\u00e1ximo de 3) y \u00ab\u00bblos profesionales sanitarios debieran dar b<\/p>\n<p>&nbsp;<\/p>\n<h3>Datos acad\u00e9micos de la tesis doctoral \u00ab<strong>PreValencia y actitudes en relacion al consumo de tabaco en estudiantes  de enfermeria de galicia.<\/strong>\u00ab<\/h3>\n<ul>\n<li><strong>T\u00edtulo de la tesis:<\/strong>\u00a0 PreValencia y actitudes en relacion al consumo de tabaco en estudiantes  de enfermeria de galicia. <\/li>\n<li><strong>Autor:<\/strong>\u00a0 Xose Manuel Segade Buceta <\/li>\n<li><strong>Universidad:<\/strong>\u00a0 Santiago de compostela<\/li>\n<li><strong>Fecha de lectura de la tesis:<\/strong>\u00a0 09\/11\/1998<\/li>\n<\/ul>\n<p>&nbsp;<\/p>\n<h3>Direcci\u00f3n y tribunal<\/h3>\n<ul>\n<li><strong>Director de la tesis<\/strong>\n<ul>\n<li>Juan  Jes\u00fas Gestal Otero<\/li>\n<\/ul>\n<\/li>\n<li><strong>Tribunal<\/strong>\n<ul>\n<li>Presidente del tribunal: elisardo Beco\u00f1a iglesias <\/li>\n<li>ernesto Smyth  chamosa (vocal)<\/li>\n<li>lourdes Maceiras Garc\u00eda (vocal)<\/li>\n<li>Ana Almaraz g\u00f3mez (vocal)<\/li>\n<\/ul>\n<\/li>\n<\/ul>\n<p>&nbsp;<\/p>\n","protected":false},"excerpt":{"rendered":"<p>Tesis doctoral de Xose Manuel Segade Buceta Objetivo. Conocer las actitudes y conductas que presentan los estudiantes de enfermer\u00eda de [&hellip;]<\/p>\n","protected":false},"author":1,"featured_media":0,"comment_status":"open","ping_status":"open","sticky":false,"template":"","format":"standard","meta":{"site-sidebar-layout":"default","site-content-layout":"","ast-site-content-layout":"","site-content-style":"default","site-sidebar-style":"default","ast-global-header-display":"","ast-banner-title-visibility":"","ast-main-header-display":"","ast-hfb-above-header-display":"","ast-hfb-below-header-display":"","ast-hfb-mobile-header-display":"","site-post-title":"","ast-breadcrumbs-content":"","ast-featured-img":"","footer-sml-layout":"","theme-transparent-header-meta":"","adv-header-id-meta":"","stick-header-meta":"","header-above-stick-meta":"","header-main-stick-meta":"","header-below-stick-meta":"","astra-migrate-meta-layouts":"default","ast-page-background-enabled":"default","ast-page-background-meta":{"desktop":{"background-color":"var(--ast-global-color-4)","background-image":"","background-repeat":"repeat","background-position":"center center","background-size":"auto","background-attachment":"scroll","background-type":"","background-media":"","overlay-type":"","overlay-color":"","overlay-gradient":""},"tablet":{"background-color":"","background-image":"","background-repeat":"repeat","background-position":"center center","background-size":"auto","background-attachment":"scroll","background-type":"","background-media":"","overlay-type":"","overlay-color":"","overlay-gradient":""},"mobile":{"background-color":"","background-image":"","background-repeat":"repeat","background-position":"center center","background-size":"auto","background-attachment":"scroll","background-type":"","background-media":"","overlay-type":"","overlay-color":"","overlay-gradient":""}},"ast-content-background-meta":{"desktop":{"background-color":"var(--ast-global-color-5)","background-image":"","background-repeat":"repeat","background-position":"center center","background-size":"auto","background-attachment":"scroll","background-type":"","background-media":"","overlay-type":"","overlay-color":"","overlay-gradient":""},"tablet":{"background-color":"var(--ast-global-color-5)","background-image":"","background-repeat":"repeat","background-position":"center center","background-size":"auto","background-attachment":"scroll","background-type":"","background-media":"","overlay-type":"","overlay-color":"","overlay-gradient":""},"mobile":{"background-color":"var(--ast-global-color-5)","background-image":"","background-repeat":"repeat","background-position":"center center","background-size":"auto","background-attachment":"scroll","background-type":"","background-media":"","overlay-type":"","overlay-color":"","overlay-gradient":""}},"footnotes":""},"categories":[9,1086,7464,324,977],"tags":[9992,13523,65016,2686,100446,100445],"class_list":["post-38793","post","type-post","status-publish","format-standard","hentry","category-ciencias-medicas","category-epidemiologia","category-psicofarmacologia","category-psicologia","category-santiago-de-compostela","tag-ana-almaraz-gomez","tag-elisardo-becona-iglesias","tag-ernesto-smyth-chamosa","tag-juan-jesus-gestal-otero","tag-lourdes-maceiras-garcia","tag-xose-manuel-segade-buceta"],"_links":{"self":[{"href":"https:\/\/www.deberes.net\/tesis\/wp-json\/wp\/v2\/posts\/38793","targetHints":{"allow":["GET"]}}],"collection":[{"href":"https:\/\/www.deberes.net\/tesis\/wp-json\/wp\/v2\/posts"}],"about":[{"href":"https:\/\/www.deberes.net\/tesis\/wp-json\/wp\/v2\/types\/post"}],"author":[{"embeddable":true,"href":"https:\/\/www.deberes.net\/tesis\/wp-json\/wp\/v2\/users\/1"}],"replies":[{"embeddable":true,"href":"https:\/\/www.deberes.net\/tesis\/wp-json\/wp\/v2\/comments?post=38793"}],"version-history":[{"count":0,"href":"https:\/\/www.deberes.net\/tesis\/wp-json\/wp\/v2\/posts\/38793\/revisions"}],"wp:attachment":[{"href":"https:\/\/www.deberes.net\/tesis\/wp-json\/wp\/v2\/media?parent=38793"}],"wp:term":[{"taxonomy":"category","embeddable":true,"href":"https:\/\/www.deberes.net\/tesis\/wp-json\/wp\/v2\/categories?post=38793"},{"taxonomy":"post_tag","embeddable":true,"href":"https:\/\/www.deberes.net\/tesis\/wp-json\/wp\/v2\/tags?post=38793"}],"curies":[{"name":"wp","href":"https:\/\/api.w.org\/{rel}","templated":true}]}}