{"id":38804,"date":"1998-12-11T00:00:00","date_gmt":"1998-12-11T00:00:00","guid":{"rendered":"https:\/\/www.deberes.net\/tesis\/sin-categoria\/origenes-del-proceso-objetual-desde-una-perspectiva-pictorica-un-analisis-de-la-transgresion-de-los-limites-en-la-historia-contemporanea-y-reciente\/"},"modified":"1998-12-11T00:00:00","modified_gmt":"1998-12-11T00:00:00","slug":"origenes-del-proceso-objetual-desde-una-perspectiva-pictorica-un-analisis-de-la-transgresion-de-los-limites-en-la-historia-contemporanea-y-reciente","status":"publish","type":"post","link":"https:\/\/www.deberes.net\/tesis\/ciencias-de-las-artes-y-las-letras\/origenes-del-proceso-objetual-desde-una-perspectiva-pictorica-un-analisis-de-la-transgresion-de-los-limites-en-la-historia-contemporanea-y-reciente\/","title":{"rendered":"Origenes del proceso objetual desde una perspectiva pictorica. un analisis de la transgresion de los limites en la historia contemporanea y reciente."},"content":{"rendered":"<h2>Tesis doctoral de <strong> Jos\u00e9 Antonio Barreiro Diez <\/strong><\/h2>\n<p>El proceso objetual desde una perspectiva pict\u00f3rica, puede considerarse como un proceso de descontextualizaci\u00f3n disciplinar y de revoluci\u00f3n material y est\u00e9tica.  el avance y consolidaci\u00f3n del proceso objetual es percibible a trav\u00e9s de la revisi\u00f3n de los movimientos art\u00edsticos contempor\u00e1neos m\u00e1s influyentes, as\u00ed como de ciertos artistas pioneros que de manera particular presentan gran inter\u00e9s para el tema. El periodo abordado con mayor dedicaci\u00f3n es el centrado en los movimientos troncales de la vanguardia europea alrededor del periodo 1910-1935.  el an\u00e1lisis del proceso objetual desde una perspectiva eminentemente pict\u00f3rica, centrado fundamentalmente en ese periodo que abarca poco m\u00e1s de dos d\u00e9cadas, arranca con las primeras vanguardias hist\u00f3ricas y su onda expansiva se extiende hasta nuestros d\u00edas. El an\u00e1lisis de las \u00faltimas manifestaciones se diluye en cuestiones de orden muy general, ya que su gran diversidad se resiste a una sencilla clasificaci\u00f3n en ismos o tendencias. Las transformaciones producidas desde entonces son la base imprescindible y consensuada para entender la casi totalidad de lo ocurrido posteriormente.  la evoluci\u00f3n objetual de la obra llega a situar a \u00e9sta en el l\u00edmite de la acepci\u00f3n cl\u00e1sica de la pintura, contamin\u00e1ndose con la escultura, la fotograf\u00eda y otro tipo de categor\u00edas afines y novedosas. Analizando este aspecto nos encontramos con una consumaci\u00f3n temprana del proceso: los l\u00edmites se desbordan o desaparecen cada vez con mayor frecuencia, hasta convertirse en pr\u00e1ctica habitual e incluso caracter\u00edstica de la contemporaneidad. Con ello se constata una configuraci\u00f3n objetual propiciada por una visi\u00f3n abstracta y divergente de la realidad donde definiciones y terminolog\u00edas ven constantemente cuestionada su lectura un\u00edvoca.  esta configuraci\u00f3n objetual, est\u00e1 asimismo \u00edntimamente condicionada por el proceso y el concepto, proponiendo un di\u00e1logo entre el val<\/p>\n<p>&nbsp;<\/p>\n<h3>Datos acad\u00e9micos de la tesis doctoral \u00ab<strong>Origenes del proceso objetual desde una perspectiva pictorica. un analisis de la transgresion de los limites en la historia contemporanea y reciente.<\/strong>\u00ab<\/h3>\n<ul>\n<li><strong>T\u00edtulo de la tesis:<\/strong>\u00a0 Origenes del proceso objetual desde una perspectiva pictorica. un analisis de la transgresion de los limites en la historia contemporanea y reciente. <\/li>\n<li><strong>Autor:<\/strong>\u00a0 Jos\u00e9 Antonio Barreiro Diez <\/li>\n<li><strong>Universidad:<\/strong>\u00a0 Vigo<\/li>\n<li><strong>Fecha de lectura de la tesis:<\/strong>\u00a0 12\/11\/1998<\/li>\n<\/ul>\n<p>&nbsp;<\/p>\n<h3>Direcci\u00f3n y tribunal<\/h3>\n<ul>\n<li><strong>Director de la tesis<\/strong>\n<ul>\n<li>Carlos Pascual P\u00e9rez<\/li>\n<\/ul>\n<\/li>\n<li><strong>Tribunal<\/strong>\n<ul>\n<li>Presidente del tribunal: Juan  Fernando de la Iglesia gonzalez de pereda <\/li>\n<li> Perez jofre santesmases ignacio (vocal)<\/li>\n<li>Javier Pereda piquer (vocal)<\/li>\n<li>rosa Brun jaen (vocal)<\/li>\n<\/ul>\n<\/li>\n<\/ul>\n<p>&nbsp;<\/p>\n","protected":false},"excerpt":{"rendered":"<p>Tesis doctoral de Jos\u00e9 Antonio Barreiro Diez El proceso objetual desde una perspectiva pict\u00f3rica, puede considerarse como un proceso de [&hellip;]<\/p>\n","protected":false},"author":1,"featured_media":0,"comment_status":"open","ping_status":"open","sticky":false,"template":"","format":"standard","meta":{"site-sidebar-layout":"default","site-content-layout":"","ast-site-content-layout":"","site-content-style":"default","site-sidebar-style":"default","ast-global-header-display":"","ast-banner-title-visibility":"","ast-main-header-display":"","ast-hfb-above-header-display":"","ast-hfb-below-header-display":"","ast-hfb-mobile-header-display":"","site-post-title":"","ast-breadcrumbs-content":"","ast-featured-img":"","footer-sml-layout":"","theme-transparent-header-meta":"","adv-header-id-meta":"","stick-header-meta":"","header-above-stick-meta":"","header-main-stick-meta":"","header-below-stick-meta":"","astra-migrate-meta-layouts":"default","ast-page-background-enabled":"default","ast-page-background-meta":{"desktop":{"background-color":"var(--ast-global-color-4)","background-image":"","background-repeat":"repeat","background-position":"center center","background-size":"auto","background-attachment":"scroll","background-type":"","background-media":"","overlay-type":"","overlay-color":"","overlay-gradient":""},"tablet":{"background-color":"","background-image":"","background-repeat":"repeat","background-position":"center center","background-size":"auto","background-attachment":"scroll","background-type":"","background-media":"","overlay-type":"","overlay-color":"","overlay-gradient":""},"mobile":{"background-color":"","background-image":"","background-repeat":"repeat","background-position":"center center","background-size":"auto","background-attachment":"scroll","background-type":"","background-media":"","overlay-type":"","overlay-color":"","overlay-gradient":""}},"ast-content-background-meta":{"desktop":{"background-color":"var(--ast-global-color-5)","background-image":"","background-repeat":"repeat","background-position":"center center","background-size":"auto","background-attachment":"scroll","background-type":"","background-media":"","overlay-type":"","overlay-color":"","overlay-gradient":""},"tablet":{"background-color":"var(--ast-global-color-5)","background-image":"","background-repeat":"repeat","background-position":"center center","background-size":"auto","background-attachment":"scroll","background-type":"","background-media":"","overlay-type":"","overlay-color":"","overlay-gradient":""},"mobile":{"background-color":"var(--ast-global-color-5)","background-image":"","background-repeat":"repeat","background-position":"center center","background-size":"auto","background-attachment":"scroll","background-type":"","background-media":"","overlay-type":"","overlay-color":"","overlay-gradient":""}},"footnotes":""},"categories":[147,4510,3806,1111,18657],"tags":[24502,18457,60226,4367,18697,32619],"class_list":["post-38804","post","type-post","status-publish","format-standard","hentry","category-ciencias-de-las-artes-y-las-letras","category-estetica-de-las-bellas-artes","category-pintura","category-teoria-analisis-y-critica-de-las-bellas-artes","category-vigo","tag-carlos-pascual-perez","tag-javier-pereda-piquer","tag-jose-antonio-barreiro-diez","tag-juan-fernando-de-la-iglesia-gonzalez-de-pereda","tag-perez-jofre-santesmases-ignacio","tag-rosa-brun-jaen"],"_links":{"self":[{"href":"https:\/\/www.deberes.net\/tesis\/wp-json\/wp\/v2\/posts\/38804","targetHints":{"allow":["GET"]}}],"collection":[{"href":"https:\/\/www.deberes.net\/tesis\/wp-json\/wp\/v2\/posts"}],"about":[{"href":"https:\/\/www.deberes.net\/tesis\/wp-json\/wp\/v2\/types\/post"}],"author":[{"embeddable":true,"href":"https:\/\/www.deberes.net\/tesis\/wp-json\/wp\/v2\/users\/1"}],"replies":[{"embeddable":true,"href":"https:\/\/www.deberes.net\/tesis\/wp-json\/wp\/v2\/comments?post=38804"}],"version-history":[{"count":0,"href":"https:\/\/www.deberes.net\/tesis\/wp-json\/wp\/v2\/posts\/38804\/revisions"}],"wp:attachment":[{"href":"https:\/\/www.deberes.net\/tesis\/wp-json\/wp\/v2\/media?parent=38804"}],"wp:term":[{"taxonomy":"category","embeddable":true,"href":"https:\/\/www.deberes.net\/tesis\/wp-json\/wp\/v2\/categories?post=38804"},{"taxonomy":"post_tag","embeddable":true,"href":"https:\/\/www.deberes.net\/tesis\/wp-json\/wp\/v2\/tags?post=38804"}],"curies":[{"name":"wp","href":"https:\/\/api.w.org\/{rel}","templated":true}]}}