{"id":38827,"date":"2018-03-09T09:38:35","date_gmt":"2018-03-09T09:38:35","guid":{"rendered":"https:\/\/www.deberes.net\/tesis\/sin-categoria\/cuevas-de-inhumacion-multiple-en-el-pais-valenciano\/"},"modified":"2018-03-09T09:38:35","modified_gmt":"2018-03-09T09:38:35","slug":"cuevas-de-inhumacion-multiple-en-el-pais-valenciano","status":"publish","type":"post","link":"https:\/\/www.deberes.net\/tesis\/historia\/cuevas-de-inhumacion-multiple-en-el-pais-valenciano\/","title":{"rendered":"Cuevas de inhumacion multiple en el pais Valenciano."},"content":{"rendered":"<h2>Tesis doctoral de <strong> Jorge  A. Soler Diaz <\/strong><\/h2>\n<p>Se realiza un corpus de cuevas de inhumaci\u00f3n m\u00faltiple clasific\u00e1ndose la cultura material conforme a una ordenaci\u00f3n jer\u00e1rquica de atributos morfol\u00f3gicos y tecnol\u00f3gicos.  desde el an\u00e1lisis de la industria l\u00edtica se consigue una secuencia que luego se matiza conforme se van evaluando el resto de los grupos de elementos materiales: \u00fatiles en piedra pulimentada, elementos de adorno, \u00fatiles \u00f3seos, \u00eddolos, cer\u00e1mica y elementos met\u00e1licos.  con todo, se consigue una s\u00edntesis que intenta recoger el uso funerario de las cavidades desde el neol\u00edtico antiguo hasta la edad del bronce, centr\u00e1ndose en las propias del neol\u00edtico final y el calcol\u00edtico pleno.<\/p>\n<p>&nbsp;<\/p>\n<h3>Datos acad\u00e9micos de la tesis doctoral \u00ab<strong>Cuevas de inhumacion multiple en el pais Valenciano.<\/strong>\u00ab<\/h3>\n<ul>\n<li><strong>T\u00edtulo de la tesis:<\/strong>\u00a0 Cuevas de inhumacion multiple en el pais Valenciano. <\/li>\n<li><strong>Autor:<\/strong>\u00a0 Jorge  A. Soler Diaz <\/li>\n<li><strong>Universidad:<\/strong>\u00a0 Alicante<\/li>\n<li><strong>Fecha de lectura de la tesis:<\/strong>\u00a0 18\/11\/1998<\/li>\n<\/ul>\n<p>&nbsp;<\/p>\n<h3>Direcci\u00f3n y tribunal<\/h3>\n<ul>\n<li><strong>Director de la tesis<\/strong>\n<ul>\n<li>Mauro Severo Hern\u00e1ndez P\u00e9rez<\/li>\n<\/ul>\n<\/li>\n<li><strong>Tribunal<\/strong>\n<ul>\n<li>Presidente del tribunal: martin Almagro gorbea <\/li>\n<li>Jorge  Juan Eiroa garcia (vocal)<\/li>\n<li>german Delibes de castro (vocal)<\/li>\n<li>bernardo Mart\u00ed oliver (vocal)<\/li>\n<\/ul>\n<\/li>\n<\/ul>\n<p>&nbsp;<\/p>\n","protected":false},"excerpt":{"rendered":"<p>Tesis doctoral de Jorge A. Soler Diaz Se realiza un corpus de cuevas de inhumaci\u00f3n m\u00faltiple clasific\u00e1ndose la cultura material [&hellip;]<\/p>\n","protected":false},"author":1,"featured_media":0,"comment_status":"open","ping_status":"open","sticky":false,"template":"","format":"standard","meta":{"site-sidebar-layout":"default","site-content-layout":"","ast-site-content-layout":"","site-content-style":"default","site-sidebar-style":"default","ast-global-header-display":"","ast-banner-title-visibility":"","ast-main-header-display":"","ast-hfb-above-header-display":"","ast-hfb-below-header-display":"","ast-hfb-mobile-header-display":"","site-post-title":"","ast-breadcrumbs-content":"","ast-featured-img":"","footer-sml-layout":"","theme-transparent-header-meta":"","adv-header-id-meta":"","stick-header-meta":"","header-above-stick-meta":"","header-main-stick-meta":"","header-below-stick-meta":"","astra-migrate-meta-layouts":"default","ast-page-background-enabled":"default","ast-page-background-meta":{"desktop":{"background-color":"var(--ast-global-color-4)","background-image":"","background-repeat":"repeat","background-position":"center center","background-size":"auto","background-attachment":"scroll","background-type":"","background-media":"","overlay-type":"","overlay-color":"","overlay-gradient":""},"tablet":{"background-color":"","background-image":"","background-repeat":"repeat","background-position":"center center","background-size":"auto","background-attachment":"scroll","background-type":"","background-media":"","overlay-type":"","overlay-color":"","overlay-gradient":""},"mobile":{"background-color":"","background-image":"","background-repeat":"repeat","background-position":"center center","background-size":"auto","background-attachment":"scroll","background-type":"","background-media":"","overlay-type":"","overlay-color":"","overlay-gradient":""}},"ast-content-background-meta":{"desktop":{"background-color":"var(--ast-global-color-5)","background-image":"","background-repeat":"repeat","background-position":"center center","background-size":"auto","background-attachment":"scroll","background-type":"","background-media":"","overlay-type":"","overlay-color":"","overlay-gradient":""},"tablet":{"background-color":"var(--ast-global-color-5)","background-image":"","background-repeat":"repeat","background-position":"center center","background-size":"auto","background-attachment":"scroll","background-type":"","background-media":"","overlay-type":"","overlay-color":"","overlay-gradient":""},"mobile":{"background-color":"var(--ast-global-color-5)","background-image":"","background-repeat":"repeat","background-position":"center center","background-size":"auto","background-attachment":"scroll","background-type":"","background-media":"","overlay-type":"","overlay-color":"","overlay-gradient":""}},"footnotes":""},"categories":[19166,1623,1624,104,220],"tags":[19474,2640,100505,19468,6607,10435],"class_list":["post-38827","post","type-post","status-publish","format-standard","hentry","category-alicante","category-arqueologia","category-ciencias-auxiliares-de-la-historia","category-historia","category-historia-por-epocas","tag-bernardo-marti-oliver","tag-german-delibes-de-castro","tag-jorge-a-soler-diaz","tag-jorge-juan-eiroa-garcia","tag-martin-almagro-gorbea","tag-mauro-severo-hernandez-perez"],"_links":{"self":[{"href":"https:\/\/www.deberes.net\/tesis\/wp-json\/wp\/v2\/posts\/38827","targetHints":{"allow":["GET"]}}],"collection":[{"href":"https:\/\/www.deberes.net\/tesis\/wp-json\/wp\/v2\/posts"}],"about":[{"href":"https:\/\/www.deberes.net\/tesis\/wp-json\/wp\/v2\/types\/post"}],"author":[{"embeddable":true,"href":"https:\/\/www.deberes.net\/tesis\/wp-json\/wp\/v2\/users\/1"}],"replies":[{"embeddable":true,"href":"https:\/\/www.deberes.net\/tesis\/wp-json\/wp\/v2\/comments?post=38827"}],"version-history":[{"count":0,"href":"https:\/\/www.deberes.net\/tesis\/wp-json\/wp\/v2\/posts\/38827\/revisions"}],"wp:attachment":[{"href":"https:\/\/www.deberes.net\/tesis\/wp-json\/wp\/v2\/media?parent=38827"}],"wp:term":[{"taxonomy":"category","embeddable":true,"href":"https:\/\/www.deberes.net\/tesis\/wp-json\/wp\/v2\/categories?post=38827"},{"taxonomy":"post_tag","embeddable":true,"href":"https:\/\/www.deberes.net\/tesis\/wp-json\/wp\/v2\/tags?post=38827"}],"curies":[{"name":"wp","href":"https:\/\/api.w.org\/{rel}","templated":true}]}}