{"id":38851,"date":"2018-03-09T09:38:38","date_gmt":"2018-03-09T09:38:38","guid":{"rendered":"https:\/\/www.deberes.net\/tesis\/sin-categoria\/la-diferenciacio-concepte-clau-el-laensenyament-de-les-ciencies-socials-en-laeducacio-secundaria-obligatoria\/"},"modified":"2018-03-09T09:38:38","modified_gmt":"2018-03-09T09:38:38","slug":"la-diferenciacio-concepte-clau-el-laensenyament-de-les-ciencies-socials-en-laeducacio-secundaria-obligatoria","status":"publish","type":"post","link":"https:\/\/www.deberes.net\/tesis\/pedagogia\/la-diferenciacio-concepte-clau-el-laensenyament-de-les-ciencies-socials-en-laeducacio-secundaria-obligatoria\/","title":{"rendered":"La diferenciaci\u00f3: concepte clau el l\u00c2\u00bfensenyament de les ciencies socials en l\u00c2\u00bfeducacio secundaria obligatoria."},"content":{"rendered":"<h2>Tesis doctoral de <strong> Montserrat Casas Vilalta <\/strong><\/h2>\n<p>La finalidad de la investigaci\u00f3n es estudiar la posible introducci\u00f3n del concepto de diferenciaci\u00f3n en el curr\u00edculum escolar de ciencias sociales.  en la primera parte de la investigaci\u00f3n se define el concepto de diferenciaci\u00f3n desde la sociolog\u00eda, la econom\u00eda, la pol\u00edtica y el derecho la antropolog\u00eda y la filosof\u00eda. Por otra parte se definien y justifican los contenidos de la transposici\u00f3n did\u00e1ctica.  en la segunda parte se realiza la experimentaci\u00f3n en una aula de tercer curso de eso, en la que se experimentan cuatro unidades de programaci\u00f3n.  la tercera parte se centra en la interpretaci\u00f3n de los datos basada en:  a)en la relaboraci\u00f3n del concepto de diferenciaci\u00f3n es de las perspectiva de la diversidad y de la desigualdad, b) en el an\u00e1lisis de las habilidades cognitivolinguisticas: describir, explicar, justificar, interpretar y argumentar. c) en la interacci\u00f3n social y en el trabajo cooperativo, y como incide en la construcci\u00f3n conjunta del conocimiento.<\/p>\n<p>&nbsp;<\/p>\n<h3>Datos acad\u00e9micos de la tesis doctoral \u00ab<strong>La diferenciaci\u00f3: concepte clau el l\u00c2\u00bfensenyament de les ciencies socials en l\u00c2\u00bfeducacio secundaria obligatoria.<\/strong>\u00ab<\/h3>\n<ul>\n<li><strong>T\u00edtulo de la tesis:<\/strong>\u00a0 La diferenciaci\u00f3: concepte clau el l\u00c2\u00bfensenyament de les ciencies socials en l\u00c2\u00bfeducacio secundaria obligatoria. <\/li>\n<li><strong>Autor:<\/strong>\u00a0 Montserrat Casas Vilalta <\/li>\n<li><strong>Universidad:<\/strong>\u00a0 Aut\u00f3noma de barcelona<\/li>\n<li><strong>Fecha de lectura de la tesis:<\/strong>\u00a0 21\/11\/1998<\/li>\n<\/ul>\n<p>&nbsp;<\/p>\n<h3>Direcci\u00f3n y tribunal<\/h3>\n<ul>\n<li><strong>Director de la tesis<\/strong>\n<ul>\n<li>Pilar Benejan Arguimbau<\/li>\n<\/ul>\n<\/li>\n<li><strong>Tribunal<\/strong>\n<ul>\n<li>Presidente del tribunal: joan Pages i blanch <\/li>\n<li>Antonio  ernesto G\u00f3mez  rodr\u00edguez (vocal)<\/li>\n<li>joaquin Prats cuevas (vocal)<\/li>\n<li>roser Batllori obtols (vocal)<\/li>\n<\/ul>\n<\/li>\n<\/ul>\n<p>&nbsp;<\/p>\n","protected":false},"excerpt":{"rendered":"<p>Tesis doctoral de Montserrat Casas Vilalta La finalidad de la investigaci\u00f3n es estudiar la posible introducci\u00f3n del concepto de diferenciaci\u00f3n [&hellip;]<\/p>\n","protected":false},"author":1,"featured_media":0,"comment_status":"open","ping_status":"open","sticky":false,"template":"","format":"standard","meta":{"site-sidebar-layout":"default","site-content-layout":"","ast-site-content-layout":"","site-content-style":"default","site-sidebar-style":"default","ast-global-header-display":"","ast-banner-title-visibility":"","ast-main-header-display":"","ast-hfb-above-header-display":"","ast-hfb-below-header-display":"","ast-hfb-mobile-header-display":"","site-post-title":"","ast-breadcrumbs-content":"","ast-featured-img":"","footer-sml-layout":"","theme-transparent-header-meta":"","adv-header-id-meta":"","stick-header-meta":"","header-above-stick-meta":"","header-main-stick-meta":"","header-below-stick-meta":"","astra-migrate-meta-layouts":"default","ast-page-background-enabled":"default","ast-page-background-meta":{"desktop":{"background-color":"var(--ast-global-color-4)","background-image":"","background-repeat":"repeat","background-position":"center center","background-size":"auto","background-attachment":"scroll","background-type":"","background-media":"","overlay-type":"","overlay-color":"","overlay-gradient":""},"tablet":{"background-color":"","background-image":"","background-repeat":"repeat","background-position":"center center","background-size":"auto","background-attachment":"scroll","background-type":"","background-media":"","overlay-type":"","overlay-color":"","overlay-gradient":""},"mobile":{"background-color":"","background-image":"","background-repeat":"repeat","background-position":"center center","background-size":"auto","background-attachment":"scroll","background-type":"","background-media":"","overlay-type":"","overlay-color":"","overlay-gradient":""}},"ast-content-background-meta":{"desktop":{"background-color":"var(--ast-global-color-5)","background-image":"","background-repeat":"repeat","background-position":"center center","background-size":"auto","background-attachment":"scroll","background-type":"","background-media":"","overlay-type":"","overlay-color":"","overlay-gradient":""},"tablet":{"background-color":"var(--ast-global-color-5)","background-image":"","background-repeat":"repeat","background-position":"center center","background-size":"auto","background-attachment":"scroll","background-type":"","background-media":"","overlay-type":"","overlay-color":"","overlay-gradient":""},"mobile":{"background-color":"var(--ast-global-color-5)","background-image":"","background-repeat":"repeat","background-position":"center center","background-size":"auto","background-attachment":"scroll","background-type":"","background-media":"","overlay-type":"","overlay-color":"","overlay-gradient":""}},"footnotes":""},"categories":[2623,1184,1141,2845],"tags":[100543,20309,27942,64754,100542,100544],"class_list":["post-38851","post","type-post","status-publish","format-standard","hentry","category-educacion-basica","category-organizacion-y-planificacion-de-la-educacion","category-pedagogia","category-planificacion-y-financiacion-de-la-educacion","tag-antonio-ernesto-gomez-rodriguez","tag-joan-pages-i-blanch","tag-joaquin-prats-cuevas","tag-montserrat-casas-vilalta","tag-pilar-benejan-arguimbau","tag-roser-batllori-obtols"],"_links":{"self":[{"href":"https:\/\/www.deberes.net\/tesis\/wp-json\/wp\/v2\/posts\/38851","targetHints":{"allow":["GET"]}}],"collection":[{"href":"https:\/\/www.deberes.net\/tesis\/wp-json\/wp\/v2\/posts"}],"about":[{"href":"https:\/\/www.deberes.net\/tesis\/wp-json\/wp\/v2\/types\/post"}],"author":[{"embeddable":true,"href":"https:\/\/www.deberes.net\/tesis\/wp-json\/wp\/v2\/users\/1"}],"replies":[{"embeddable":true,"href":"https:\/\/www.deberes.net\/tesis\/wp-json\/wp\/v2\/comments?post=38851"}],"version-history":[{"count":0,"href":"https:\/\/www.deberes.net\/tesis\/wp-json\/wp\/v2\/posts\/38851\/revisions"}],"wp:attachment":[{"href":"https:\/\/www.deberes.net\/tesis\/wp-json\/wp\/v2\/media?parent=38851"}],"wp:term":[{"taxonomy":"category","embeddable":true,"href":"https:\/\/www.deberes.net\/tesis\/wp-json\/wp\/v2\/categories?post=38851"},{"taxonomy":"post_tag","embeddable":true,"href":"https:\/\/www.deberes.net\/tesis\/wp-json\/wp\/v2\/tags?post=38851"}],"curies":[{"name":"wp","href":"https:\/\/api.w.org\/{rel}","templated":true}]}}