{"id":38880,"date":"2018-03-09T09:38:40","date_gmt":"2018-03-09T09:38:40","guid":{"rendered":"https:\/\/www.deberes.net\/tesis\/sin-categoria\/efecto-de-la-esposicon-alergenica-ambiental-y-de-la-provocacion-bronquial-con-alergeno-sobre-la-via-aerea-de-pacientes-alergicos-a-d-pteronyssinus\/"},"modified":"2018-03-09T09:38:40","modified_gmt":"2018-03-09T09:38:40","slug":"efecto-de-la-esposicon-alergenica-ambiental-y-de-la-provocacion-bronquial-con-alergeno-sobre-la-via-aerea-de-pacientes-alergicos-a-d-pteronyssinus","status":"publish","type":"post","link":"https:\/\/www.deberes.net\/tesis\/ciencias-medicas\/efecto-de-la-esposicon-alergenica-ambiental-y-de-la-provocacion-bronquial-con-alergeno-sobre-la-via-aerea-de-pacientes-alergicos-a-d-pteronyssinus\/","title":{"rendered":"Efecto de la esposicon alergenica ambiental y de la provocacion bronquial con alergeno sobre la via aerea de pacientes alergicos a d. pteronyssinus."},"content":{"rendered":"<h2>Tesis doctoral de <strong> M. Jose Alvarez Puebla <\/strong><\/h2>\n<p>La inflamaci\u00f3n eosinof\u00edlica cronica de la via aerea es caracteristica del asma en todos sus estadios. Evaluamos 31 pacientes asm\u00e1ticos y 15 con rinitis, al\u00e9rgicos a d pteronyssimus, y 38 sujetos controles no asm\u00e1ticos y no at\u00f3picos. se estudiaron las correlaciones existentes entre la inflamaci\u00f3n eosinofilica de la via aerea en esputo inducito y sangre con la exposici\u00f3n alerg\u00e9nica, los marcadores de sensibilizaci\u00f3n, y la hiperreactividad bronquial (hrb) cuantificada por curvas de metacolina dosis-respuesta completas, asi como la modificaci\u00f3n que la provocaci\u00f3n bronquial con alergeno (pbca) ejercia sobre estos indices. Los eosin\u00f3filos y la ecp eran superiores en esputo pero no en sangre de asm\u00e1ticos respecto a ritinis. La exposici\u00f3n a der p1 se asociaba con los s\u00edntomas bronquiales y con los niveles de triptasa en esputo de los pacientes asm\u00e1ticos. Los eosin\u00f3filos y los valores de ecp en esputo se correlaccionaban con los valoresde pd20 metacolina y los valores de ecp y alb\u00famina en esputo con los de m\u00e1xima respuesta bronquial. la respuesta inmediata a la pbca depend\u00eda de la hrb y de los eosin\u00f3filos en esputo basal, mientras que la respuesta tardia dependia de la exposici\u00f3n alergenica, la activaci\u00f3n de eosin\u00f3filos y mastocitos y de la hrb basal. la pbca indujo incrementos en la sensibilidad a la metacolina en asm\u00e1ticos y de la m\u00e1xima respuesta bronquial es asm\u00e1ticos y rinitis. Los marcadores de inflamaci\u00f3n eosinofilica se incrementaban en esputo y sangre tras la pbca, pero s\u00f3lo los incrementos en esputo eran superiores en asm\u00e1ticos respecto a rinitis. No exist\u00eda correlaci\u00f3n entre los incrementos en los indices inflamatorios y en la hrb. El an\u00e1lisis de las muestras de esputo aporta una informacion superior a la de sangre en el estudio de la iflamaci\u00f3n de la via aerea, y a\u00f1ade informaci\u00f3n complementaria a las modificaciones espirom\u00e9tricas inducidas por la pbca.<\/p>\n<p>&nbsp;<\/p>\n<h3>Datos acad\u00e9micos de la tesis doctoral \u00ab<strong>Efecto de la esposicon alergenica ambiental y de la provocacion bronquial con alergeno sobre la via aerea de pacientes alergicos a d. pteronyssinus.<\/strong>\u00ab<\/h3>\n<ul>\n<li><strong>T\u00edtulo de la tesis:<\/strong>\u00a0 Efecto de la esposicon alergenica ambiental y de la provocacion bronquial con alergeno sobre la via aerea de pacientes alergicos a d. pteronyssinus. <\/li>\n<li><strong>Autor:<\/strong>\u00a0 M. Jose Alvarez Puebla <\/li>\n<li><strong>Universidad:<\/strong>\u00a0 Navarra<\/li>\n<li><strong>Fecha de lectura de la tesis:<\/strong>\u00a0 27\/11\/1998<\/li>\n<\/ul>\n<p>&nbsp;<\/p>\n<h3>Direcci\u00f3n y tribunal<\/h3>\n<ul>\n<li><strong>Director de la tesis<\/strong>\n<ul>\n<li> Olaguibel Rivera Jos\u00e9 M.<\/li>\n<\/ul>\n<\/li>\n<li><strong>Tribunal<\/strong>\n<ul>\n<li>Presidente del tribunal: Jorge  Antonio Guisantes del barco <\/li>\n<li>Mar\u00eda  Luisa Sanz larruga (vocal)<\/li>\n<li>alfonso Sanchez ibarrola (vocal)<\/li>\n<li>Luis Prieto andres (vocal)<\/li>\n<\/ul>\n<\/li>\n<\/ul>\n<p>&nbsp;<\/p>\n","protected":false},"excerpt":{"rendered":"<p>Tesis doctoral de M. Jose Alvarez Puebla La inflamaci\u00f3n eosinof\u00edlica cronica de la via aerea es caracteristica del asma en [&hellip;]<\/p>\n","protected":false},"author":1,"featured_media":0,"comment_status":"open","ping_status":"open","sticky":false,"template":"","format":"standard","meta":{"site-sidebar-layout":"default","site-content-layout":"","ast-site-content-layout":"","site-content-style":"default","site-sidebar-style":"default","ast-global-header-display":"","ast-banner-title-visibility":"","ast-main-header-display":"","ast-hfb-above-header-display":"","ast-hfb-below-header-display":"","ast-hfb-mobile-header-display":"","site-post-title":"","ast-breadcrumbs-content":"","ast-featured-img":"","footer-sml-layout":"","theme-transparent-header-meta":"","adv-header-id-meta":"","stick-header-meta":"","header-above-stick-meta":"","header-main-stick-meta":"","header-below-stick-meta":"","astra-migrate-meta-layouts":"default","ast-page-background-enabled":"default","ast-page-background-meta":{"desktop":{"background-color":"var(--ast-global-color-4)","background-image":"","background-repeat":"repeat","background-position":"center center","background-size":"auto","background-attachment":"scroll","background-type":"","background-media":"","overlay-type":"","overlay-color":"","overlay-gradient":""},"tablet":{"background-color":"","background-image":"","background-repeat":"repeat","background-position":"center center","background-size":"auto","background-attachment":"scroll","background-type":"","background-media":"","overlay-type":"","overlay-color":"","overlay-gradient":""},"mobile":{"background-color":"","background-image":"","background-repeat":"repeat","background-position":"center center","background-size":"auto","background-attachment":"scroll","background-type":"","background-media":"","overlay-type":"","overlay-color":"","overlay-gradient":""}},"ast-content-background-meta":{"desktop":{"background-color":"var(--ast-global-color-5)","background-image":"","background-repeat":"repeat","background-position":"center center","background-size":"auto","background-attachment":"scroll","background-type":"","background-media":"","overlay-type":"","overlay-color":"","overlay-gradient":""},"tablet":{"background-color":"var(--ast-global-color-5)","background-image":"","background-repeat":"repeat","background-position":"center center","background-size":"auto","background-attachment":"scroll","background-type":"","background-media":"","overlay-type":"","overlay-color":"","overlay-gradient":""},"mobile":{"background-color":"var(--ast-global-color-5)","background-image":"","background-repeat":"repeat","background-position":"center center","background-size":"auto","background-attachment":"scroll","background-type":"","background-media":"","overlay-type":"","overlay-color":"","overlay-gradient":""}},"footnotes":""},"categories":[1957,35,9,4111,1737,17749,156],"tags":[13420,17954,19322,100594,51363,100595],"class_list":["post-38880","post","type-post","status-publish","format-standard","hentry","category-alergias","category-ciencias-de-la-vida","category-ciencias-medicas","category-hipersensibilidad","category-inmunologia","category-navarra","category-patologia","tag-alfonso-sanchez-ibarrola","tag-jorge-antonio-guisantes-del-barco","tag-luis-prieto-andres","tag-m-jose-alvarez-puebla","tag-maria-luisa-sanz-larruga","tag-olaguibel-rivera-jose-m"],"_links":{"self":[{"href":"https:\/\/www.deberes.net\/tesis\/wp-json\/wp\/v2\/posts\/38880","targetHints":{"allow":["GET"]}}],"collection":[{"href":"https:\/\/www.deberes.net\/tesis\/wp-json\/wp\/v2\/posts"}],"about":[{"href":"https:\/\/www.deberes.net\/tesis\/wp-json\/wp\/v2\/types\/post"}],"author":[{"embeddable":true,"href":"https:\/\/www.deberes.net\/tesis\/wp-json\/wp\/v2\/users\/1"}],"replies":[{"embeddable":true,"href":"https:\/\/www.deberes.net\/tesis\/wp-json\/wp\/v2\/comments?post=38880"}],"version-history":[{"count":0,"href":"https:\/\/www.deberes.net\/tesis\/wp-json\/wp\/v2\/posts\/38880\/revisions"}],"wp:attachment":[{"href":"https:\/\/www.deberes.net\/tesis\/wp-json\/wp\/v2\/media?parent=38880"}],"wp:term":[{"taxonomy":"category","embeddable":true,"href":"https:\/\/www.deberes.net\/tesis\/wp-json\/wp\/v2\/categories?post=38880"},{"taxonomy":"post_tag","embeddable":true,"href":"https:\/\/www.deberes.net\/tesis\/wp-json\/wp\/v2\/tags?post=38880"}],"curies":[{"name":"wp","href":"https:\/\/api.w.org\/{rel}","templated":true}]}}