{"id":38890,"date":"2018-03-09T09:38:41","date_gmt":"2018-03-09T09:38:41","guid":{"rendered":"https:\/\/www.deberes.net\/tesis\/sin-categoria\/informacion-contable-y-gestion-en-las-entidades-no-lucrativas\/"},"modified":"2018-03-09T09:38:41","modified_gmt":"2018-03-09T09:38:41","slug":"informacion-contable-y-gestion-en-las-entidades-no-lucrativas","status":"publish","type":"post","link":"https:\/\/www.deberes.net\/tesis\/ciencias-economicas\/informacion-contable-y-gestion-en-las-entidades-no-lucrativas\/","title":{"rendered":"Informacion contable y gestion en las entidades no lucrativas"},"content":{"rendered":"<h2>Tesis doctoral de <strong> Ana Morales Guerrero <\/strong><\/h2>\n<p>El prop\u00f3sito perseguido con nuestro trabajo es presentar una serie de reflexiones, an\u00e1lisis y conclusiones sobre la situaci\u00f3n jur\u00eddica, contable y de gesti\u00f3n en las fundaciones y los partidos pol\u00edticos. En relaci\u00f3n con las fundaciones se analiza el nuevo marco jur\u00eddico tras la aprobaci\u00f3n de la ley 30\/1994 las consecuencias contables que supone la misma, con una revisi\u00f3n de las cuentas anuales y presupuestos que deben presentar y por \u00faltimo, se estudia cual es la situaci\u00f3n de las fundaciones en la comunidad de castilla y le\u00f3n a trav\u00e9s de la informaci\u00f3n contable que deben depositar en el registro de fundaciones de la comunidad.  para los partidos pol\u00edticos se revisa su contabilidad y los mecanismos de control, tanto para sus actividades de funcionamiento ordinario como las electorales, as\u00ed como los informes elaborados por el tribunal de cuentas sobre la contabilidad relativa al per\u00edodo 1987-1992 y sobre las contabilidades electorales presentadas ante este \u00f3rgano, poni\u00e9ndose de manifiesto las principales deficiencias e irregularidades en dichas contabilidades, efectuando una propuesta para una posible adaptaci\u00f3n sectorial del p.G. A los partidos pol\u00edticos.<\/p>\n<p>&nbsp;<\/p>\n<h3>Datos acad\u00e9micos de la tesis doctoral \u00ab<strong>Informacion contable y gestion en las entidades no lucrativas<\/strong>\u00ab<\/h3>\n<ul>\n<li><strong>T\u00edtulo de la tesis:<\/strong>\u00a0 Informacion contable y gestion en las entidades no lucrativas <\/li>\n<li><strong>Autor:<\/strong>\u00a0 Ana Morales Guerrero <\/li>\n<li><strong>Universidad:<\/strong>\u00a0 Valladolid<\/li>\n<li><strong>Fecha de lectura de la tesis:<\/strong>\u00a0 30\/11\/1998<\/li>\n<\/ul>\n<p>&nbsp;<\/p>\n<h3>Direcci\u00f3n y tribunal<\/h3>\n<ul>\n<li><strong>Director de la tesis<\/strong>\n<ul>\n<li>Rafael Ramos Cervero<\/li>\n<\/ul>\n<\/li>\n<li><strong>Tribunal<\/strong>\n<ul>\n<li>Presidente del tribunal: Antonio Lopez diaz <\/li>\n<li>Mar\u00eda del carmen Rodr\u00edguez acebes (vocal)<\/li>\n<li>guillermo Sierra molina (vocal)<\/li>\n<li>carmen Granada abarzazu (vocal)<\/li>\n<\/ul>\n<\/li>\n<\/ul>\n<p>&nbsp;<\/p>\n","protected":false},"excerpt":{"rendered":"<p>Tesis doctoral de Ana Morales Guerrero El prop\u00f3sito perseguido con nuestro trabajo es presentar una serie de reflexiones, an\u00e1lisis y [&hellip;]<\/p>\n","protected":false},"author":1,"featured_media":0,"comment_status":"open","ping_status":"open","sticky":false,"template":"","format":"standard","meta":{"site-sidebar-layout":"default","site-content-layout":"","ast-site-content-layout":"","site-content-style":"default","site-sidebar-style":"default","ast-global-header-display":"","ast-banner-title-visibility":"","ast-main-header-display":"","ast-hfb-above-header-display":"","ast-hfb-below-header-display":"","ast-hfb-mobile-header-display":"","site-post-title":"","ast-breadcrumbs-content":"","ast-featured-img":"","footer-sml-layout":"","theme-transparent-header-meta":"","adv-header-id-meta":"","stick-header-meta":"","header-above-stick-meta":"","header-main-stick-meta":"","header-below-stick-meta":"","astra-migrate-meta-layouts":"default","ast-page-background-enabled":"default","ast-page-background-meta":{"desktop":{"background-color":"var(--ast-global-color-4)","background-image":"","background-repeat":"repeat","background-position":"center center","background-size":"auto","background-attachment":"scroll","background-type":"","background-media":"","overlay-type":"","overlay-color":"","overlay-gradient":""},"tablet":{"background-color":"","background-image":"","background-repeat":"repeat","background-position":"center center","background-size":"auto","background-attachment":"scroll","background-type":"","background-media":"","overlay-type":"","overlay-color":"","overlay-gradient":""},"mobile":{"background-color":"","background-image":"","background-repeat":"repeat","background-position":"center center","background-size":"auto","background-attachment":"scroll","background-type":"","background-media":"","overlay-type":"","overlay-color":"","overlay-gradient":""}},"ast-content-background-meta":{"desktop":{"background-color":"var(--ast-global-color-5)","background-image":"","background-repeat":"repeat","background-position":"center center","background-size":"auto","background-attachment":"scroll","background-type":"","background-media":"","overlay-type":"","overlay-color":"","overlay-gradient":""},"tablet":{"background-color":"var(--ast-global-color-5)","background-image":"","background-repeat":"repeat","background-position":"center center","background-size":"auto","background-attachment":"scroll","background-type":"","background-media":"","overlay-type":"","overlay-color":"","overlay-gradient":""},"mobile":{"background-color":"var(--ast-global-color-5)","background-image":"","background-repeat":"repeat","background-position":"center center","background-size":"auto","background-attachment":"scroll","background-type":"","background-media":"","overlay-type":"","overlay-color":"","overlay-gradient":""}},"footnotes":""},"categories":[82,1697,1699,12451],"tags":[100608,8326,100609,10812,47739,12734],"class_list":["post-38890","post","type-post","status-publish","format-standard","hentry","category-ciencias-economicas","category-contabilidad-economica","category-contabilidad-financiera","category-valladolid","tag-ana-morales-guerrero","tag-antonio-lopez-diaz","tag-carmen-granada-abarzazu","tag-guillermo-sierra-molina","tag-maria-del-carmen-rodriguez-acebes","tag-rafael-ramos-cervero"],"_links":{"self":[{"href":"https:\/\/www.deberes.net\/tesis\/wp-json\/wp\/v2\/posts\/38890","targetHints":{"allow":["GET"]}}],"collection":[{"href":"https:\/\/www.deberes.net\/tesis\/wp-json\/wp\/v2\/posts"}],"about":[{"href":"https:\/\/www.deberes.net\/tesis\/wp-json\/wp\/v2\/types\/post"}],"author":[{"embeddable":true,"href":"https:\/\/www.deberes.net\/tesis\/wp-json\/wp\/v2\/users\/1"}],"replies":[{"embeddable":true,"href":"https:\/\/www.deberes.net\/tesis\/wp-json\/wp\/v2\/comments?post=38890"}],"version-history":[{"count":0,"href":"https:\/\/www.deberes.net\/tesis\/wp-json\/wp\/v2\/posts\/38890\/revisions"}],"wp:attachment":[{"href":"https:\/\/www.deberes.net\/tesis\/wp-json\/wp\/v2\/media?parent=38890"}],"wp:term":[{"taxonomy":"category","embeddable":true,"href":"https:\/\/www.deberes.net\/tesis\/wp-json\/wp\/v2\/categories?post=38890"},{"taxonomy":"post_tag","embeddable":true,"href":"https:\/\/www.deberes.net\/tesis\/wp-json\/wp\/v2\/tags?post=38890"}],"curies":[{"name":"wp","href":"https:\/\/api.w.org\/{rel}","templated":true}]}}