{"id":38896,"date":"1998-02-12T00:00:00","date_gmt":"1998-02-12T00:00:00","guid":{"rendered":"https:\/\/www.deberes.net\/tesis\/sin-categoria\/escultura-monumental-sevillana-durante-la-primera-mitad-del-siglo-xx\/"},"modified":"1998-02-12T00:00:00","modified_gmt":"1998-02-12T00:00:00","slug":"escultura-monumental-sevillana-durante-la-primera-mitad-del-siglo-xx","status":"publish","type":"post","link":"https:\/\/www.deberes.net\/tesis\/historia\/escultura-monumental-sevillana-durante-la-primera-mitad-del-siglo-xx\/","title":{"rendered":"Escultura monumental sevillana durante la primera mitad del siglo xx."},"content":{"rendered":"<h2>Tesis doctoral de <strong> Juan  Manuel Couelo Lopez <\/strong><\/h2>\n<p>La tesis doctoral titulada \u00abla escultura monumental sevillana durante la primera mitad del siglo xx\u00bb, ha intentado ofrecer una panor\u00e1mica general de la evoluci\u00f3n de los monumentos p\u00fablicos en dicho per\u00edodo. Entre los ejes fundamentales, se encuentra el an\u00e1lisis de la evoluci\u00f3n de la pl\u00e1stica escult\u00f3rica en su adaptaci\u00f3n a este g\u00e9nero de obras. Por otra parte, ha sido fundamental el estudio de los par\u00e1metros, tanto est\u00e9ticos como ideol\u00f3gicos, que rodean la realizaci\u00f3n de estas obras. Por esa raz\u00f3n, aparece tambi\u00e9n un estudio de la evoluci\u00f3n de la mentalidad sevillana aplicada en los monumentos p\u00fablicos.<\/p>\n<p>&nbsp;<\/p>\n<h3>Datos acad\u00e9micos de la tesis doctoral \u00ab<strong>Escultura monumental sevillana durante la primera mitad del siglo xx.<\/strong>\u00ab<\/h3>\n<ul>\n<li><strong>T\u00edtulo de la tesis:<\/strong>\u00a0 Escultura monumental sevillana durante la primera mitad del siglo xx. <\/li>\n<li><strong>Autor:<\/strong>\u00a0 Juan  Manuel Couelo Lopez <\/li>\n<li><strong>Universidad:<\/strong>\u00a0 Sevilla<\/li>\n<li><strong>Fecha de lectura de la tesis:<\/strong>\u00a0 02\/12\/1998<\/li>\n<\/ul>\n<p>&nbsp;<\/p>\n<h3>Direcci\u00f3n y tribunal<\/h3>\n<ul>\n<li><strong>Director de la tesis<\/strong>\n<ul>\n<li>Antonio  De La Banda Vargas<\/li>\n<\/ul>\n<\/li>\n<li><strong>Tribunal<\/strong>\n<ul>\n<li>Presidente del tribunal: emilio G\u00f3mez pi\u00f1ol <\/li>\n<li>sebasti\u00e1n Santos calero (vocal)<\/li>\n<li>Francisco Palomo diaz (vocal)<\/li>\n<li>Carlos P\u00e9rez reyes (vocal)<\/li>\n<\/ul>\n<\/li>\n<\/ul>\n<p>&nbsp;<\/p>\n","protected":false},"excerpt":{"rendered":"<p>Tesis doctoral de Juan Manuel Couelo Lopez La tesis doctoral titulada \u00abla escultura monumental sevillana durante la primera mitad del [&hellip;]<\/p>\n","protected":false},"author":1,"featured_media":0,"comment_status":"open","ping_status":"open","sticky":false,"template":"","format":"standard","meta":{"site-sidebar-layout":"default","site-content-layout":"","ast-site-content-layout":"","site-content-style":"default","site-sidebar-style":"default","ast-global-header-display":"","ast-banner-title-visibility":"","ast-main-header-display":"","ast-hfb-above-header-display":"","ast-hfb-below-header-display":"","ast-hfb-mobile-header-display":"","site-post-title":"","ast-breadcrumbs-content":"","ast-featured-img":"","footer-sml-layout":"","theme-transparent-header-meta":"","adv-header-id-meta":"","stick-header-meta":"","header-above-stick-meta":"","header-main-stick-meta":"","header-below-stick-meta":"","astra-migrate-meta-layouts":"default","ast-page-background-enabled":"default","ast-page-background-meta":{"desktop":{"background-color":"var(--ast-global-color-4)","background-image":"","background-repeat":"repeat","background-position":"center center","background-size":"auto","background-attachment":"scroll","background-type":"","background-media":"","overlay-type":"","overlay-color":"","overlay-gradient":""},"tablet":{"background-color":"","background-image":"","background-repeat":"repeat","background-position":"center center","background-size":"auto","background-attachment":"scroll","background-type":"","background-media":"","overlay-type":"","overlay-color":"","overlay-gradient":""},"mobile":{"background-color":"","background-image":"","background-repeat":"repeat","background-position":"center center","background-size":"auto","background-attachment":"scroll","background-type":"","background-media":"","overlay-type":"","overlay-color":"","overlay-gradient":""}},"ast-content-background-meta":{"desktop":{"background-color":"var(--ast-global-color-5)","background-image":"","background-repeat":"repeat","background-position":"center center","background-size":"auto","background-attachment":"scroll","background-type":"","background-media":"","overlay-type":"","overlay-color":"","overlay-gradient":""},"tablet":{"background-color":"var(--ast-global-color-5)","background-image":"","background-repeat":"repeat","background-position":"center center","background-size":"auto","background-attachment":"scroll","background-type":"","background-media":"","overlay-type":"","overlay-color":"","overlay-gradient":""},"mobile":{"background-color":"var(--ast-global-color-5)","background-image":"","background-repeat":"repeat","background-position":"center center","background-size":"auto","background-attachment":"scroll","background-type":"","background-media":"","overlay-type":"","overlay-color":"","overlay-gradient":""}},"footnotes":""},"categories":[104,1014,2563,222,10715],"tags":[99757,5816,10774,100624,100623,70920],"class_list":["post-38896","post","type-post","status-publish","format-standard","hentry","category-historia","category-historia-del-arte","category-historia-del-arte-de-los-siglos-xix-y-xx","category-historias-especializadas","category-sevilla","tag-antonio-de-la-banda-vargas","tag-carlos-perez-reyes","tag-emilio-gomez-pinol","tag-francisco-palomo-diaz","tag-juan-manuel-couelo-lopez","tag-sebastian-santos-calero"],"_links":{"self":[{"href":"https:\/\/www.deberes.net\/tesis\/wp-json\/wp\/v2\/posts\/38896","targetHints":{"allow":["GET"]}}],"collection":[{"href":"https:\/\/www.deberes.net\/tesis\/wp-json\/wp\/v2\/posts"}],"about":[{"href":"https:\/\/www.deberes.net\/tesis\/wp-json\/wp\/v2\/types\/post"}],"author":[{"embeddable":true,"href":"https:\/\/www.deberes.net\/tesis\/wp-json\/wp\/v2\/users\/1"}],"replies":[{"embeddable":true,"href":"https:\/\/www.deberes.net\/tesis\/wp-json\/wp\/v2\/comments?post=38896"}],"version-history":[{"count":0,"href":"https:\/\/www.deberes.net\/tesis\/wp-json\/wp\/v2\/posts\/38896\/revisions"}],"wp:attachment":[{"href":"https:\/\/www.deberes.net\/tesis\/wp-json\/wp\/v2\/media?parent=38896"}],"wp:term":[{"taxonomy":"category","embeddable":true,"href":"https:\/\/www.deberes.net\/tesis\/wp-json\/wp\/v2\/categories?post=38896"},{"taxonomy":"post_tag","embeddable":true,"href":"https:\/\/www.deberes.net\/tesis\/wp-json\/wp\/v2\/tags?post=38896"}],"curies":[{"name":"wp","href":"https:\/\/api.w.org\/{rel}","templated":true}]}}