{"id":38897,"date":"1998-02-12T00:00:00","date_gmt":"1998-02-12T00:00:00","guid":{"rendered":"https:\/\/www.deberes.net\/tesis\/sin-categoria\/la-liberalizacion-del-regimen-jura%c2%addico-administrativo-de-las-telecomunicaciones\/"},"modified":"1998-02-12T00:00:00","modified_gmt":"1998-02-12T00:00:00","slug":"la-liberalizacion-del-regimen-jura%c2%addico-administrativo-de-las-telecomunicaciones","status":"publish","type":"post","link":"https:\/\/www.deberes.net\/tesis\/ciencias-juridicas-y-derecho\/la-liberalizacion-del-regimen-jura%c2%addico-administrativo-de-las-telecomunicaciones\/","title":{"rendered":"La liberalizaci\u00f3n del r\u00e9gimen jur\u00eddico administrativo de las telecomunicaciones"},"content":{"rendered":"<h2>Tesis doctoral de <strong>  S\u00e1nchez Rodr\u00edguez Antonio  Jes\u00fas <\/strong><\/h2>\n<p>Se estudia la aparici\u00f3n de la liberalizaci\u00f3n en la mayor\u00eda de los reg\u00edmenes jur\u00eddicos de telecomunicaciones del mundo mediante la eliminaci\u00f3n de la cla\u00fasula de exclusividad. Se analiza historicamente la reforma del r\u00e9gimen jur\u00eddico de las telecomunicaciones en eeuu, la liberalizaci\u00f3n y contenido material de los servicios audiovisuales. Se analizan, as\u00ed mismo las principales normas jur\u00eddicas nacidas de las instituciones comunitarias, con una especial referencia al mercado \u00fanico del cable y el sat\u00e9lite y a la pol\u00edtica liberalizando en el mundo audiovisula. Refiere y comenta c\u00f3mo se ha producido la liberalizaci\u00f3n en los distintos paises europeos haciendo especial hincapi\u00e9 en el tratamiento que se le da a este hecho en nuestro propio ordenamiento jur\u00eddico.  concluye que el servicio de telecomunicaciones ya no es un servicio p\u00fablico y como consecuencia de ello la titularidad del servicio es privada, el servicio se presta en libre concurrencia, la relaci\u00f3n entre prestador y usuario es privada y se hace en el derecho de la competencia y pol\u00edtica de redes.<\/p>\n<p>&nbsp;<\/p>\n<h3>Datos acad\u00e9micos de la tesis doctoral \u00ab<strong>La liberalizaci\u00f3n del r\u00e9gimen jur\u00eddico administrativo de las telecomunicaciones<\/strong>\u00ab<\/h3>\n<ul>\n<li><strong>T\u00edtulo de la tesis:<\/strong>\u00a0 La liberalizaci\u00f3n del r\u00e9gimen jur\u00eddico administrativo de las telecomunicaciones <\/li>\n<li><strong>Autor:<\/strong>\u00a0  S\u00e1nchez Rodr\u00edguez Antonio  Jes\u00fas <\/li>\n<li><strong>Universidad:<\/strong>\u00a0 Carlos III de Madrid<\/li>\n<li><strong>Fecha de lectura de la tesis:<\/strong>\u00a0 02\/12\/1998<\/li>\n<\/ul>\n<p>&nbsp;<\/p>\n<h3>Direcci\u00f3n y tribunal<\/h3>\n<ul>\n<li><strong>Director de la tesis<\/strong>\n<ul>\n<li>Agust\u00edn De As\u00eds Roig<\/li>\n<\/ul>\n<\/li>\n<li><strong>Tribunal<\/strong>\n<ul>\n<li>Presidente del tribunal: tom\u00e1s De la quadra-salcedo fern\u00e1ndez del castillo <\/li>\n<li>adolfo Castilla garrido (vocal)<\/li>\n<li>Rafael G\u00f3mez-ferrer morant (vocal)<\/li>\n<li>elisenda Malaret Garc\u00eda (vocal)<\/li>\n<\/ul>\n<\/li>\n<\/ul>\n<p>&nbsp;<\/p>\n","protected":false},"excerpt":{"rendered":"<p>Tesis doctoral de S\u00e1nchez Rodr\u00edguez Antonio Jes\u00fas Se estudia la aparici\u00f3n de la liberalizaci\u00f3n en la mayor\u00eda de los reg\u00edmenes [&hellip;]<\/p>\n","protected":false},"author":1,"featured_media":0,"comment_status":"open","ping_status":"open","sticky":false,"template":"","format":"standard","meta":{"site-sidebar-layout":"default","site-content-layout":"","ast-site-content-layout":"","site-content-style":"default","site-sidebar-style":"default","ast-global-header-display":"","ast-banner-title-visibility":"","ast-main-header-display":"","ast-hfb-above-header-display":"","ast-hfb-below-header-display":"","ast-hfb-mobile-header-display":"","site-post-title":"","ast-breadcrumbs-content":"","ast-featured-img":"","footer-sml-layout":"","theme-transparent-header-meta":"","adv-header-id-meta":"","stick-header-meta":"","header-above-stick-meta":"","header-main-stick-meta":"","header-below-stick-meta":"","astra-migrate-meta-layouts":"default","ast-page-background-enabled":"default","ast-page-background-meta":{"desktop":{"background-color":"var(--ast-global-color-4)","background-image":"","background-repeat":"repeat","background-position":"center center","background-size":"auto","background-attachment":"scroll","background-type":"","background-media":"","overlay-type":"","overlay-color":"","overlay-gradient":""},"tablet":{"background-color":"","background-image":"","background-repeat":"repeat","background-position":"center center","background-size":"auto","background-attachment":"scroll","background-type":"","background-media":"","overlay-type":"","overlay-color":"","overlay-gradient":""},"mobile":{"background-color":"","background-image":"","background-repeat":"repeat","background-position":"center center","background-size":"auto","background-attachment":"scroll","background-type":"","background-media":"","overlay-type":"","overlay-color":"","overlay-gradient":""}},"ast-content-background-meta":{"desktop":{"background-color":"var(--ast-global-color-5)","background-image":"","background-repeat":"repeat","background-position":"center center","background-size":"auto","background-attachment":"scroll","background-type":"","background-media":"","overlay-type":"","overlay-color":"","overlay-gradient":""},"tablet":{"background-color":"var(--ast-global-color-5)","background-image":"","background-repeat":"repeat","background-position":"center center","background-size":"auto","background-attachment":"scroll","background-type":"","background-media":"","overlay-type":"","overlay-color":"","overlay-gradient":""},"mobile":{"background-color":"var(--ast-global-color-5)","background-image":"","background-repeat":"repeat","background-position":"center center","background-size":"auto","background-attachment":"scroll","background-type":"","background-media":"","overlay-type":"","overlay-color":"","overlay-gradient":""}},"footnotes":""},"categories":[18550,612,1442,979],"tags":[14379,22662,45661,3455,100625,37574],"class_list":["post-38897","post","type-post","status-publish","format-standard","hentry","category-carlos-iii-de-madrid","category-ciencias-juridicas-y-derecho","category-derecho-administrativo","category-derecho-y-legislacion-nacionales","tag-adolfo-castilla-garrido","tag-agustin-de-asis-roig","tag-elisenda-malaret-garcia","tag-rafael-gomez-ferrer-morant","tag-sanchez-rodriguez-antonio-jesus","tag-tomas-de-la-quadra-salcedo-fernandez-del-castillo"],"_links":{"self":[{"href":"https:\/\/www.deberes.net\/tesis\/wp-json\/wp\/v2\/posts\/38897","targetHints":{"allow":["GET"]}}],"collection":[{"href":"https:\/\/www.deberes.net\/tesis\/wp-json\/wp\/v2\/posts"}],"about":[{"href":"https:\/\/www.deberes.net\/tesis\/wp-json\/wp\/v2\/types\/post"}],"author":[{"embeddable":true,"href":"https:\/\/www.deberes.net\/tesis\/wp-json\/wp\/v2\/users\/1"}],"replies":[{"embeddable":true,"href":"https:\/\/www.deberes.net\/tesis\/wp-json\/wp\/v2\/comments?post=38897"}],"version-history":[{"count":0,"href":"https:\/\/www.deberes.net\/tesis\/wp-json\/wp\/v2\/posts\/38897\/revisions"}],"wp:attachment":[{"href":"https:\/\/www.deberes.net\/tesis\/wp-json\/wp\/v2\/media?parent=38897"}],"wp:term":[{"taxonomy":"category","embeddable":true,"href":"https:\/\/www.deberes.net\/tesis\/wp-json\/wp\/v2\/categories?post=38897"},{"taxonomy":"post_tag","embeddable":true,"href":"https:\/\/www.deberes.net\/tesis\/wp-json\/wp\/v2\/tags?post=38897"}],"curies":[{"name":"wp","href":"https:\/\/api.w.org\/{rel}","templated":true}]}}