{"id":38910,"date":"1998-04-12T00:00:00","date_gmt":"1998-04-12T00:00:00","guid":{"rendered":"https:\/\/www.deberes.net\/tesis\/sin-categoria\/aportaciones-a-la-teoria-de-contrastes-de-bondad-de-ajuste-para-modelos-de-regresion-polinomicos\/"},"modified":"1998-04-12T00:00:00","modified_gmt":"1998-04-12T00:00:00","slug":"aportaciones-a-la-teoria-de-contrastes-de-bondad-de-ajuste-para-modelos-de-regresion-polinomicos","status":"publish","type":"post","link":"https:\/\/www.deberes.net\/tesis\/matematicas\/aportaciones-a-la-teoria-de-contrastes-de-bondad-de-ajuste-para-modelos-de-regresion-polinomicos\/","title":{"rendered":"Aportaciones a la teoria de contrastes de bondad de ajuste para modelos de  regresion polinomicos."},"content":{"rendered":"<h2>Tesis doctoral de <strong> Luis Alberto Ramil Novo <\/strong><\/h2>\n<p>Las contribuciones de esta memoria se enmarcan todas ellas en la teor\u00eda de contrastes de bondad de ajuste para modelos de regresi\u00f3n, y en especial para modelos de regresi\u00f3n polin\u00f3micos.  el cap\u00edtulo 1 es un cap\u00edtulo introductorio. En \u00e9l se describen los diferentes tipos de modelos regresi\u00f3n y de modelos de regresi\u00f3n generalizados y se presentan los diferentes tipos de contraste de bondad de ajuste que se pueden formular en cada uno de estos contextos. a continuaci\u00f3n se presentan los objetivos de la memoria y se hace una descripci\u00f3n de los resultados obtenidos.  en el cap\u00edtulo 2 se hace una revisi\u00f3n de los enfoques y m\u00e9todos de contraste de bondad de ajuste para modelos de regresi\u00f3n y modelos de regresi\u00f3n generalizados. En \u00e9l se hace una clasificaci\u00f3n de las metodolog\u00edas propuestas hasta el momento seg\u00fan el enfoque empleado, y se describen las relaciones existentes entre los diferentes m\u00e9todos.  en el cap\u00edtulo 3 se estudian caracter\u00edsticas comunes de las matrices de pesos asociadas a los principales estimadores no param\u00e9tricos. Para cada estimador no param\u00e9trico, se proporcionan expresiones de las trazas de las potencias de la matriz de pesos en t\u00e9rminos de la funci\u00f3n n\u00facleo equivalente. La expresi\u00f3n general que se obtiene permite prever analog\u00edas en los estad\u00edsticos de contraste basados en formas cuadr\u00e1ticas definidas en t\u00e9rminos de las matrices de pesos estudiadas.  los cap\u00edtulos 4 y 5 se dedican al problema de contraste de bondad de ajuste de un modelo de regresi\u00f3n polin\u00f3mico. En el cap\u00edtulo 4 se presenta un procedimiento para aproximar mediante distribuciones ji cuadrado, la distribuci\u00f3n de estad\u00edsticos que resultan de recentrar y reescalar una suma de cuadrados o una forma cuadr\u00e1tica que generaliza a la utilizada en la teor\u00eda cl\u00e1sica para modelos lineales.  en el cap\u00edtulo 5 se introducen nuevos estad\u00edsticos de contraste basados en estimadores spline que generalizan de forma n<\/p>\n<p>&nbsp;<\/p>\n<h3>Datos acad\u00e9micos de la tesis doctoral \u00ab<strong>Aportaciones a la teoria de contrastes de bondad de ajuste para modelos de  regresion polinomicos.<\/strong>\u00ab<\/h3>\n<ul>\n<li><strong>T\u00edtulo de la tesis:<\/strong>\u00a0 Aportaciones a la teoria de contrastes de bondad de ajuste para modelos de  regresion polinomicos. <\/li>\n<li><strong>Autor:<\/strong>\u00a0 Luis Alberto Ramil Novo <\/li>\n<li><strong>Universidad:<\/strong>\u00a0 Santiago de compostela<\/li>\n<li><strong>Fecha de lectura de la tesis:<\/strong>\u00a0 04\/12\/1998<\/li>\n<\/ul>\n<p>&nbsp;<\/p>\n<h3>Direcci\u00f3n y tribunal<\/h3>\n<ul>\n<li><strong>Director de la tesis<\/strong>\n<ul>\n<li>Wenceslao Gonz\u00e1lez Manteiga<\/li>\n<\/ul>\n<\/li>\n<li><strong>Tribunal<\/strong>\n<ul>\n<li>Presidente del tribunal: Jos\u00e9 manuel Prada sanchez <\/li>\n<li>Juan  Manuel Vilar fern\u00e1ndez (vocal)<\/li>\n<li>Miguel Delgado gonz\u00e1lez (vocal)<\/li>\n<li>Jos\u00e9 Antonio Crist\u00f3bal crist\u00f3bal (vocal)<\/li>\n<\/ul>\n<\/li>\n<\/ul>\n<p>&nbsp;<\/p>\n","protected":false},"excerpt":{"rendered":"<p>Tesis doctoral de Luis Alberto Ramil Novo Las contribuciones de esta memoria se enmarcan todas ellas en la teor\u00eda de [&hellip;]<\/p>\n","protected":false},"author":1,"featured_media":0,"comment_status":"open","ping_status":"open","sticky":false,"template":"","format":"standard","meta":{"site-sidebar-layout":"default","site-content-layout":"","ast-site-content-layout":"","site-content-style":"default","site-sidebar-style":"default","ast-global-header-display":"","ast-banner-title-visibility":"","ast-main-header-display":"","ast-hfb-above-header-display":"","ast-hfb-below-header-display":"","ast-hfb-mobile-header-display":"","site-post-title":"","ast-breadcrumbs-content":"","ast-featured-img":"","footer-sml-layout":"","theme-transparent-header-meta":"","adv-header-id-meta":"","stick-header-meta":"","header-above-stick-meta":"","header-main-stick-meta":"","header-below-stick-meta":"","astra-migrate-meta-layouts":"default","ast-page-background-enabled":"default","ast-page-background-meta":{"desktop":{"background-color":"var(--ast-global-color-4)","background-image":"","background-repeat":"repeat","background-position":"center center","background-size":"auto","background-attachment":"scroll","background-type":"","background-media":"","overlay-type":"","overlay-color":"","overlay-gradient":""},"tablet":{"background-color":"","background-image":"","background-repeat":"repeat","background-position":"center center","background-size":"auto","background-attachment":"scroll","background-type":"","background-media":"","overlay-type":"","overlay-color":"","overlay-gradient":""},"mobile":{"background-color":"","background-image":"","background-repeat":"repeat","background-position":"center center","background-size":"auto","background-attachment":"scroll","background-type":"","background-media":"","overlay-type":"","overlay-color":"","overlay-gradient":""}},"ast-content-background-meta":{"desktop":{"background-color":"var(--ast-global-color-5)","background-image":"","background-repeat":"repeat","background-position":"center center","background-size":"auto","background-attachment":"scroll","background-type":"","background-media":"","overlay-type":"","overlay-color":"","overlay-gradient":""},"tablet":{"background-color":"var(--ast-global-color-5)","background-image":"","background-repeat":"repeat","background-position":"center center","background-size":"auto","background-attachment":"scroll","background-type":"","background-media":"","overlay-type":"","overlay-color":"","overlay-gradient":""},"mobile":{"background-color":"var(--ast-global-color-5)","background-image":"","background-repeat":"repeat","background-position":"center center","background-size":"auto","background-attachment":"scroll","background-type":"","background-media":"","overlay-type":"","overlay-color":"","overlay-gradient":""}},"footnotes":""},"categories":[1477,126,2765,977,5688],"tags":[2768,21208,2769,100650,100651,2767],"class_list":["post-38910","post","type-post","status-publish","format-standard","hentry","category-estadistica","category-matematicas","category-metodos-de-distribucion-libre-y-no-parametrica","category-santiago-de-compostela","category-tecnicas-de-inferencia-estadistica","tag-jose-antonio-cristobal-cristobal","tag-jose-manuel-prada-sanchez","tag-juan-manuel-vilar-fernandez","tag-luis-alberto-ramil-novo","tag-miguel-delgado-gonzalez","tag-wenceslao-gonzalez-manteiga"],"_links":{"self":[{"href":"https:\/\/www.deberes.net\/tesis\/wp-json\/wp\/v2\/posts\/38910","targetHints":{"allow":["GET"]}}],"collection":[{"href":"https:\/\/www.deberes.net\/tesis\/wp-json\/wp\/v2\/posts"}],"about":[{"href":"https:\/\/www.deberes.net\/tesis\/wp-json\/wp\/v2\/types\/post"}],"author":[{"embeddable":true,"href":"https:\/\/www.deberes.net\/tesis\/wp-json\/wp\/v2\/users\/1"}],"replies":[{"embeddable":true,"href":"https:\/\/www.deberes.net\/tesis\/wp-json\/wp\/v2\/comments?post=38910"}],"version-history":[{"count":0,"href":"https:\/\/www.deberes.net\/tesis\/wp-json\/wp\/v2\/posts\/38910\/revisions"}],"wp:attachment":[{"href":"https:\/\/www.deberes.net\/tesis\/wp-json\/wp\/v2\/media?parent=38910"}],"wp:term":[{"taxonomy":"category","embeddable":true,"href":"https:\/\/www.deberes.net\/tesis\/wp-json\/wp\/v2\/categories?post=38910"},{"taxonomy":"post_tag","embeddable":true,"href":"https:\/\/www.deberes.net\/tesis\/wp-json\/wp\/v2\/tags?post=38910"}],"curies":[{"name":"wp","href":"https:\/\/api.w.org\/{rel}","templated":true}]}}