{"id":38913,"date":"1998-04-12T00:00:00","date_gmt":"1998-04-12T00:00:00","guid":{"rendered":"https:\/\/www.deberes.net\/tesis\/sin-categoria\/sa%c2%adntesis-de-productos-naturales-y-analogos-biologicamente-activos-derivados-de-penicillium-brevicompactum-dierckx\/"},"modified":"1998-04-12T00:00:00","modified_gmt":"1998-04-12T00:00:00","slug":"sa%c2%adntesis-de-productos-naturales-y-analogos-biologicamente-activos-derivados-de-penicillium-brevicompactum-dierckx","status":"publish","type":"post","link":"https:\/\/www.deberes.net\/tesis\/quimica\/sa%c2%adntesis-de-productos-naturales-y-analogos-biologicamente-activos-derivados-de-penicillium-brevicompactum-dierckx\/","title":{"rendered":"S\u00edntesis de productos naturales y an\u00e1logos biol\u00f3gicamente activos, derivados de penicillium brevicompactum dierckx."},"content":{"rendered":"<h2>Tesis doctoral de <strong> \u00e1ngel Cant\u00edn Sanz <\/strong><\/h2>\n<p>En la presente tesis se han desarrollado una secuencias sint\u00e9ticas que han permitido la confirmaci\u00f3n de las estructuras de los metabolitos aislados previamente de penicillium brevicompactum, bien sea por s\u00edntesis total de los mismos o por preparaci\u00f3n de sustancias an\u00e1logas que hacen inequ\u00edvoca la asignaci\u00f3n realizada en un principio. Por otro lado, se han utilizado las rutas sint\u00e9ticas abiertas para la consecuci\u00f3n de diferentes an\u00e1logos con el fin de establecer relaciones estructura-actividad que permitan la optimizaci\u00f3n de las actividades observadas para los productos naturales aislados.  todo ello ha concluido con la confirmaci\u00f3n de las importantes actividades presentadas por los productos naturales aislados, as\u00ed como la optimizaci\u00f3n de las actividades fungicidas e insecticidas por obtenci\u00f3n de an\u00e1logos sint\u00e9ticos.<\/p>\n<p>&nbsp;<\/p>\n<h3>Datos acad\u00e9micos de la tesis doctoral \u00ab<strong>S\u00edntesis de productos naturales y an\u00e1logos biol\u00f3gicamente activos, derivados de penicillium brevicompactum dierckx.<\/strong>\u00ab<\/h3>\n<ul>\n<li><strong>T\u00edtulo de la tesis:<\/strong>\u00a0 S\u00edntesis de productos naturales y an\u00e1logos biol\u00f3gicamente activos, derivados de penicillium brevicompactum dierckx. <\/li>\n<li><strong>Autor:<\/strong>\u00a0 \u00e1ngel Cant\u00edn Sanz <\/li>\n<li><strong>Universidad:<\/strong>\u00a0 Polit\u00e9cnica de Valencia<\/li>\n<li><strong>Fecha de lectura de la tesis:<\/strong>\u00a0 04\/12\/1998<\/li>\n<\/ul>\n<p>&nbsp;<\/p>\n<h3>Direcci\u00f3n y tribunal<\/h3>\n<ul>\n<li><strong>Director de la tesis<\/strong>\n<ul>\n<li>Eduardo Primo Y\u00fafera<\/li>\n<\/ul>\n<\/li>\n<li><strong>Tribunal<\/strong>\n<ul>\n<li>Presidente del tribunal: Jaime Primo millo <\/li>\n<li>alfred Elbert (vocal)<\/li>\n<li>Antonio Abad somovilla (vocal)<\/li>\n<li>Rafael Mart\u00ednez pardo (vocal)<\/li>\n<\/ul>\n<\/li>\n<\/ul>\n<p>&nbsp;<\/p>\n","protected":false},"excerpt":{"rendered":"<p>Tesis doctoral de \u00e1ngel Cant\u00edn Sanz En la presente tesis se han desarrollado una secuencias sint\u00e9ticas que han permitido la [&hellip;]<\/p>\n","protected":false},"author":1,"featured_media":0,"comment_status":"open","ping_status":"open","sticky":false,"template":"","format":"standard","meta":{"site-sidebar-layout":"default","site-content-layout":"","ast-site-content-layout":"","site-content-style":"default","site-sidebar-style":"default","ast-global-header-display":"","ast-banner-title-visibility":"","ast-main-header-display":"","ast-hfb-above-header-display":"","ast-hfb-below-header-display":"","ast-hfb-mobile-header-display":"","site-post-title":"","ast-breadcrumbs-content":"","ast-featured-img":"","footer-sml-layout":"","theme-transparent-header-meta":"","adv-header-id-meta":"","stick-header-meta":"","header-above-stick-meta":"","header-main-stick-meta":"","header-below-stick-meta":"","astra-migrate-meta-layouts":"default","ast-page-background-enabled":"default","ast-page-background-meta":{"desktop":{"background-color":"var(--ast-global-color-4)","background-image":"","background-repeat":"repeat","background-position":"center center","background-size":"auto","background-attachment":"scroll","background-type":"","background-media":"","overlay-type":"","overlay-color":"","overlay-gradient":""},"tablet":{"background-color":"","background-image":"","background-repeat":"repeat","background-position":"center center","background-size":"auto","background-attachment":"scroll","background-type":"","background-media":"","overlay-type":"","overlay-color":"","overlay-gradient":""},"mobile":{"background-color":"","background-image":"","background-repeat":"repeat","background-position":"center center","background-size":"auto","background-attachment":"scroll","background-type":"","background-media":"","overlay-type":"","overlay-color":"","overlay-gradient":""}},"ast-content-background-meta":{"desktop":{"background-color":"var(--ast-global-color-5)","background-image":"","background-repeat":"repeat","background-position":"center center","background-size":"auto","background-attachment":"scroll","background-type":"","background-media":"","overlay-type":"","overlay-color":"","overlay-gradient":""},"tablet":{"background-color":"var(--ast-global-color-5)","background-image":"","background-repeat":"repeat","background-position":"center center","background-size":"auto","background-attachment":"scroll","background-type":"","background-media":"","overlay-type":"","overlay-color":"","overlay-gradient":""},"mobile":{"background-color":"var(--ast-global-color-5)","background-image":"","background-repeat":"repeat","background-position":"center center","background-size":"auto","background-attachment":"scroll","background-type":"","background-media":"","overlay-type":"","overlay-color":"","overlay-gradient":""}},"footnotes":""},"categories":[16820,17,416,32692],"tags":[100657,100656,47343,650,6779,16927],"class_list":["post-38913","post","type-post","status-publish","format-standard","hentry","category-politecnica-de-valencia","category-quimica","category-quimica-organica","category-sintesis-y-estructura-de-productos-naturales","tag-alfred-elbert","tag-angel-cantin-sanz","tag-antonio-abad-somovilla","tag-eduardo-primo-yufera","tag-jaime-primo-millo","tag-rafael-Martinez-pardo"],"_links":{"self":[{"href":"https:\/\/www.deberes.net\/tesis\/wp-json\/wp\/v2\/posts\/38913","targetHints":{"allow":["GET"]}}],"collection":[{"href":"https:\/\/www.deberes.net\/tesis\/wp-json\/wp\/v2\/posts"}],"about":[{"href":"https:\/\/www.deberes.net\/tesis\/wp-json\/wp\/v2\/types\/post"}],"author":[{"embeddable":true,"href":"https:\/\/www.deberes.net\/tesis\/wp-json\/wp\/v2\/users\/1"}],"replies":[{"embeddable":true,"href":"https:\/\/www.deberes.net\/tesis\/wp-json\/wp\/v2\/comments?post=38913"}],"version-history":[{"count":0,"href":"https:\/\/www.deberes.net\/tesis\/wp-json\/wp\/v2\/posts\/38913\/revisions"}],"wp:attachment":[{"href":"https:\/\/www.deberes.net\/tesis\/wp-json\/wp\/v2\/media?parent=38913"}],"wp:term":[{"taxonomy":"category","embeddable":true,"href":"https:\/\/www.deberes.net\/tesis\/wp-json\/wp\/v2\/categories?post=38913"},{"taxonomy":"post_tag","embeddable":true,"href":"https:\/\/www.deberes.net\/tesis\/wp-json\/wp\/v2\/tags?post=38913"}],"curies":[{"name":"wp","href":"https:\/\/api.w.org\/{rel}","templated":true}]}}