{"id":38917,"date":"1998-09-12T00:00:00","date_gmt":"1998-09-12T00:00:00","guid":{"rendered":"https:\/\/www.deberes.net\/tesis\/sin-categoria\/minorias-etnicas-y-cine-de-ficcion-una-aproximacion-historico-antropologica-el-caso-de-los-gitanos\/"},"modified":"1998-09-12T00:00:00","modified_gmt":"1998-09-12T00:00:00","slug":"minorias-etnicas-y-cine-de-ficcion-una-aproximacion-historico-antropologica-el-caso-de-los-gitanos","status":"publish","type":"post","link":"https:\/\/www.deberes.net\/tesis\/historia\/minorias-etnicas-y-cine-de-ficcion-una-aproximacion-historico-antropologica-el-caso-de-los-gitanos\/","title":{"rendered":"Minorias etnicas y cine de ficcion: una aproximacion historico-antropologica. el caso de los gitanos."},"content":{"rendered":"<h2>Tesis doctoral de <strong> Jos\u00e9 Angel Garrido Almi\u00f1ana <\/strong><\/h2>\n<p>Esta tesis propone, en l\u00edneas generales, una nuevahip\u00f3tesis general para el estudio del cine desde una perspectiva hist\u00f3rica y antropol\u00f3gica que sirva de alternativa a la interpretaci\u00f3n subjetiva de pel\u00edculas y el excesivo \u00e9nfasis en la significaci\u00f3n de las mismas.  partiendo de las modernas teor\u00edas antropol\u00f3gicas acerca de la naturaleza del folclore y de las premisas de la teor\u00eda de david bordwell sobre el cine narrativo cl\u00e1sico, se propone una hip\u00f3tesis sobre la naturaleza del cine narrativo en general que establece que el \u00abcine es folclore\u00bb. Para ello se realiza una introducci\u00f3n a la cultura y la historia de los gitanos en la que se aislan una serie de elementos caracter\u00edsticos, distinguiendo entre los folcl\u00f3ricos y los antropol\u00f3gicos. A continuaci\u00f3n se analiza una serie de 44 pel\u00edculas sobre la etnia gitana en las que se muestra c\u00f3mo los elementos folcl\u00f3ricos predominan sobre los antropol\u00f3gicos en la caracterizaci\u00f3n cinematogr\u00e1fica de los gitanos.  para llevar a cabo este estudio se emplea una metodolog\u00eda basada en el an\u00e1lisis mediante campos sem\u00e1nticos y una adaptaci\u00f3n a los estudios cinematogr\u00e1ficos del m\u00e9todo transcultural del estructuralismo de l\u00e9vi-strauss.<\/p>\n<p>&nbsp;<\/p>\n<h3>Datos acad\u00e9micos de la tesis doctoral \u00ab<strong>Minorias etnicas y cine de ficcion: una aproximacion historico-antropologica. el caso de los gitanos.<\/strong>\u00ab<\/h3>\n<ul>\n<li><strong>T\u00edtulo de la tesis:<\/strong>\u00a0 Minorias etnicas y cine de ficcion: una aproximacion historico-antropologica. el caso de los gitanos. <\/li>\n<li><strong>Autor:<\/strong>\u00a0 Jos\u00e9 Angel Garrido Almi\u00f1ana <\/li>\n<li><strong>Universidad:<\/strong>\u00a0 Barcelona<\/li>\n<li><strong>Fecha de lectura de la tesis:<\/strong>\u00a0 09\/12\/1998<\/li>\n<\/ul>\n<p>&nbsp;<\/p>\n<h3>Direcci\u00f3n y tribunal<\/h3>\n<ul>\n<li><strong>Director de la tesis<\/strong>\n<ul>\n<li>Jos\u00e9 Mar\u00eda Caparr\u00f3s Lera<\/li>\n<\/ul>\n<\/li>\n<li><strong>Tribunal<\/strong>\n<ul>\n<li>Presidente del tribunal: jordi Casassas ymbert <\/li>\n<li>jordi Pericot canaleta (vocal)<\/li>\n<li>Jos\u00e9 Carlos Su\u00e1rez fern\u00e1ndez (vocal)<\/li>\n<li>  (vocal)<\/li>\n<\/ul>\n<\/li>\n<\/ul>\n<p>&nbsp;<\/p>\n","protected":false},"excerpt":{"rendered":"<p>Tesis doctoral de Jos\u00e9 Angel Garrido Almi\u00f1ana Esta tesis propone, en l\u00edneas generales, una nuevahip\u00f3tesis general para el estudio del [&hellip;]<\/p>\n","protected":false},"author":1,"featured_media":0,"comment_status":"open","ping_status":"open","sticky":false,"template":"","format":"standard","meta":{"site-sidebar-layout":"default","site-content-layout":"","ast-site-content-layout":"","site-content-style":"default","site-sidebar-style":"default","ast-global-header-display":"","ast-banner-title-visibility":"","ast-main-header-display":"","ast-hfb-above-header-display":"","ast-hfb-below-header-display":"","ast-hfb-mobile-header-display":"","site-post-title":"","ast-breadcrumbs-content":"","ast-featured-img":"","footer-sml-layout":"","theme-transparent-header-meta":"","adv-header-id-meta":"","stick-header-meta":"","header-above-stick-meta":"","header-main-stick-meta":"","header-below-stick-meta":"","astra-migrate-meta-layouts":"default","ast-page-background-enabled":"default","ast-page-background-meta":{"desktop":{"background-color":"var(--ast-global-color-4)","background-image":"","background-repeat":"repeat","background-position":"center center","background-size":"auto","background-attachment":"scroll","background-type":"","background-media":"","overlay-type":"","overlay-color":"","overlay-gradient":""},"tablet":{"background-color":"","background-image":"","background-repeat":"repeat","background-position":"center center","background-size":"auto","background-attachment":"scroll","background-type":"","background-media":"","overlay-type":"","overlay-color":"","overlay-gradient":""},"mobile":{"background-color":"","background-image":"","background-repeat":"repeat","background-position":"center center","background-size":"auto","background-attachment":"scroll","background-type":"","background-media":"","overlay-type":"","overlay-color":"","overlay-gradient":""}},"ast-content-background-meta":{"desktop":{"background-color":"var(--ast-global-color-5)","background-image":"","background-repeat":"repeat","background-position":"center center","background-size":"auto","background-attachment":"scroll","background-type":"","background-media":"","overlay-type":"","overlay-color":"","overlay-gradient":""},"tablet":{"background-color":"var(--ast-global-color-5)","background-image":"","background-repeat":"repeat","background-position":"center center","background-size":"auto","background-attachment":"scroll","background-type":"","background-media":"","overlay-type":"","overlay-color":"","overlay-gradient":""},"mobile":{"background-color":"var(--ast-global-color-5)","background-image":"","background-repeat":"repeat","background-position":"center center","background-size":"auto","background-attachment":"scroll","background-type":"","background-media":"","overlay-type":"","overlay-color":"","overlay-gradient":""}},"footnotes":""},"categories":[951,838,104,1014,222],"tags":[19127,26198,100665,34093,7492],"class_list":["post-38917","post","type-post","status-publish","format-standard","hentry","category-barcelona","category-ciencia-politica","category-historia","category-historia-del-arte","category-historias-especializadas","tag-jordi-casassas-ymbert","tag-jordi-pericot-canaleta","tag-jose-angel-garrido-alminana","tag-jose-carlos-suarez-fernandez","tag-jose-maria-caparros-lera"],"_links":{"self":[{"href":"https:\/\/www.deberes.net\/tesis\/wp-json\/wp\/v2\/posts\/38917","targetHints":{"allow":["GET"]}}],"collection":[{"href":"https:\/\/www.deberes.net\/tesis\/wp-json\/wp\/v2\/posts"}],"about":[{"href":"https:\/\/www.deberes.net\/tesis\/wp-json\/wp\/v2\/types\/post"}],"author":[{"embeddable":true,"href":"https:\/\/www.deberes.net\/tesis\/wp-json\/wp\/v2\/users\/1"}],"replies":[{"embeddable":true,"href":"https:\/\/www.deberes.net\/tesis\/wp-json\/wp\/v2\/comments?post=38917"}],"version-history":[{"count":0,"href":"https:\/\/www.deberes.net\/tesis\/wp-json\/wp\/v2\/posts\/38917\/revisions"}],"wp:attachment":[{"href":"https:\/\/www.deberes.net\/tesis\/wp-json\/wp\/v2\/media?parent=38917"}],"wp:term":[{"taxonomy":"category","embeddable":true,"href":"https:\/\/www.deberes.net\/tesis\/wp-json\/wp\/v2\/categories?post=38917"},{"taxonomy":"post_tag","embeddable":true,"href":"https:\/\/www.deberes.net\/tesis\/wp-json\/wp\/v2\/tags?post=38917"}],"curies":[{"name":"wp","href":"https:\/\/api.w.org\/{rel}","templated":true}]}}