{"id":38989,"date":"2018-03-09T09:38:51","date_gmt":"2018-03-09T09:38:51","guid":{"rendered":"https:\/\/www.deberes.net\/tesis\/sin-categoria\/la-cataluna-ideologia-i-poder-en-la-cataluna-noucentista-1907-1914\/"},"modified":"2018-03-09T09:38:51","modified_gmt":"2018-03-09T09:38:51","slug":"la-cataluna-ideologia-i-poder-en-la-cataluna-noucentista-1907-1914","status":"publish","type":"post","link":"https:\/\/www.deberes.net\/tesis\/historia\/la-cataluna-ideologia-i-poder-en-la-cataluna-noucentista-1907-1914\/","title":{"rendered":"\u00abla catalu\u00f1a\u00bb ideolog\u00eda i poder en la catalu\u00f1a noucentista (1907-1914)."},"content":{"rendered":"<h2>Tesis doctoral de <strong> Antoni Guirao Motis <\/strong><\/h2>\n<p>Estudio de la revista semanal \u00abla catalu\u00f1a\u00bb, publicada entre 1907 y 1914, como portavoz intelectual de los sectores novecentistas y profesionales del catalanismo, en una \u00e9poca en que estos pretend\u00edan tener un gran protagonismo en la vida p\u00fablica catalana y espa\u00f1ola.  respecto del sistema pol\u00edtico de la restauraci\u00f3n, los profesionales catalanistas y los novecentistas, mostraran sus intenciones de participar en la modernizaci\u00f3n y descentralizaci\u00f3n del estado e intentar\u00e1n contactar con los sectores afines de la intelectualidad reformista espa\u00f1ola que podemos personalizar en ortega y gasset, aza\u00f1a o unamuno, entre otros.  el catalanismo de la generaci\u00f3n novecentista, aportar\u00e1 la visi\u00f3n de un estado dotado de un nuevo intervencionismo en sectores como el econ\u00f3mico, en el cultural y el social.  respecto de catalu\u00f1a, el novecentismo, se inscribir\u00e1 dentro de la l\u00ednea pol\u00edtica marcada por prat de la riba, implicada en la creaci\u00f3n de las instituciones, en la difusi\u00f3n social de la cultura y en la modernizaci\u00f3n de la lengua y de la literatura catalan.  la tesis sobre \u00abla catalu\u00f1a\u00bb incidir\u00e1 sobre los debate que generar\u00e1n estos temas, dentro de la perspectiva de la historia de la cultura, as\u00ed como en otros esenciales para las sociedades de principios de nuestro siblo, relacionados con la secularizaci\u00f3n y ladescentralizaci\u00f3n del estado, la modernizaci\u00f3n de la economia, la pedagog\u00eda el desarrollo de una pol\u00edtica imperialista, africanista o americanista, entre muchos otros aspectos, que al tiempo, generar\u00e1n la necesidad de formar profesionales en las mejores universidades europeas i norteamericanas.<\/p>\n<p>&nbsp;<\/p>\n<h3>Datos acad\u00e9micos de la tesis doctoral \u00ab<strong>\u00abla catalu\u00f1a\u00bb ideolog\u00eda i poder en la catalu\u00f1a noucentista (1907-1914).<\/strong>\u00ab<\/h3>\n<ul>\n<li><strong>T\u00edtulo de la tesis:<\/strong>\u00a0 \u00abla catalu\u00f1a\u00bb ideolog\u00eda i poder en la catalu\u00f1a noucentista (1907-1914). <\/li>\n<li><strong>Autor:<\/strong>\u00a0 Antoni Guirao Motis <\/li>\n<li><strong>Universidad:<\/strong>\u00a0 Barcelona<\/li>\n<li><strong>Fecha de lectura de la tesis:<\/strong>\u00a0 17\/12\/1998<\/li>\n<\/ul>\n<p>&nbsp;<\/p>\n<h3>Direcci\u00f3n y tribunal<\/h3>\n<ul>\n<li><strong>Director de la tesis<\/strong>\n<ul>\n<li>Jordi Casassas Ymbert<\/li>\n<\/ul>\n<\/li>\n<li><strong>Tribunal<\/strong>\n<ul>\n<li>Presidente del tribunal: josep Termes ardevol <\/li>\n<li>joan Manuel Tresserras gaju (vocal)<\/li>\n<li>Santiago Riera tuebols (vocal)<\/li>\n<li>sebastia Serra busquets (vocal)<\/li>\n<\/ul>\n<\/li>\n<\/ul>\n<p>&nbsp;<\/p>\n","protected":false},"excerpt":{"rendered":"<p>Tesis doctoral de Antoni Guirao Motis Estudio de la revista semanal \u00abla catalu\u00f1a\u00bb, publicada entre 1907 y 1914, como portavoz [&hellip;]<\/p>\n","protected":false},"author":1,"featured_media":0,"comment_status":"open","ping_status":"open","sticky":false,"template":"","format":"standard","meta":{"site-sidebar-layout":"default","site-content-layout":"","ast-site-content-layout":"","site-content-style":"default","site-sidebar-style":"default","ast-global-header-display":"","ast-banner-title-visibility":"","ast-main-header-display":"","ast-hfb-above-header-display":"","ast-hfb-below-header-display":"","ast-hfb-mobile-header-display":"","site-post-title":"","ast-breadcrumbs-content":"","ast-featured-img":"","footer-sml-layout":"","theme-transparent-header-meta":"","adv-header-id-meta":"","stick-header-meta":"","header-above-stick-meta":"","header-main-stick-meta":"","header-below-stick-meta":"","astra-migrate-meta-layouts":"default","ast-page-background-enabled":"default","ast-page-background-meta":{"desktop":{"background-color":"var(--ast-global-color-4)","background-image":"","background-repeat":"repeat","background-position":"center center","background-size":"auto","background-attachment":"scroll","background-type":"","background-media":"","overlay-type":"","overlay-color":"","overlay-gradient":""},"tablet":{"background-color":"","background-image":"","background-repeat":"repeat","background-position":"center center","background-size":"auto","background-attachment":"scroll","background-type":"","background-media":"","overlay-type":"","overlay-color":"","overlay-gradient":""},"mobile":{"background-color":"","background-image":"","background-repeat":"repeat","background-position":"center center","background-size":"auto","background-attachment":"scroll","background-type":"","background-media":"","overlay-type":"","overlay-color":"","overlay-gradient":""}},"ast-content-background-meta":{"desktop":{"background-color":"var(--ast-global-color-5)","background-image":"","background-repeat":"repeat","background-position":"center center","background-size":"auto","background-attachment":"scroll","background-type":"","background-media":"","overlay-type":"","overlay-color":"","overlay-gradient":""},"tablet":{"background-color":"var(--ast-global-color-5)","background-image":"","background-repeat":"repeat","background-position":"center center","background-size":"auto","background-attachment":"scroll","background-type":"","background-media":"","overlay-type":"","overlay-color":"","overlay-gradient":""},"mobile":{"background-color":"var(--ast-global-color-5)","background-image":"","background-repeat":"repeat","background-position":"center center","background-size":"auto","background-attachment":"scroll","background-type":"","background-media":"","overlay-type":"","overlay-color":"","overlay-gradient":""}},"footnotes":""},"categories":[951,104,1816,639,220],"tags":[100799,13605,19127,315,33592,19124],"class_list":["post-38989","post","type-post","status-publish","format-standard","hentry","category-barcelona","category-historia","category-historia-contemporanea","category-historia-de-paises","category-historia-por-epocas","tag-antoni-guirao-motis","tag-joan-manuel-tresserras-gaju","tag-jordi-casassas-ymbert","tag-josep-termes-ardevol","tag-santiago-riera-tuebols","tag-sebastia-serra-busquets"],"_links":{"self":[{"href":"https:\/\/www.deberes.net\/tesis\/wp-json\/wp\/v2\/posts\/38989","targetHints":{"allow":["GET"]}}],"collection":[{"href":"https:\/\/www.deberes.net\/tesis\/wp-json\/wp\/v2\/posts"}],"about":[{"href":"https:\/\/www.deberes.net\/tesis\/wp-json\/wp\/v2\/types\/post"}],"author":[{"embeddable":true,"href":"https:\/\/www.deberes.net\/tesis\/wp-json\/wp\/v2\/users\/1"}],"replies":[{"embeddable":true,"href":"https:\/\/www.deberes.net\/tesis\/wp-json\/wp\/v2\/comments?post=38989"}],"version-history":[{"count":0,"href":"https:\/\/www.deberes.net\/tesis\/wp-json\/wp\/v2\/posts\/38989\/revisions"}],"wp:attachment":[{"href":"https:\/\/www.deberes.net\/tesis\/wp-json\/wp\/v2\/media?parent=38989"}],"wp:term":[{"taxonomy":"category","embeddable":true,"href":"https:\/\/www.deberes.net\/tesis\/wp-json\/wp\/v2\/categories?post=38989"},{"taxonomy":"post_tag","embeddable":true,"href":"https:\/\/www.deberes.net\/tesis\/wp-json\/wp\/v2\/tags?post=38989"}],"curies":[{"name":"wp","href":"https:\/\/api.w.org\/{rel}","templated":true}]}}