{"id":39000,"date":"2018-03-09T09:38:52","date_gmt":"2018-03-09T09:38:52","guid":{"rendered":"https:\/\/www.deberes.net\/tesis\/sin-categoria\/sobre-la-adquisicion-de-imperfecto-e-indefinido-en-contexto-de-instruccion-formal-estudio-longitudinal\/"},"modified":"2018-03-09T09:38:52","modified_gmt":"2018-03-09T09:38:52","slug":"sobre-la-adquisicion-de-imperfecto-e-indefinido-en-contexto-de-instruccion-formal-estudio-longitudinal","status":"publish","type":"post","link":"https:\/\/www.deberes.net\/tesis\/linguistica\/sobre-la-adquisicion-de-imperfecto-e-indefinido-en-contexto-de-instruccion-formal-estudio-longitudinal\/","title":{"rendered":"Sobre la adquisicion de imperfecto e indefinido en contexto de instruccion formal: estudio longitudinal."},"content":{"rendered":"<h2>Tesis doctoral de <strong> Mar\u00eda  Dolores Chamorro Guerrero <\/strong><\/h2>\n<p>El inter\u00e9s con que se inici\u00f3 esta investigaci\u00f3n fue investigar en el conocimiento de los factores que inciden en los procesos de adquisici\u00f3n de la dicotom\u00eda de imperfecto e indefinido en contextos instrucci\u00f3n.  a partir de la observaci\u00f3n del proceso de ense\u00f1anza-aprendizaje, es decir, de la relaci\u00f3n entre la instrucci\u00f3n espec\u00edfica sobre el uso de estos tiempos y su incorporaci\u00f3n al discurso y a la interlengua del aprendiz, he pretendido identificar las diferentes fase por las que \u00e9ste atraviesa para adquirir la instancia, en la medida de lo posible, determinar las implicaciones did\u00e1cticas que se derivan del an\u00e1lisis de los datos. Se ha llevado, pues, el an\u00e1lisis en un doble sentido: el del tratamiento did\u00e1ctico, desde el discurso del profesor a las descripciones gramaticales que lo informan, y el del proceso de adquisici\u00f3n en s\u00ed mismo, en un intento de aunar dos \u00e1mbitos que no suelen ir de la mano el de la adquisici\u00f3n de segundas lenguas y el de la pedagog\u00eda.<\/p>\n<p>&nbsp;<\/p>\n<h3>Datos acad\u00e9micos de la tesis doctoral \u00ab<strong>Sobre la adquisicion de imperfecto e indefinido en contexto de instruccion formal: estudio longitudinal.<\/strong>\u00ab<\/h3>\n<ul>\n<li><strong>T\u00edtulo de la tesis:<\/strong>\u00a0 Sobre la adquisicion de imperfecto e indefinido en contexto de instruccion formal: estudio longitudinal. <\/li>\n<li><strong>Autor:<\/strong>\u00a0 Mar\u00eda  Dolores Chamorro Guerrero <\/li>\n<li><strong>Universidad:<\/strong>\u00a0 Granada<\/li>\n<li><strong>Fecha de lectura de la tesis:<\/strong>\u00a0 17\/12\/1998<\/li>\n<\/ul>\n<p>&nbsp;<\/p>\n<h3>Direcci\u00f3n y tribunal<\/h3>\n<ul>\n<li><strong>Director de la tesis<\/strong>\n<ul>\n<li>Jenaro Ortega Olivares<\/li>\n<\/ul>\n<\/li>\n<li><strong>Tribunal<\/strong>\n<ul>\n<li>Presidente del tribunal: Antonio Moya corral <\/li>\n<li>lourdes Diaz rodriguez (vocal)<\/li>\n<li>guadalupe Ruiz fajardo (vocal)<\/li>\n<li>ventura Salazar Garc\u00eda (vocal)<\/li>\n<\/ul>\n<\/li>\n<\/ul>\n<p>&nbsp;<\/p>\n","protected":false},"excerpt":{"rendered":"<p>Tesis doctoral de Mar\u00eda Dolores Chamorro Guerrero El inter\u00e9s con que se inici\u00f3 esta investigaci\u00f3n fue investigar en el conocimiento [&hellip;]<\/p>\n","protected":false},"author":1,"featured_media":0,"comment_status":"open","ping_status":"open","sticky":false,"template":"","format":"standard","meta":{"site-sidebar-layout":"default","site-content-layout":"","ast-site-content-layout":"","site-content-style":"default","site-sidebar-style":"default","ast-global-header-display":"","ast-banner-title-visibility":"","ast-main-header-display":"","ast-hfb-above-header-display":"","ast-hfb-below-header-display":"","ast-hfb-mobile-header-display":"","site-post-title":"","ast-breadcrumbs-content":"","ast-featured-img":"","footer-sml-layout":"","theme-transparent-header-meta":"","adv-header-id-meta":"","stick-header-meta":"","header-above-stick-meta":"","header-main-stick-meta":"","header-below-stick-meta":"","astra-migrate-meta-layouts":"default","ast-page-background-enabled":"default","ast-page-background-meta":{"desktop":{"background-color":"var(--ast-global-color-4)","background-image":"","background-repeat":"repeat","background-position":"center center","background-size":"auto","background-attachment":"scroll","background-type":"","background-media":"","overlay-type":"","overlay-color":"","overlay-gradient":""},"tablet":{"background-color":"","background-image":"","background-repeat":"repeat","background-position":"center center","background-size":"auto","background-attachment":"scroll","background-type":"","background-media":"","overlay-type":"","overlay-color":"","overlay-gradient":""},"mobile":{"background-color":"","background-image":"","background-repeat":"repeat","background-position":"center center","background-size":"auto","background-attachment":"scroll","background-type":"","background-media":"","overlay-type":"","overlay-color":"","overlay-gradient":""}},"ast-content-background-meta":{"desktop":{"background-color":"var(--ast-global-color-5)","background-image":"","background-repeat":"repeat","background-position":"center center","background-size":"auto","background-attachment":"scroll","background-type":"","background-media":"","overlay-type":"","overlay-color":"","overlay-gradient":""},"tablet":{"background-color":"var(--ast-global-color-5)","background-image":"","background-repeat":"repeat","background-position":"center center","background-size":"auto","background-attachment":"scroll","background-type":"","background-media":"","overlay-type":"","overlay-color":"","overlay-gradient":""},"mobile":{"background-color":"var(--ast-global-color-5)","background-image":"","background-repeat":"repeat","background-position":"center center","background-size":"auto","background-attachment":"scroll","background-type":"","background-media":"","overlay-type":"","overlay-color":"","overlay-gradient":""}},"footnotes":""},"categories":[1891,59,60],"tags":[100817,100811,3519,3520,100816,22383],"class_list":["post-39000","post","type-post","status-publish","format-standard","hentry","category-ensenanza-de-lenguas","category-linguistica","category-linguistica-aplicada","tag-antonio-moya-corral","tag-guadalupe-ruiz-fajardo","tag-jenaro-ortega-olivares","tag-lourdes-diaz-rodriguez","tag-maria-dolores-chamorro-guerrero","tag-ventura-salazar-garcia"],"_links":{"self":[{"href":"https:\/\/www.deberes.net\/tesis\/wp-json\/wp\/v2\/posts\/39000","targetHints":{"allow":["GET"]}}],"collection":[{"href":"https:\/\/www.deberes.net\/tesis\/wp-json\/wp\/v2\/posts"}],"about":[{"href":"https:\/\/www.deberes.net\/tesis\/wp-json\/wp\/v2\/types\/post"}],"author":[{"embeddable":true,"href":"https:\/\/www.deberes.net\/tesis\/wp-json\/wp\/v2\/users\/1"}],"replies":[{"embeddable":true,"href":"https:\/\/www.deberes.net\/tesis\/wp-json\/wp\/v2\/comments?post=39000"}],"version-history":[{"count":0,"href":"https:\/\/www.deberes.net\/tesis\/wp-json\/wp\/v2\/posts\/39000\/revisions"}],"wp:attachment":[{"href":"https:\/\/www.deberes.net\/tesis\/wp-json\/wp\/v2\/media?parent=39000"}],"wp:term":[{"taxonomy":"category","embeddable":true,"href":"https:\/\/www.deberes.net\/tesis\/wp-json\/wp\/v2\/categories?post=39000"},{"taxonomy":"post_tag","embeddable":true,"href":"https:\/\/www.deberes.net\/tesis\/wp-json\/wp\/v2\/tags?post=39000"}],"curies":[{"name":"wp","href":"https:\/\/api.w.org\/{rel}","templated":true}]}}