{"id":39054,"date":"2018-03-09T09:38:57","date_gmt":"2018-03-09T09:38:57","guid":{"rendered":"https:\/\/www.deberes.net\/tesis\/sin-categoria\/la-primera-miniatura-gotica-en-cataluna-y-en-valencia\/"},"modified":"2018-03-09T09:38:57","modified_gmt":"2018-03-09T09:38:57","slug":"la-primera-miniatura-gotica-en-cataluna-y-en-valencia","status":"publish","type":"post","link":"https:\/\/www.deberes.net\/tesis\/historia\/la-primera-miniatura-gotica-en-cataluna-y-en-valencia\/","title":{"rendered":"La primera miniatura gotica en catalu\u00f1a y en Valencia."},"content":{"rendered":"<h2>Tesis doctoral de <strong> M. Josep Vidal Devesa <\/strong><\/h2>\n<p>A partir del estudio de 173 manuscritos con ilustraciones que se hallan conservados en diferentes archivos de catalu\u00f1a, Valencia, otros \u00e1mbitos dentro de lo que era la corona de arag\u00f3n, y otras bibliotecas y archivos de otros pa\u00edses al mismo tiempo que estudiando un total de 313 documentos transcritos y otros tantos in\u00e9ditos del archivo de la corona de arag\u00f3n, la tesis propone, por vez primera, un ensayo de clasificaci\u00f3n de los mismos por grupos y por cronolog\u00edas, atendiendo a sus caracter\u00edsticas estil\u00edsticas, las cuales, a partir del estudio comparativo de los mismos, pueden establecerse y se establecen como finalidad \u00faltima de este tabajo. La tesis se desarrolla en tres vol\u00famenes, el primero de los cuales desarrolla, desde su introducci\u00f3n tecnol\u00f3gica y a partir de su descripci\u00f3n, y la de todos los elementos decorativos que aparecen en los manuscritos iluminados con su explicaci\u00f3n y significado pertinente, la propuesta de clasificaci\u00f3n y de sistematizaci\u00f3n por vez primera. El segundo volumen que acompa\u00f1a al texto consta de 313 documentos transcritos en referencia al tema del trabajo, muchos de ellos in\u00e9ditos. El vol. 3 son 319 im\u00e1genes de los 173 manuscritos del trabajo.<\/p>\n<p>&nbsp;<\/p>\n<h3>Datos acad\u00e9micos de la tesis doctoral \u00ab<strong>La primera miniatura gotica en catalu\u00f1a y en Valencia.<\/strong>\u00ab<\/h3>\n<ul>\n<li><strong>T\u00edtulo de la tesis:<\/strong>\u00a0 La primera miniatura gotica en catalu\u00f1a y en Valencia. <\/li>\n<li><strong>Autor:<\/strong>\u00a0 M. Josep Vidal Devesa <\/li>\n<li><strong>Universidad:<\/strong>\u00a0 Barcelona<\/li>\n<li><strong>Fecha de lectura de la tesis:<\/strong>\u00a0 21\/12\/1998<\/li>\n<\/ul>\n<p>&nbsp;<\/p>\n<h3>Direcci\u00f3n y tribunal<\/h3>\n<ul>\n<li><strong>Director de la tesis<\/strong>\n<ul>\n<li>Antonio Jos\u00e9 Pitarch<\/li>\n<\/ul>\n<\/li>\n<li><strong>Tribunal<\/strong>\n<ul>\n<li>Presidente del tribunal: joan Sureda i pons <\/li>\n<li>antoni Riera melis (vocal)<\/li>\n<li>enric Tormo ballester (vocal)<\/li>\n<li>francesca Aleixandre tena (vocal)<\/li>\n<\/ul>\n<\/li>\n<\/ul>\n<p>&nbsp;<\/p>\n","protected":false},"excerpt":{"rendered":"<p>Tesis doctoral de M. Josep Vidal Devesa A partir del estudio de 173 manuscritos con ilustraciones que se hallan conservados [&hellip;]<\/p>\n","protected":false},"author":1,"featured_media":0,"comment_status":"open","ping_status":"open","sticky":false,"template":"","format":"standard","meta":{"site-sidebar-layout":"default","site-content-layout":"","ast-site-content-layout":"","site-content-style":"default","site-sidebar-style":"default","ast-global-header-display":"","ast-banner-title-visibility":"","ast-main-header-display":"","ast-hfb-above-header-display":"","ast-hfb-below-header-display":"","ast-hfb-mobile-header-display":"","site-post-title":"","ast-breadcrumbs-content":"","ast-featured-img":"","footer-sml-layout":"","theme-transparent-header-meta":"","adv-header-id-meta":"","stick-header-meta":"","header-above-stick-meta":"","header-main-stick-meta":"","header-below-stick-meta":"","astra-migrate-meta-layouts":"default","ast-page-background-enabled":"default","ast-page-background-meta":{"desktop":{"background-color":"var(--ast-global-color-4)","background-image":"","background-repeat":"repeat","background-position":"center center","background-size":"auto","background-attachment":"scroll","background-type":"","background-media":"","overlay-type":"","overlay-color":"","overlay-gradient":""},"tablet":{"background-color":"","background-image":"","background-repeat":"repeat","background-position":"center center","background-size":"auto","background-attachment":"scroll","background-type":"","background-media":"","overlay-type":"","overlay-color":"","overlay-gradient":""},"mobile":{"background-color":"","background-image":"","background-repeat":"repeat","background-position":"center center","background-size":"auto","background-attachment":"scroll","background-type":"","background-media":"","overlay-type":"","overlay-color":"","overlay-gradient":""}},"ast-content-background-meta":{"desktop":{"background-color":"var(--ast-global-color-5)","background-image":"","background-repeat":"repeat","background-position":"center center","background-size":"auto","background-attachment":"scroll","background-type":"","background-media":"","overlay-type":"","overlay-color":"","overlay-gradient":""},"tablet":{"background-color":"var(--ast-global-color-5)","background-image":"","background-repeat":"repeat","background-position":"center center","background-size":"auto","background-attachment":"scroll","background-type":"","background-media":"","overlay-type":"","overlay-color":"","overlay-gradient":""},"mobile":{"background-color":"var(--ast-global-color-5)","background-image":"","background-repeat":"repeat","background-position":"center center","background-size":"auto","background-attachment":"scroll","background-type":"","background-media":"","overlay-type":"","overlay-color":"","overlay-gradient":""}},"footnotes":""},"categories":[951,104,1014,220,222],"tags":[18954,63415,31261,27012,6786,100920],"class_list":["post-39054","post","type-post","status-publish","format-standard","hentry","category-barcelona","category-historia","category-historia-del-arte","category-historia-por-epocas","category-historias-especializadas","tag-antoni-riera-melis","tag-antonio-jose-pitarch","tag-enric-tormo-ballester","tag-francesca-aleixandre-tena","tag-joan-sureda-i-pons","tag-m-josep-vidal-devesa"],"_links":{"self":[{"href":"https:\/\/www.deberes.net\/tesis\/wp-json\/wp\/v2\/posts\/39054","targetHints":{"allow":["GET"]}}],"collection":[{"href":"https:\/\/www.deberes.net\/tesis\/wp-json\/wp\/v2\/posts"}],"about":[{"href":"https:\/\/www.deberes.net\/tesis\/wp-json\/wp\/v2\/types\/post"}],"author":[{"embeddable":true,"href":"https:\/\/www.deberes.net\/tesis\/wp-json\/wp\/v2\/users\/1"}],"replies":[{"embeddable":true,"href":"https:\/\/www.deberes.net\/tesis\/wp-json\/wp\/v2\/comments?post=39054"}],"version-history":[{"count":0,"href":"https:\/\/www.deberes.net\/tesis\/wp-json\/wp\/v2\/posts\/39054\/revisions"}],"wp:attachment":[{"href":"https:\/\/www.deberes.net\/tesis\/wp-json\/wp\/v2\/media?parent=39054"}],"wp:term":[{"taxonomy":"category","embeddable":true,"href":"https:\/\/www.deberes.net\/tesis\/wp-json\/wp\/v2\/categories?post=39054"},{"taxonomy":"post_tag","embeddable":true,"href":"https:\/\/www.deberes.net\/tesis\/wp-json\/wp\/v2\/tags?post=39054"}],"curies":[{"name":"wp","href":"https:\/\/api.w.org\/{rel}","templated":true}]}}