{"id":39102,"date":"1999-01-01T00:00:00","date_gmt":"1999-01-01T00:00:00","guid":{"rendered":"https:\/\/www.deberes.net\/tesis\/sin-categoria\/el-flujo-informativo-en-los-textos-las-reticulas-conjuntivas\/"},"modified":"1999-01-01T00:00:00","modified_gmt":"1999-01-01T00:00:00","slug":"el-flujo-informativo-en-los-textos-las-reticulas-conjuntivas","status":"publish","type":"post","link":"https:\/\/www.deberes.net\/tesis\/linguistica\/el-flujo-informativo-en-los-textos-las-reticulas-conjuntivas\/","title":{"rendered":"El flujo informativo en los textos: las reticulas conjuntivas."},"content":{"rendered":"<h2>Tesis doctoral de <strong>  Ortega Gil Francisco Pablo <\/strong><\/h2>\n<p>Para entender y dar expresi\u00f3n gr\u00e1fica al flujo informativo en los textos, he constru\u00eddo un modelo compuesto por varias herramientas:  &#8211; la progresi\u00f3n tem\u00e1tica, que explica la imbricaci\u00f3n de los sucesivos temas y remas de un fragmento.  &#8211; el m\u00e9todo de desarrollo, que investiga el papel de los sucesivos puntos de partida o temas.  &#8211; el prop\u00f3sito, que se interesa por la contribuci\u00f3n de las sucesivas prominencias informativas.  &#8211; la conjunci\u00f3n, que estudia el significado y la funci\u00f3n de los adjuntos conjuntivos. este modelo recibe el nombre de ret\u00edcula conjuntiva porque saca a la superficie un conjunto de lazos textuales que recuerdan, por su disposici\u00f3n y su forma, a la malla de una red. El modelo se aplica a tres textos con caracter\u00edsticas muy dispares: un fragmento de un manual de sociolog\u00eda, otro de national geographic, y por \u00faltimo de sanctuary. Cada uno de ellos muestra pautas de organizaci\u00f3n singulares que se recogen en las conclusiones.<\/p>\n<p>&nbsp;<\/p>\n<h3>Datos acad\u00e9micos de la tesis doctoral \u00ab<strong>El flujo informativo en los textos: las reticulas conjuntivas.<\/strong>\u00ab<\/h3>\n<ul>\n<li><strong>T\u00edtulo de la tesis:<\/strong>\u00a0 El flujo informativo en los textos: las reticulas conjuntivas. <\/li>\n<li><strong>Autor:<\/strong>\u00a0  Ortega Gil Francisco Pablo <\/li>\n<li><strong>Universidad:<\/strong>\u00a0 Alicante<\/li>\n<li><strong>Fecha de lectura de la tesis:<\/strong>\u00a0 01\/01\/1999<\/li>\n<\/ul>\n<p>&nbsp;<\/p>\n<h3>Direcci\u00f3n y tribunal<\/h3>\n<ul>\n<li><strong>Director de la tesis<\/strong>\n<ul>\n<li>Enrique Alcar\u00e1z Var\u00f3<\/li>\n<\/ul>\n<\/li>\n<li><strong>Tribunal<\/strong>\n<ul>\n<li>Presidente del tribunal: Francisco Fernandez fernandez <\/li>\n<li>\u00e1ngel lu\u00eds Prieto de paula (vocal)<\/li>\n<li>roman Alvarez rodriguez (vocal)<\/li>\n<li>victoria Guill\u00e9n nieto (vocal)<\/li>\n<\/ul>\n<\/li>\n<\/ul>\n<p>&nbsp;<\/p>\n","protected":false},"excerpt":{"rendered":"<p>Tesis doctoral de Ortega Gil Francisco Pablo Para entender y dar expresi\u00f3n gr\u00e1fica al flujo informativo en los textos, he [&hellip;]<\/p>\n","protected":false},"author":1,"featured_media":0,"comment_status":"open","ping_status":"open","sticky":false,"template":"","format":"standard","meta":{"site-sidebar-layout":"default","site-content-layout":"","ast-site-content-layout":"","site-content-style":"default","site-sidebar-style":"default","ast-global-header-display":"","ast-banner-title-visibility":"","ast-main-header-display":"","ast-hfb-above-header-display":"","ast-hfb-below-header-display":"","ast-hfb-mobile-header-display":"","site-post-title":"","ast-breadcrumbs-content":"","ast-featured-img":"","footer-sml-layout":"","theme-transparent-header-meta":"","adv-header-id-meta":"","stick-header-meta":"","header-above-stick-meta":"","header-main-stick-meta":"","header-below-stick-meta":"","astra-migrate-meta-layouts":"default","ast-page-background-enabled":"default","ast-page-background-meta":{"desktop":{"background-color":"var(--ast-global-color-4)","background-image":"","background-repeat":"repeat","background-position":"center center","background-size":"auto","background-attachment":"scroll","background-type":"","background-media":"","overlay-type":"","overlay-color":"","overlay-gradient":""},"tablet":{"background-color":"","background-image":"","background-repeat":"repeat","background-position":"center center","background-size":"auto","background-attachment":"scroll","background-type":"","background-media":"","overlay-type":"","overlay-color":"","overlay-gradient":""},"mobile":{"background-color":"","background-image":"","background-repeat":"repeat","background-position":"center center","background-size":"auto","background-attachment":"scroll","background-type":"","background-media":"","overlay-type":"","overlay-color":"","overlay-gradient":""}},"ast-content-background-meta":{"desktop":{"background-color":"var(--ast-global-color-5)","background-image":"","background-repeat":"repeat","background-position":"center center","background-size":"auto","background-attachment":"scroll","background-type":"","background-media":"","overlay-type":"","overlay-color":"","overlay-gradient":""},"tablet":{"background-color":"var(--ast-global-color-5)","background-image":"","background-repeat":"repeat","background-position":"center center","background-size":"auto","background-attachment":"scroll","background-type":"","background-media":"","overlay-type":"","overlay-color":"","overlay-gradient":""},"mobile":{"background-color":"var(--ast-global-color-5)","background-image":"","background-repeat":"repeat","background-position":"center center","background-size":"auto","background-attachment":"scroll","background-type":"","background-media":"","overlay-type":"","overlay-color":"","overlay-gradient":""}},"footnotes":""},"categories":[19166,59,62],"tags":[18649,11745,2441,101005,11023,57490],"class_list":["post-39102","post","type-post","status-publish","format-standard","hentry","category-alicante","category-linguistica","category-linguistica-sincronica","tag-angel-luis-prieto-de-paula","tag-enrique-alcaraz-varo","tag-francisco-fernandez-fernandez","tag-ortega-gil-francisco-pablo","tag-roman-alvarez-rodriguez","tag-victoria-guillen-nieto"],"_links":{"self":[{"href":"https:\/\/www.deberes.net\/tesis\/wp-json\/wp\/v2\/posts\/39102","targetHints":{"allow":["GET"]}}],"collection":[{"href":"https:\/\/www.deberes.net\/tesis\/wp-json\/wp\/v2\/posts"}],"about":[{"href":"https:\/\/www.deberes.net\/tesis\/wp-json\/wp\/v2\/types\/post"}],"author":[{"embeddable":true,"href":"https:\/\/www.deberes.net\/tesis\/wp-json\/wp\/v2\/users\/1"}],"replies":[{"embeddable":true,"href":"https:\/\/www.deberes.net\/tesis\/wp-json\/wp\/v2\/comments?post=39102"}],"version-history":[{"count":0,"href":"https:\/\/www.deberes.net\/tesis\/wp-json\/wp\/v2\/posts\/39102\/revisions"}],"wp:attachment":[{"href":"https:\/\/www.deberes.net\/tesis\/wp-json\/wp\/v2\/media?parent=39102"}],"wp:term":[{"taxonomy":"category","embeddable":true,"href":"https:\/\/www.deberes.net\/tesis\/wp-json\/wp\/v2\/categories?post=39102"},{"taxonomy":"post_tag","embeddable":true,"href":"https:\/\/www.deberes.net\/tesis\/wp-json\/wp\/v2\/tags?post=39102"}],"curies":[{"name":"wp","href":"https:\/\/api.w.org\/{rel}","templated":true}]}}