{"id":39105,"date":"1999-01-01T00:00:00","date_gmt":"1999-01-01T00:00:00","guid":{"rendered":"https:\/\/www.deberes.net\/tesis\/sin-categoria\/la-proteccion-del-inversor-aspectos-juridico-societarios\/"},"modified":"1999-01-01T00:00:00","modified_gmt":"1999-01-01T00:00:00","slug":"la-proteccion-del-inversor-aspectos-juridico-societarios","status":"publish","type":"post","link":"https:\/\/www.deberes.net\/tesis\/ciencias-juridicas-y-derecho\/la-proteccion-del-inversor-aspectos-juridico-societarios\/","title":{"rendered":"La proteccion del inversor: aspectos juridico-societarios."},"content":{"rendered":"<h2>Tesis doctoral de <strong> Nuria Fern\u00e1ndez P\u00e9rez <\/strong><\/h2>\n<p>La protecci\u00f3n del inversor en acciones sigue constituyendo en la actualidad un problema pendiente en nuestro ordenamiento, pese a su notable importancia desde un punto de vista ec\u00f3mico-jur\u00eddico. el objeto de la tesis doctoral es llevar a cabo un an\u00e1lisis de las disposiciones normativas en las que se contempla el principio de protecci\u00f3n al accionista inversor. Se trata de dotar de sistematicidad a un compendio de instrumentos dispersos en la normativa societaria y burs\u00e1til, as\u00ed como en otras disciplinas, a fin de tener elementos de juicio para valorar la suficiencia de la protecci\u00f3n que el ordenamiento jur\u00eddico dispensa a estos inversores y, proponer, en su caso, alternativas que mejoren tal tutela. En este sentido, se estudian los siguientes aspectos: la transparencia informativa que pesa sobre las sociedades emisoras y los intermediarios financieros; las posibilidades de control interno sobre la funci\u00f3n gestora por parte de los accionistas; el r\u00e9gimen de las ofertas p\u00fablicas de adquisici\u00f3n, a s\u00ed como la prohibici\u00f3n del abuso de informaci\u00f3n privilegiada, para concluir con el r\u00e9gimen de las empresas de servicios de inversi\u00f3n.#<\/p>\n<p>&nbsp;<\/p>\n<h3>Datos acad\u00e9micos de la tesis doctoral \u00ab<strong>La proteccion del inversor: aspectos juridico-societarios.<\/strong>\u00ab<\/h3>\n<ul>\n<li><strong>T\u00edtulo de la tesis:<\/strong>\u00a0 La proteccion del inversor: aspectos juridico-societarios. <\/li>\n<li><strong>Autor:<\/strong>\u00a0 Nuria Fern\u00e1ndez P\u00e9rez <\/li>\n<li><strong>Universidad:<\/strong>\u00a0 Alicante<\/li>\n<li><strong>Fecha de lectura de la tesis:<\/strong>\u00a0 01\/01\/1999<\/li>\n<\/ul>\n<p>&nbsp;<\/p>\n<h3>Direcci\u00f3n y tribunal<\/h3>\n<ul>\n<li><strong>Director de la tesis<\/strong>\n<ul>\n<li>Luis Fernandez De La Gandara<\/li>\n<\/ul>\n<\/li>\n<li><strong>Tribunal<\/strong>\n<ul>\n<li>Presidente del tribunal: fernando S\u00e1nchez calero <\/li>\n<li>Luis Antonio Velasco san pedro (vocal)<\/li>\n<li>gaudencio Esteban velasco (vocal)<\/li>\n<li>Juan Fern\u00e1ndez-armesto (vocal)<\/li>\n<\/ul>\n<\/li>\n<\/ul>\n<p>&nbsp;<\/p>\n","protected":false},"excerpt":{"rendered":"<p>Tesis doctoral de Nuria Fern\u00e1ndez P\u00e9rez La protecci\u00f3n del inversor en acciones sigue constituyendo en la actualidad un problema pendiente [&hellip;]<\/p>\n","protected":false},"author":1,"featured_media":0,"comment_status":"open","ping_status":"open","sticky":false,"template":"","format":"standard","meta":{"site-sidebar-layout":"default","site-content-layout":"","ast-site-content-layout":"","site-content-style":"default","site-sidebar-style":"default","ast-global-header-display":"","ast-banner-title-visibility":"","ast-main-header-display":"","ast-hfb-above-header-display":"","ast-hfb-below-header-display":"","ast-hfb-mobile-header-display":"","site-post-title":"","ast-breadcrumbs-content":"","ast-featured-img":"","footer-sml-layout":"","theme-transparent-header-meta":"","adv-header-id-meta":"","stick-header-meta":"","header-above-stick-meta":"","header-main-stick-meta":"","header-below-stick-meta":"","astra-migrate-meta-layouts":"default","ast-page-background-enabled":"default","ast-page-background-meta":{"desktop":{"background-color":"var(--ast-global-color-4)","background-image":"","background-repeat":"repeat","background-position":"center center","background-size":"auto","background-attachment":"scroll","background-type":"","background-media":"","overlay-type":"","overlay-color":"","overlay-gradient":""},"tablet":{"background-color":"","background-image":"","background-repeat":"repeat","background-position":"center center","background-size":"auto","background-attachment":"scroll","background-type":"","background-media":"","overlay-type":"","overlay-color":"","overlay-gradient":""},"mobile":{"background-color":"","background-image":"","background-repeat":"repeat","background-position":"center center","background-size":"auto","background-attachment":"scroll","background-type":"","background-media":"","overlay-type":"","overlay-color":"","overlay-gradient":""}},"ast-content-background-meta":{"desktop":{"background-color":"var(--ast-global-color-5)","background-image":"","background-repeat":"repeat","background-position":"center center","background-size":"auto","background-attachment":"scroll","background-type":"","background-media":"","overlay-type":"","overlay-color":"","overlay-gradient":""},"tablet":{"background-color":"var(--ast-global-color-5)","background-image":"","background-repeat":"repeat","background-position":"center center","background-size":"auto","background-attachment":"scroll","background-type":"","background-media":"","overlay-type":"","overlay-color":"","overlay-gradient":""},"mobile":{"background-color":"var(--ast-global-color-5)","background-image":"","background-repeat":"repeat","background-position":"center center","background-size":"auto","background-attachment":"scroll","background-type":"","background-media":"","overlay-type":"","overlay-color":"","overlay-gradient":""}},"footnotes":""},"categories":[19166,612,2826,979],"tags":[20664,4993,90335,18308,27761,101009],"class_list":["post-39105","post","type-post","status-publish","format-standard","hentry","category-alicante","category-ciencias-juridicas-y-derecho","category-derecho-mercantil","category-derecho-y-legislacion-nacionales","tag-fernando-sanchez-calero","tag-gaudencio-esteban-velasco","tag-juan-fernandez-armesto","tag-luis-antonio-velasco-san-pedro","tag-luis-fernandez-de-la-gandara","tag-nuria-fernandez-perez"],"_links":{"self":[{"href":"https:\/\/www.deberes.net\/tesis\/wp-json\/wp\/v2\/posts\/39105","targetHints":{"allow":["GET"]}}],"collection":[{"href":"https:\/\/www.deberes.net\/tesis\/wp-json\/wp\/v2\/posts"}],"about":[{"href":"https:\/\/www.deberes.net\/tesis\/wp-json\/wp\/v2\/types\/post"}],"author":[{"embeddable":true,"href":"https:\/\/www.deberes.net\/tesis\/wp-json\/wp\/v2\/users\/1"}],"replies":[{"embeddable":true,"href":"https:\/\/www.deberes.net\/tesis\/wp-json\/wp\/v2\/comments?post=39105"}],"version-history":[{"count":0,"href":"https:\/\/www.deberes.net\/tesis\/wp-json\/wp\/v2\/posts\/39105\/revisions"}],"wp:attachment":[{"href":"https:\/\/www.deberes.net\/tesis\/wp-json\/wp\/v2\/media?parent=39105"}],"wp:term":[{"taxonomy":"category","embeddable":true,"href":"https:\/\/www.deberes.net\/tesis\/wp-json\/wp\/v2\/categories?post=39105"},{"taxonomy":"post_tag","embeddable":true,"href":"https:\/\/www.deberes.net\/tesis\/wp-json\/wp\/v2\/tags?post=39105"}],"curies":[{"name":"wp","href":"https:\/\/api.w.org\/{rel}","templated":true}]}}