{"id":39109,"date":"1999-01-01T00:00:00","date_gmt":"1999-01-01T00:00:00","guid":{"rendered":"https:\/\/www.deberes.net\/tesis\/sin-categoria\/formas-multilineales-y-polinomios-debilmente-secuencialmente-continuos\/"},"modified":"1999-01-01T00:00:00","modified_gmt":"1999-01-01T00:00:00","slug":"formas-multilineales-y-polinomios-debilmente-secuencialmente-continuos","status":"publish","type":"post","link":"https:\/\/www.deberes.net\/tesis\/matematicas\/formas-multilineales-y-polinomios-debilmente-secuencialmente-continuos\/","title":{"rendered":"Formas multilineales y polinomios debilmente secuencialmente continuos."},"content":{"rendered":"<h2>Tesis doctoral de <strong> Ricardo Garc\u00eda Gonz\u00e1lez <\/strong><\/h2>\n<p>La memoria est\u00e1 dedicada al estudio de las formas multilineales y polinomios en espacios de babach, centr\u00e1ndose sobre todo en sus propiedades de continuidad d\u00e9bil.  el trabajo comienza con un an\u00e1lisis detallado de los espacios en los cuales toda forma multilineal (resp. Polinomio) es d\u00e9bilmente secuencialmente continua, los llamados m-espacios (resp. P-espacios). se obtienen as\u00ed distintas caracterizaciones de tales espacios que explican y amplian los resultados conocidos. Se desarrollan t\u00e9cnicas que permiten encontrar nuevos ejemplos de m-espacios que permiten resolver problemas abiertos de lateor\u00eda, planteados por autores como aron, d\u00edaz, dineen, gonz\u00e1lez, jaramillo , zalduendo,&#8230;  se estudian tambi\u00e9n cuestiones directamente relacionadas con los m-espacios como el teorema de pelczynski-pitt, la extensi\u00f3n de polinomios y la posibilidad de que el dual de un espacio determine, salvo isomorfismos, a los espacios de las formas multilineales y polinomios.<\/p>\n<p>&nbsp;<\/p>\n<h3>Datos acad\u00e9micos de la tesis doctoral \u00ab<strong>Formas multilineales y polinomios debilmente secuencialmente continuos.<\/strong>\u00ab<\/h3>\n<ul>\n<li><strong>T\u00edtulo de la tesis:<\/strong>\u00a0 Formas multilineales y polinomios debilmente secuencialmente continuos. <\/li>\n<li><strong>Autor:<\/strong>\u00a0 Ricardo Garc\u00eda Gonz\u00e1lez <\/li>\n<li><strong>Universidad:<\/strong>\u00a0 Extremadura<\/li>\n<li><strong>Fecha de lectura de la tesis:<\/strong>\u00a0 01\/01\/1999<\/li>\n<\/ul>\n<p>&nbsp;<\/p>\n<h3>Direcci\u00f3n y tribunal<\/h3>\n<ul>\n<li><strong>Director de la tesis<\/strong>\n<ul>\n<li> Fernandez Castillo Jes\u00fas M.<\/li>\n<\/ul>\n<\/li>\n<li><strong>Tribunal<\/strong>\n<ul>\n<li>Presidente del tribunal: rafael Pay\u00e1 albert <\/li>\n<li> Jaramillo aguado Jes\u00fas angel (vocal)<\/li>\n<li>Juan  Carlos D\u00edaz  alcaide (vocal)<\/li>\n<li>raquel Gonzalo palomar (vocal)<\/li>\n<\/ul>\n<\/li>\n<\/ul>\n<p>&nbsp;<\/p>\n","protected":false},"excerpt":{"rendered":"<p>Tesis doctoral de Ricardo Garc\u00eda Gonz\u00e1lez La memoria est\u00e1 dedicada al estudio de las formas multilineales y polinomios en espacios [&hellip;]<\/p>\n","protected":false},"author":1,"featured_media":0,"comment_status":"open","ping_status":"open","sticky":false,"template":"","format":"standard","meta":{"site-sidebar-layout":"default","site-content-layout":"","ast-site-content-layout":"","site-content-style":"default","site-sidebar-style":"default","ast-global-header-display":"","ast-banner-title-visibility":"","ast-main-header-display":"","ast-hfb-above-header-display":"","ast-hfb-below-header-display":"","ast-hfb-mobile-header-display":"","site-post-title":"","ast-breadcrumbs-content":"","ast-featured-img":"","footer-sml-layout":"","theme-transparent-header-meta":"","adv-header-id-meta":"","stick-header-meta":"","header-above-stick-meta":"","header-main-stick-meta":"","header-below-stick-meta":"","astra-migrate-meta-layouts":"default","ast-page-background-enabled":"default","ast-page-background-meta":{"desktop":{"background-color":"var(--ast-global-color-4)","background-image":"","background-repeat":"repeat","background-position":"center center","background-size":"auto","background-attachment":"scroll","background-type":"","background-media":"","overlay-type":"","overlay-color":"","overlay-gradient":""},"tablet":{"background-color":"","background-image":"","background-repeat":"repeat","background-position":"center center","background-size":"auto","background-attachment":"scroll","background-type":"","background-media":"","overlay-type":"","overlay-color":"","overlay-gradient":""},"mobile":{"background-color":"","background-image":"","background-repeat":"repeat","background-position":"center center","background-size":"auto","background-attachment":"scroll","background-type":"","background-media":"","overlay-type":"","overlay-color":"","overlay-gradient":""}},"ast-content-background-meta":{"desktop":{"background-color":"var(--ast-global-color-5)","background-image":"","background-repeat":"repeat","background-position":"center center","background-size":"auto","background-attachment":"scroll","background-type":"","background-media":"","overlay-type":"","overlay-color":"","overlay-gradient":""},"tablet":{"background-color":"var(--ast-global-color-5)","background-image":"","background-repeat":"repeat","background-position":"center center","background-size":"auto","background-attachment":"scroll","background-type":"","background-media":"","overlay-type":"","overlay-color":"","overlay-gradient":""},"mobile":{"background-color":"var(--ast-global-color-5)","background-image":"","background-repeat":"repeat","background-position":"center center","background-size":"auto","background-attachment":"scroll","background-type":"","background-media":"","overlay-type":"","overlay-color":"","overlay-gradient":""}},"footnotes":""},"categories":[2809,3564,3183,949,126,10522],"tags":[19588,6191,35293,3389,6190,2354],"class_list":["post-39109","post","type-post","status-publish","format-standard","hentry","category-algebra","category-algebras-y-espacios-de-banach","category-analisis-y-analisis-funcional","category-extremadura","category-matematicas","category-polinomios","tag-fernandez-castillo-jesus-m","tag-jaramillo-aguado-jesus-angel","tag-juan-carlos-diaz-alcaide","tag-rafael-paya-albert","tag-raquel-gonzalo-palomar","tag-ricardo-garcia-gonzalez"],"_links":{"self":[{"href":"https:\/\/www.deberes.net\/tesis\/wp-json\/wp\/v2\/posts\/39109","targetHints":{"allow":["GET"]}}],"collection":[{"href":"https:\/\/www.deberes.net\/tesis\/wp-json\/wp\/v2\/posts"}],"about":[{"href":"https:\/\/www.deberes.net\/tesis\/wp-json\/wp\/v2\/types\/post"}],"author":[{"embeddable":true,"href":"https:\/\/www.deberes.net\/tesis\/wp-json\/wp\/v2\/users\/1"}],"replies":[{"embeddable":true,"href":"https:\/\/www.deberes.net\/tesis\/wp-json\/wp\/v2\/comments?post=39109"}],"version-history":[{"count":0,"href":"https:\/\/www.deberes.net\/tesis\/wp-json\/wp\/v2\/posts\/39109\/revisions"}],"wp:attachment":[{"href":"https:\/\/www.deberes.net\/tesis\/wp-json\/wp\/v2\/media?parent=39109"}],"wp:term":[{"taxonomy":"category","embeddable":true,"href":"https:\/\/www.deberes.net\/tesis\/wp-json\/wp\/v2\/categories?post=39109"},{"taxonomy":"post_tag","embeddable":true,"href":"https:\/\/www.deberes.net\/tesis\/wp-json\/wp\/v2\/tags?post=39109"}],"curies":[{"name":"wp","href":"https:\/\/api.w.org\/{rel}","templated":true}]}}