{"id":39124,"date":"1999-01-01T00:00:00","date_gmt":"1999-01-01T00:00:00","guid":{"rendered":"https:\/\/www.deberes.net\/tesis\/sin-categoria\/estudio-molecular-del-polimorfismo-de-cyp2d6-en-la-enfermedad-de-parkinson-y-en-temblor-esencial\/"},"modified":"1999-01-01T00:00:00","modified_gmt":"1999-01-01T00:00:00","slug":"estudio-molecular-del-polimorfismo-de-cyp2d6-en-la-enfermedad-de-parkinson-y-en-temblor-esencial","status":"publish","type":"post","link":"https:\/\/www.deberes.net\/tesis\/ciencias-medicas\/estudio-molecular-del-polimorfismo-de-cyp2d6-en-la-enfermedad-de-parkinson-y-en-temblor-esencial\/","title":{"rendered":"Estudio molecular del polimorfismo de cyp2d6 en la enfermedad de parkinson y en temblor esencial."},"content":{"rendered":"<h2>Tesis doctoral de <strong> Rocio Tejeda Pascual <\/strong><\/h2>\n<p>Conociendo la actividad oxidativa de la enzima cyp2d6 sobre compuestos quimicos capaces de producir un sindrome de parkinsonismo, se realiz\u00f3 un estudio de la frecuencia de distribuci\u00f3n del genotipo cyp2d6 en pacientes con enfermedad de parkinson (ep) de inicio precoz y tardio. Debido a la existencia de estudios epidemiologicos poco concluyentes sobre una posible relaci\u00f3n entre la ep y el temblor esencial (te), se ampli\u00f3 el estudio genotipico sobre cyp2d6 a pacientes con te. Los resultados fueron 1. Aumento estadisticamente del genotipo cyp2d6*1\/cyp2o6*4 en pacientes con ep precoz 2. Los pacientes con ep tardio, te precoz y tardio, y controles sanos tenian frecuencias genot\u00edpicas semejantes.  por tanto, se baraj\u00f3 la hip\u00f3tesis de una posible interacci\u00f3n gen\u00e9tico-ambiental en la etiolog\u00eda de la enfermedad de parkinson, que sin embargo, no estaria presente de forma significativa en la etiolog\u00eda del temblor esencial.<\/p>\n<p>&nbsp;<\/p>\n<h3>Datos acad\u00e9micos de la tesis doctoral \u00ab<strong>Estudio molecular del polimorfismo de cyp2d6 en la enfermedad de parkinson y en temblor esencial.<\/strong>\u00ab<\/h3>\n<ul>\n<li><strong>T\u00edtulo de la tesis:<\/strong>\u00a0 Estudio molecular del polimorfismo de cyp2d6 en la enfermedad de parkinson y en temblor esencial. <\/li>\n<li><strong>Autor:<\/strong>\u00a0 Rocio Tejeda Pascual <\/li>\n<li><strong>Universidad:<\/strong>\u00a0 Extremadura<\/li>\n<li><strong>Fecha de lectura de la tesis:<\/strong>\u00a0 01\/01\/1999<\/li>\n<\/ul>\n<p>&nbsp;<\/p>\n<h3>Direcci\u00f3n y tribunal<\/h3>\n<ul>\n<li><strong>Director de la tesis<\/strong>\n<ul>\n<li>Julio Benitez Rodriguez<\/li>\n<\/ul>\n<\/li>\n<li><strong>Tribunal<\/strong>\n<ul>\n<li>Presidente del tribunal: pedro S\u00e1nchez Garc\u00eda <\/li>\n<li>Elena Garcia martin (vocal)<\/li>\n<li>Mar\u00eda  Jes\u00fas Caballero loscos (vocal)<\/li>\n<li>felix Javier Jim\u00e9nez jim\u00e9nez (vocal)<\/li>\n<\/ul>\n<\/li>\n<\/ul>\n<p>&nbsp;<\/p>\n","protected":false},"excerpt":{"rendered":"<p>Tesis doctoral de Rocio Tejeda Pascual Conociendo la actividad oxidativa de la enzima cyp2d6 sobre compuestos quimicos capaces de producir [&hellip;]<\/p>\n","protected":false},"author":1,"featured_media":0,"comment_status":"open","ping_status":"open","sticky":false,"template":"","format":"standard","meta":{"site-sidebar-layout":"default","site-content-layout":"","ast-site-content-layout":"","site-content-style":"default","site-sidebar-style":"default","ast-global-header-display":"","ast-banner-title-visibility":"","ast-main-header-display":"","ast-hfb-above-header-display":"","ast-hfb-below-header-display":"","ast-hfb-mobile-header-display":"","site-post-title":"","ast-breadcrumbs-content":"","ast-featured-img":"","footer-sml-layout":"","theme-transparent-header-meta":"","adv-header-id-meta":"","stick-header-meta":"","header-above-stick-meta":"","header-main-stick-meta":"","header-below-stick-meta":"","astra-migrate-meta-layouts":"default","ast-page-background-enabled":"default","ast-page-background-meta":{"desktop":{"background-color":"var(--ast-global-color-4)","background-image":"","background-repeat":"repeat","background-position":"center center","background-size":"auto","background-attachment":"scroll","background-type":"","background-media":"","overlay-type":"","overlay-color":"","overlay-gradient":""},"tablet":{"background-color":"","background-image":"","background-repeat":"repeat","background-position":"center center","background-size":"auto","background-attachment":"scroll","background-type":"","background-media":"","overlay-type":"","overlay-color":"","overlay-gradient":""},"mobile":{"background-color":"","background-image":"","background-repeat":"repeat","background-position":"center center","background-size":"auto","background-attachment":"scroll","background-type":"","background-media":"","overlay-type":"","overlay-color":"","overlay-gradient":""}},"ast-content-background-meta":{"desktop":{"background-color":"var(--ast-global-color-5)","background-image":"","background-repeat":"repeat","background-position":"center center","background-size":"auto","background-attachment":"scroll","background-type":"","background-media":"","overlay-type":"","overlay-color":"","overlay-gradient":""},"tablet":{"background-color":"var(--ast-global-color-5)","background-image":"","background-repeat":"repeat","background-position":"center center","background-size":"auto","background-attachment":"scroll","background-type":"","background-media":"","overlay-type":"","overlay-color":"","overlay-gradient":""},"mobile":{"background-color":"var(--ast-global-color-5)","background-image":"","background-repeat":"repeat","background-position":"center center","background-size":"auto","background-attachment":"scroll","background-type":"","background-media":"","overlay-type":"","overlay-color":"","overlay-gradient":""}},"footnotes":""},"categories":[36483,35,9,949,139,1880,965,156],"tags":[7289,19411,10701,19488,4664,101044],"class_list":["post-39124","post","type-post","status-publish","format-standard","hentry","category-biologia-molecular","category-ciencias-de-la-vida","category-ciencias-medicas","category-extremadura","category-medicina-interna","category-neurologia","category-neuropatologia","category-patologia","tag-elena-garcia-martin","tag-felix-javier-jimenez-jimenez","tag-julio-benitez-rodriguez","tag-maria-jesus-caballero-loscos","tag-pedro-sanchez-garcia","tag-rocio-tejeda-pascual"],"_links":{"self":[{"href":"https:\/\/www.deberes.net\/tesis\/wp-json\/wp\/v2\/posts\/39124","targetHints":{"allow":["GET"]}}],"collection":[{"href":"https:\/\/www.deberes.net\/tesis\/wp-json\/wp\/v2\/posts"}],"about":[{"href":"https:\/\/www.deberes.net\/tesis\/wp-json\/wp\/v2\/types\/post"}],"author":[{"embeddable":true,"href":"https:\/\/www.deberes.net\/tesis\/wp-json\/wp\/v2\/users\/1"}],"replies":[{"embeddable":true,"href":"https:\/\/www.deberes.net\/tesis\/wp-json\/wp\/v2\/comments?post=39124"}],"version-history":[{"count":0,"href":"https:\/\/www.deberes.net\/tesis\/wp-json\/wp\/v2\/posts\/39124\/revisions"}],"wp:attachment":[{"href":"https:\/\/www.deberes.net\/tesis\/wp-json\/wp\/v2\/media?parent=39124"}],"wp:term":[{"taxonomy":"category","embeddable":true,"href":"https:\/\/www.deberes.net\/tesis\/wp-json\/wp\/v2\/categories?post=39124"},{"taxonomy":"post_tag","embeddable":true,"href":"https:\/\/www.deberes.net\/tesis\/wp-json\/wp\/v2\/tags?post=39124"}],"curies":[{"name":"wp","href":"https:\/\/api.w.org\/{rel}","templated":true}]}}