{"id":39131,"date":"1999-01-01T00:00:00","date_gmt":"1999-01-01T00:00:00","guid":{"rendered":"https:\/\/www.deberes.net\/tesis\/sin-categoria\/depresion-infantil-y-necesidades-educativas-especiales-analisis-de-algunos-factores\/"},"modified":"1999-01-01T00:00:00","modified_gmt":"1999-01-01T00:00:00","slug":"depresion-infantil-y-necesidades-educativas-especiales-analisis-de-algunos-factores","status":"publish","type":"post","link":"https:\/\/www.deberes.net\/tesis\/psicologia\/depresion-infantil-y-necesidades-educativas-especiales-analisis-de-algunos-factores\/","title":{"rendered":"Depresion infantil y necesidades educativas especiales: analisis de algunos factores."},"content":{"rendered":"<h2>Tesis doctoral de <strong>  Gonzalez Hermosell Juan  Dios <\/strong><\/h2>\n<p>El estudio de investigaci\u00f3n sobre depresi\u00f3n infantil y necesidades educativas especiales trata de analizar si en los alumnos con necesidades educativas especiales incide de una manera m\u00e1s directa, es decir, si existe mayor sintomatolog\u00eda depresiva en \u00e9stos que en la poblaci\u00f3n general. Tambi\u00e9n trata de estudiar la tasa de preValencia de depresi\u00f3n infantil en la provincia de badajoz. La tesis se realiza muestreando a 1225 ni\u00f1os\/as de 5. De primaria, distribuidos en 8 sectores educativos de la provincia de badajoz. Intervienen en \u00e9ste 47 psic\u00f3logos y pedagogos de los eoep de la provincia de badajoz. Se aplica el cdi de kovacs, un cuestionario para ni\u00f1os de 5. De primaria y una entrevista semiestructurada para los tutores, ambos dise\u00f1ados para esta investigaci\u00f3n.  en las conclusiones destacan:  1. Se da un 4,6% en la poblaci\u00f3n general. La puntuaci\u00f3n media es de 8,4020. Menor p. Media en poblaci\u00f3n rural (8,1018) que en zonas urbanas (pm. 9,5863).  2. Los alumnos con necesidades educativas especiales puntuan m\u00e1s altos (pm. 13,2332), de \u00e9stos destacan los que sus n.E.E. Se derivan de historia escolar desajustada y un ambiente sociofamiliar desfavorecido.<\/p>\n<p>&nbsp;<\/p>\n<h3>Datos acad\u00e9micos de la tesis doctoral \u00ab<strong>Depresion infantil y necesidades educativas especiales: analisis de algunos factores.<\/strong>\u00ab<\/h3>\n<ul>\n<li><strong>T\u00edtulo de la tesis:<\/strong>\u00a0 Depresion infantil y necesidades educativas especiales: analisis de algunos factores. <\/li>\n<li><strong>Autor:<\/strong>\u00a0  Gonzalez Hermosell Juan  Dios <\/li>\n<li><strong>Universidad:<\/strong>\u00a0 Extremadura<\/li>\n<li><strong>Fecha de lectura de la tesis:<\/strong>\u00a0 01\/01\/1999<\/li>\n<\/ul>\n<p>&nbsp;<\/p>\n<h3>Direcci\u00f3n y tribunal<\/h3>\n<ul>\n<li><strong>Director de la tesis<\/strong>\n<ul>\n<li>Florencio Vicente Castro<\/li>\n<\/ul>\n<\/li>\n<li><strong>Tribunal<\/strong>\n<ul>\n<li>Presidente del tribunal: Francisco Miras mart\u00ednez <\/li>\n<li>david Vence vali\u00f1as (vocal)<\/li>\n<li>nazario Yuste rossell (vocal)<\/li>\n<li> Fajar do caldera m. isabel (vocal)<\/li>\n<\/ul>\n<\/li>\n<\/ul>\n<p>&nbsp;<\/p>\n","protected":false},"excerpt":{"rendered":"<p>Tesis doctoral de Gonzalez Hermosell Juan Dios El estudio de investigaci\u00f3n sobre depresi\u00f3n infantil y necesidades educativas especiales trata de [&hellip;]<\/p>\n","protected":false},"author":1,"featured_media":0,"comment_status":"open","ping_status":"open","sticky":false,"template":"","format":"standard","meta":{"site-sidebar-layout":"default","site-content-layout":"","ast-site-content-layout":"","site-content-style":"default","site-sidebar-style":"default","ast-global-header-display":"","ast-banner-title-visibility":"","ast-main-header-display":"","ast-hfb-above-header-display":"","ast-hfb-below-header-display":"","ast-hfb-mobile-header-display":"","site-post-title":"","ast-breadcrumbs-content":"","ast-featured-img":"","footer-sml-layout":"","theme-transparent-header-meta":"","adv-header-id-meta":"","stick-header-meta":"","header-above-stick-meta":"","header-main-stick-meta":"","header-below-stick-meta":"","astra-migrate-meta-layouts":"default","ast-page-background-enabled":"default","ast-page-background-meta":{"desktop":{"background-color":"var(--ast-global-color-4)","background-image":"","background-repeat":"repeat","background-position":"center center","background-size":"auto","background-attachment":"scroll","background-type":"","background-media":"","overlay-type":"","overlay-color":"","overlay-gradient":""},"tablet":{"background-color":"","background-image":"","background-repeat":"repeat","background-position":"center center","background-size":"auto","background-attachment":"scroll","background-type":"","background-media":"","overlay-type":"","overlay-color":"","overlay-gradient":""},"mobile":{"background-color":"","background-image":"","background-repeat":"repeat","background-position":"center center","background-size":"auto","background-attachment":"scroll","background-type":"","background-media":"","overlay-type":"","overlay-color":"","overlay-gradient":""}},"ast-content-background-meta":{"desktop":{"background-color":"var(--ast-global-color-5)","background-image":"","background-repeat":"repeat","background-position":"center center","background-size":"auto","background-attachment":"scroll","background-type":"","background-media":"","overlay-type":"","overlay-color":"","overlay-gradient":""},"tablet":{"background-color":"var(--ast-global-color-5)","background-image":"","background-repeat":"repeat","background-position":"center center","background-size":"auto","background-attachment":"scroll","background-type":"","background-media":"","overlay-type":"","overlay-color":"","overlay-gradient":""},"mobile":{"background-color":"var(--ast-global-color-5)","background-image":"","background-repeat":"repeat","background-position":"center center","background-size":"auto","background-attachment":"scroll","background-type":"","background-media":"","overlay-type":"","overlay-color":"","overlay-gradient":""}},"footnotes":""},"categories":[949,324,970,460,2758],"tags":[2761,101052,7144,21713,101051,46233],"class_list":["post-39131","post","type-post","status-publish","format-standard","hentry","category-extremadura","category-psicologia","category-psicologia-del-nino-y-del-adolescente","category-psicologia-escolar","category-psicologia-evolutiva","tag-david-vence-valinas","tag-fajar-do-caldera-m-isabel","tag-florencio-vicente-castro","tag-francisco-miras-Martinez","tag-gonzalez-hermosell-juan-dios","tag-nazario-yuste-rossell"],"_links":{"self":[{"href":"https:\/\/www.deberes.net\/tesis\/wp-json\/wp\/v2\/posts\/39131","targetHints":{"allow":["GET"]}}],"collection":[{"href":"https:\/\/www.deberes.net\/tesis\/wp-json\/wp\/v2\/posts"}],"about":[{"href":"https:\/\/www.deberes.net\/tesis\/wp-json\/wp\/v2\/types\/post"}],"author":[{"embeddable":true,"href":"https:\/\/www.deberes.net\/tesis\/wp-json\/wp\/v2\/users\/1"}],"replies":[{"embeddable":true,"href":"https:\/\/www.deberes.net\/tesis\/wp-json\/wp\/v2\/comments?post=39131"}],"version-history":[{"count":0,"href":"https:\/\/www.deberes.net\/tesis\/wp-json\/wp\/v2\/posts\/39131\/revisions"}],"wp:attachment":[{"href":"https:\/\/www.deberes.net\/tesis\/wp-json\/wp\/v2\/media?parent=39131"}],"wp:term":[{"taxonomy":"category","embeddable":true,"href":"https:\/\/www.deberes.net\/tesis\/wp-json\/wp\/v2\/categories?post=39131"},{"taxonomy":"post_tag","embeddable":true,"href":"https:\/\/www.deberes.net\/tesis\/wp-json\/wp\/v2\/tags?post=39131"}],"curies":[{"name":"wp","href":"https:\/\/api.w.org\/{rel}","templated":true}]}}